{"id":17539,"date":"2024-02-16T17:51:27","date_gmt":"2024-02-17T01:51:27","guid":{"rendered":"https:\/\/centralialaw.com\/la-readaptacion-profesional-es-una-opcion-de-la-indemnizacion-por-accidente-de-trabajo-para-ayudarte-a-volver-al-trabajo\/"},"modified":"2025-05-30T12:11:15","modified_gmt":"2025-05-30T19:11:15","slug":"la-readaptacion-profesional-es-una-opcion-de-la-indemnizacion-por-accidente-de-trabajo-para-ayudarte-a-volver-al-trabajo","status":"publish","type":"post","link":"https:\/\/centralialaw.com\/es\/la-readaptacion-profesional-es-una-opcion-de-la-indemnizacion-por-accidente-de-trabajo-para-ayudarte-a-volver-al-trabajo\/","title":{"rendered":"La readaptaci\u00f3n profesional es una opci\u00f3n de la indemnizaci\u00f3n por accidente de trabajo para ayudarte a volver al trabajo."},"content":{"rendered":"\n<p>Si tienes derecho a la readaptaci\u00f3n profesional, tu asesor de readaptaci\u00f3n profesional (VRC) te explicar\u00e1 el proceso de readaptaci\u00f3n profesional. El CRV trabajar\u00e1 contigo para desarrollar un plan de readaptaci\u00f3n dirigido a ayudarte a volver al trabajo. Tambi\u00e9n te ayudar\u00e1n a comprender tus opciones de formaci\u00f3n, incluyendo cu\u00e1ndo y c\u00f3mo puedes elegir la opci\u00f3n que prefieras.<\/p>\n\n<p>Una vez que aprobemos el plan de formaci\u00f3n, tienes <a href=\"https:\/\/lni.wa.gov\/claims\/for-workers\/getting-back-to-work\/training-options\">2 opciones<\/a>:<\/p>\n\n<ul class=\"wp-block-list\">\n<li>La opci\u00f3n 1 es seguir tu plan aprobado por L&amp;I.<\/li>\n\n\n\n<li>La Opci\u00f3n 2 te permite desarrollar tu propio plan.<\/li>\n<\/ul>\n\n<p>\u00bfConoces todos tus derechos y las prestaciones de indemnizaci\u00f3n por accidente laboral que tienes a tu disposici\u00f3n tras una lesi\u00f3n laboral?<\/p>\n\n<h2 class=\"wp-block-heading\">Consulta gratuita<\/h2>\n\n<p>Para una consulta gratuita sobre lesiones con Althauser Rayan Abbarno, llama al (360) 736-1301 o visita nuestro sitio web en <a href=\"https:\/\/centralialaw.com\/workers-compensation\/\">Compensaci\u00f3n Laboral &#8211; Centralia Law<\/a><\/p>\n","protected":false},"excerpt":{"rendered":"<p>Si tienes derecho a la readaptaci\u00f3n profesional, tu asesor de readaptaci\u00f3n profesional (VRC) te explicar\u00e1 el proceso de readaptaci\u00f3n profesional. El CRV trabajar\u00e1 contigo para desarrollar un plan de readaptaci\u00f3n dirigido a ayudarte a volver al trabajo. Tambi\u00e9n te ayudar\u00e1n a comprender tus opciones de formaci\u00f3n, incluyendo cu\u00e1ndo y c\u00f3mo puedes elegir la opci\u00f3n que [&hellip;]<\/p>\n","protected":false},"author":2,"featured_media":17338,"comment_status":"closed","ping_status":"closed","sticky":false,"template":"","format":"standard","meta":{"_et_pb_use_builder":"off","_et_pb_old_content":"","_et_gb_content_width":"","footnotes":""},"categories":[368],"tags":[389,392,369,370,408],"class_list":["post-17539","post","type-post","status-publish","format-standard","has-post-thumbnail","hentry","category-indemnizacion-por-accidente-laboral","tag-abogado-es-2","tag-abogados-cerca-de-mi","tag-centralia-es","tag-indemnizacion-por-accidente-laboral","tag-lesiones"],"yoast_head":"<!-- This site is optimized with the Yoast SEO plugin v27.4 - https:\/\/yoast.com\/product\/yoast-seo-wordpress\/ -->\n<title>La readaptaci\u00f3n profesional es una opci\u00f3n de la indemnizaci\u00f3n por accidente de trabajo para ayudarte a volver al trabajo. - Ley Centralia<\/title>\n<meta name=\"description\" content=\"\u00bfConoces tus derechos y las prestaciones de indemnizaci\u00f3n por accidente de trabajo que tienes a tu disposici\u00f3n tras una lesi\u00f3n laboral? \u00a1Althauser Rayan Abbarno puede ayudarte!\" \/>\n<meta name=\"robots\" content=\"index, follow, max-snippet:-1, max-image-preview:large, max-video-preview:-1\" \/>\n<link rel=\"canonical\" href=\"https:\/\/centralialaw.com\/es\/la-readaptacion-profesional-es-una-opcion-de-la-indemnizacion-por-accidente-de-trabajo-para-ayudarte-a-volver-al-trabajo\/\" \/>\n<meta property=\"og:locale\" content=\"es_ES\" \/>\n<meta property=\"og:type\" content=\"article\" \/>\n<meta property=\"og:title\" content=\"\u00bfHay alg\u00fan programa de reciclaje laboral disponible para ti?\" \/>\n<meta property=\"og:description\" content=\"\u00bfConoces todos tus derechos y las prestaciones de indemnizaci\u00f3n por accidente de trabajo que tienes a tu disposici\u00f3n tras una lesi\u00f3n laboral?\" \/>\n<meta property=\"og:url\" content=\"https:\/\/centralialaw.com\/es\/la-readaptacion-profesional-es-una-opcion-de-la-indemnizacion-por-accidente-de-trabajo-para-ayudarte-a-volver-al-trabajo\/\" \/>\n<meta property=\"og:site_name\" content=\"Ley Centralia\" \/>\n<meta property=\"article:publisher\" content=\"https:\/\/www.facebook.com\/AlthauserRayanAbbarno\/\" \/>\n<meta property=\"article:published_time\" content=\"2024-02-17T01:51:27+00:00\" \/>\n<meta property=\"article:modified_time\" content=\"2025-05-30T19:11:15+00:00\" \/>\n<meta property=\"og:image\" content=\"https:\/\/centralialaw.com\/wp-content\/uploads\/2024\/02\/Jobs-4872x3655-805x604-1.jpg\" \/>\n<meta name=\"author\" content=\"Peter Abbarno\" \/>\n<meta name=\"twitter:card\" content=\"summary_large_image\" \/>\n<meta name=\"twitter:title\" content=\"\u00bfTienes derecho a reciclaje laboral?\" \/>\n<meta name=\"twitter:description\" content=\"\u00bfConoces todos tus derechos y las prestaciones de indemnizaci\u00f3n por accidente laboral que tienes a tu disposici\u00f3n tras una lesi\u00f3n laboral?\" \/>\n<meta name=\"twitter:image\" content=\"https:\/\/centralialaw.com\/wp-content\/uploads\/2024\/02\/New-Creer-Start.jpg\" \/>\n<meta name=\"twitter:creator\" content=\"@PeterAbbarno\" \/>\n<meta name=\"twitter:site\" content=\"@PeterAbbarno\" \/>\n<meta name=\"twitter:label1\" content=\"Written by\" \/>\n\t<meta name=\"twitter:data1\" content=\"Peter Abbarno\" \/>\n\t<meta name=\"twitter:label2\" content=\"Est. reading time\" \/>\n\t<meta name=\"twitter:data2\" content=\"1 minuto\" \/>\n<script type=\"application\/ld+json\" class=\"yoast-schema-graph\">{\"@context\":\"https:\\\/\\\/schema.org\",\"@graph\":[{\"@type\":\"Article\",\"@id\":\"https:\\\/\\\/centralialaw.com\\\/es\\\/la-readaptacion-profesional-es-una-opcion-de-la-indemnizacion-por-accidente-de-trabajo-para-ayudarte-a-volver-al-trabajo\\\/#article\",\"isPartOf\":{\"@id\":\"https:\\\/\\\/centralialaw.com\\\/es\\\/la-readaptacion-profesional-es-una-opcion-de-la-indemnizacion-por-accidente-de-trabajo-para-ayudarte-a-volver-al-trabajo\\\/\"},\"author\":{\"name\":\"Peter Abbarno\",\"@id\":\"https:\\\/\\\/centralialaw.com\\\/es\\\/#\\\/schema\\\/person\\\/df75a746547e7cef043297aef1bbba38\"},\"headline\":\"La readaptaci\u00f3n profesional es una opci\u00f3n de la indemnizaci\u00f3n por accidente de trabajo para ayudarte a volver al trabajo.\",\"datePublished\":\"2024-02-17T01:51:27+00:00\",\"dateModified\":\"2025-05-30T19:11:15+00:00\",\"mainEntityOfPage\":{\"@id\":\"https:\\\/\\\/centralialaw.com\\\/es\\\/la-readaptacion-profesional-es-una-opcion-de-la-indemnizacion-por-accidente-de-trabajo-para-ayudarte-a-volver-al-trabajo\\\/\"},\"wordCount\":171,\"publisher\":{\"@id\":\"https:\\\/\\\/centralialaw.com\\\/es\\\/#organization\"},\"image\":{\"@id\":\"https:\\\/\\\/centralialaw.com\\\/es\\\/la-readaptacion-profesional-es-una-opcion-de-la-indemnizacion-por-accidente-de-trabajo-para-ayudarte-a-volver-al-trabajo\\\/#primaryimage\"},\"thumbnailUrl\":\"https:\\\/\\\/centralialaw.com\\\/wp-content\\\/uploads\\\/2024\\\/02\\\/Jobs-4872x3655-805x604-1.jpg\",\"keywords\":[\"Abogado\",\"Abogados cerca de m\u00ed\",\"Centralia\",\"Indemnizaci\u00f3n por accidente laboral\",\"Lesiones\"],\"articleSection\":[\"Indemnizaci\u00f3n por accidente laboral\"],\"inLanguage\":\"es\"},{\"@type\":\"WebPage\",\"@id\":\"https:\\\/\\\/centralialaw.com\\\/es\\\/la-readaptacion-profesional-es-una-opcion-de-la-indemnizacion-por-accidente-de-trabajo-para-ayudarte-a-volver-al-trabajo\\\/\",\"url\":\"https:\\\/\\\/centralialaw.com\\\/es\\\/la-readaptacion-profesional-es-una-opcion-de-la-indemnizacion-por-accidente-de-trabajo-para-ayudarte-a-volver-al-trabajo\\\/\",\"name\":\"La readaptaci\u00f3n profesional es una opci\u00f3n de la indemnizaci\u00f3n por accidente de trabajo para ayudarte a volver al trabajo. - Ley Centralia\",\"isPartOf\":{\"@id\":\"https:\\\/\\\/centralialaw.com\\\/es\\\/#website\"},\"primaryImageOfPage\":{\"@id\":\"https:\\\/\\\/centralialaw.com\\\/es\\\/la-readaptacion-profesional-es-una-opcion-de-la-indemnizacion-por-accidente-de-trabajo-para-ayudarte-a-volver-al-trabajo\\\/#primaryimage\"},\"image\":{\"@id\":\"https:\\\/\\\/centralialaw.com\\\/es\\\/la-readaptacion-profesional-es-una-opcion-de-la-indemnizacion-por-accidente-de-trabajo-para-ayudarte-a-volver-al-trabajo\\\/#primaryimage\"},\"thumbnailUrl\":\"https:\\\/\\\/centralialaw.com\\\/wp-content\\\/uploads\\\/2024\\\/02\\\/Jobs-4872x3655-805x604-1.jpg\",\"datePublished\":\"2024-02-17T01:51:27+00:00\",\"dateModified\":\"2025-05-30T19:11:15+00:00\",\"description\":\"\u00bfConoces tus derechos y las prestaciones de indemnizaci\u00f3n por accidente de trabajo que tienes a tu disposici\u00f3n tras una lesi\u00f3n laboral? \u00a1Althauser Rayan Abbarno puede ayudarte!\",\"breadcrumb\":{\"@id\":\"https:\\\/\\\/centralialaw.com\\\/es\\\/la-readaptacion-profesional-es-una-opcion-de-la-indemnizacion-por-accidente-de-trabajo-para-ayudarte-a-volver-al-trabajo\\\/#breadcrumb\"},\"inLanguage\":\"es\",\"potentialAction\":[{\"@type\":\"ReadAction\",\"target\":[\"https:\\\/\\\/centralialaw.com\\\/es\\\/la-readaptacion-profesional-es-una-opcion-de-la-indemnizacion-por-accidente-de-trabajo-para-ayudarte-a-volver-al-trabajo\\\/\"]}]},{\"@type\":\"ImageObject\",\"inLanguage\":\"es\",\"@id\":\"https:\\\/\\\/centralialaw.com\\\/es\\\/la-readaptacion-profesional-es-una-opcion-de-la-indemnizacion-por-accidente-de-trabajo-para-ayudarte-a-volver-al-trabajo\\\/#primaryimage\",\"url\":\"https:\\\/\\\/centralialaw.com\\\/wp-content\\\/uploads\\\/2024\\\/02\\\/Jobs-4872x3655-805x604-1.jpg\",\"contentUrl\":\"https:\\\/\\\/centralialaw.com\\\/wp-content\\\/uploads\\\/2024\\\/02\\\/Jobs-4872x3655-805x604-1.jpg\",\"width\":805,\"height\":604,\"caption\":\"Is Vocational Retraining a benefit available to you? Ask Althauser Rayan Abbarno.\"},{\"@type\":\"BreadcrumbList\",\"@id\":\"https:\\\/\\\/centralialaw.com\\\/es\\\/la-readaptacion-profesional-es-una-opcion-de-la-indemnizacion-por-accidente-de-trabajo-para-ayudarte-a-volver-al-trabajo\\\/#breadcrumb\",\"itemListElement\":[{\"@type\":\"ListItem\",\"position\":1,\"name\":\"Inicio\",\"item\":\"https:\\\/\\\/centralialaw.com\\\/es\\\/\"},{\"@type\":\"ListItem\",\"position\":2,\"name\":\"La readaptaci\u00f3n profesional es una opci\u00f3n de la indemnizaci\u00f3n por accidente de trabajo para ayudarte a volver al trabajo.\"}]},{\"@type\":\"WebSite\",\"@id\":\"https:\\\/\\\/centralialaw.com\\\/es\\\/#website\",\"url\":\"https:\\\/\\\/centralialaw.com\\\/es\\\/\",\"name\":\"Centralia Law\",\"description\":\"Al servicio del estado de Washington desde hace m\u00e1s de 75 a\u00f1os - Althauser Rayan Abbarno \",\"publisher\":{\"@id\":\"https:\\\/\\\/centralialaw.com\\\/es\\\/#organization\"},\"potentialAction\":[{\"@type\":\"SearchAction\",\"target\":{\"@type\":\"EntryPoint\",\"urlTemplate\":\"https:\\\/\\\/centralialaw.com\\\/es\\\/?s={search_term_string}\"},\"query-input\":{\"@type\":\"PropertyValueSpecification\",\"valueRequired\":true,\"valueName\":\"search_term_string\"}}],\"inLanguage\":\"es\"},{\"@type\":\"Organization\",\"@id\":\"https:\\\/\\\/centralialaw.com\\\/es\\\/#organization\",\"name\":\"Ley Centralia\",\"url\":\"https:\\\/\\\/centralialaw.com\\\/es\\\/\",\"logo\":{\"@type\":\"ImageObject\",\"inLanguage\":\"es\",\"@id\":\"https:\\\/\\\/centralialaw.com\\\/es\\\/#\\\/schema\\\/logo\\\/image\\\/\",\"url\":\"https:\\\/\\\/centralialaw.com\\\/wp-content\\\/uploads\\\/2022\\\/05\\\/ARA-Logo.png\",\"contentUrl\":\"https:\\\/\\\/centralialaw.com\\\/wp-content\\\/uploads\\\/2022\\\/05\\\/ARA-Logo.png\",\"width\":1153,\"height\":364,\"caption\":\"Ley Centralia\"},\"image\":{\"@id\":\"https:\\\/\\\/centralialaw.com\\\/es\\\/#\\\/schema\\\/logo\\\/image\\\/\"},\"sameAs\":[\"https:\\\/\\\/www.facebook.com\\\/AlthauserRayanAbbarno\\\/\",\"https:\\\/\\\/x.com\\\/PeterAbbarno\"]},{\"@type\":\"Person\",\"@id\":\"https:\\\/\\\/centralialaw.com\\\/es\\\/#\\\/schema\\\/person\\\/df75a746547e7cef043297aef1bbba38\",\"name\":\"Peter Abbarno\",\"image\":{\"@type\":\"ImageObject\",\"inLanguage\":\"es\",\"@id\":\"https:\\\/\\\/secure.gravatar.com\\\/avatar\\\/4abfe3b7079121d1f28bfcee302a24a00532f113ebafa311593e0ebac2982d3b?s=96&d=mm&r=g\",\"url\":\"https:\\\/\\\/secure.gravatar.com\\\/avatar\\\/4abfe3b7079121d1f28bfcee302a24a00532f113ebafa311593e0ebac2982d3b?s=96&d=mm&r=g\",\"contentUrl\":\"https:\\\/\\\/secure.gravatar.com\\\/avatar\\\/4abfe3b7079121d1f28bfcee302a24a00532f113ebafa311593e0ebac2982d3b?s=96&d=mm&r=g\",\"caption\":\"Peter Abbarno\"},\"url\":\"https:\\\/\\\/centralialaw.com\\\/es\\\/author\\\/peter-abbarno\\\/\"}]}<\/script>\n<!-- \/ Yoast SEO plugin. -->","yoast_head_json":{"title":"La readaptaci\u00f3n profesional es una opci\u00f3n de la indemnizaci\u00f3n por accidente de trabajo para ayudarte a volver al trabajo. - Ley Centralia","description":"\u00bfConoces tus derechos y las prestaciones de indemnizaci\u00f3n por accidente de trabajo que tienes a tu disposici\u00f3n tras una lesi\u00f3n laboral? \u00a1Althauser Rayan Abbarno puede ayudarte!","robots":{"index":"index","follow":"follow","max-snippet":"max-snippet:-1","max-image-preview":"max-image-preview:large","max-video-preview":"max-video-preview:-1"},"canonical":"https:\/\/centralialaw.com\/es\/la-readaptacion-profesional-es-una-opcion-de-la-indemnizacion-por-accidente-de-trabajo-para-ayudarte-a-volver-al-trabajo\/","og_locale":"es_ES","og_type":"article","og_title":"\u00bfHay alg\u00fan programa de reciclaje laboral disponible para ti?","og_description":"\u00bfConoces todos tus derechos y las prestaciones de indemnizaci\u00f3n por accidente de trabajo que tienes a tu disposici\u00f3n tras una lesi\u00f3n laboral?","og_url":"https:\/\/centralialaw.com\/es\/la-readaptacion-profesional-es-una-opcion-de-la-indemnizacion-por-accidente-de-trabajo-para-ayudarte-a-volver-al-trabajo\/","og_site_name":"Ley Centralia","article_publisher":"https:\/\/www.facebook.com\/AlthauserRayanAbbarno\/","article_published_time":"2024-02-17T01:51:27+00:00","article_modified_time":"2025-05-30T19:11:15+00:00","og_image":[{"url":"https:\/\/centralialaw.com\/wp-content\/uploads\/2024\/02\/Jobs-4872x3655-805x604-1.jpg","type":"","width":"","height":""}],"author":"Peter Abbarno","twitter_card":"summary_large_image","twitter_title":"\u00bfTienes derecho a reciclaje laboral?","twitter_description":"\u00bfConoces todos tus derechos y las prestaciones de indemnizaci\u00f3n por accidente laboral que tienes a tu disposici\u00f3n tras una lesi\u00f3n laboral?","twitter_image":"https:\/\/centralialaw.com\/wp-content\/uploads\/2024\/02\/New-Creer-Start.jpg","twitter_creator":"@PeterAbbarno","twitter_site":"@PeterAbbarno","twitter_misc":{"Written by":"Peter Abbarno","Est. reading time":"1 minuto"},"schema":{"@context":"https:\/\/schema.org","@graph":[{"@type":"Article","@id":"https:\/\/centralialaw.com\/es\/la-readaptacion-profesional-es-una-opcion-de-la-indemnizacion-por-accidente-de-trabajo-para-ayudarte-a-volver-al-trabajo\/#article","isPartOf":{"@id":"https:\/\/centralialaw.com\/es\/la-readaptacion-profesional-es-una-opcion-de-la-indemnizacion-por-accidente-de-trabajo-para-ayudarte-a-volver-al-trabajo\/"},"author":{"name":"Peter Abbarno","@id":"https:\/\/centralialaw.com\/es\/#\/schema\/person\/df75a746547e7cef043297aef1bbba38"},"headline":"La readaptaci\u00f3n profesional es una opci\u00f3n de la indemnizaci\u00f3n por accidente de trabajo para ayudarte a volver al trabajo.","datePublished":"2024-02-17T01:51:27+00:00","dateModified":"2025-05-30T19:11:15+00:00","mainEntityOfPage":{"@id":"https:\/\/centralialaw.com\/es\/la-readaptacion-profesional-es-una-opcion-de-la-indemnizacion-por-accidente-de-trabajo-para-ayudarte-a-volver-al-trabajo\/"},"wordCount":171,"publisher":{"@id":"https:\/\/centralialaw.com\/es\/#organization"},"image":{"@id":"https:\/\/centralialaw.com\/es\/la-readaptacion-profesional-es-una-opcion-de-la-indemnizacion-por-accidente-de-trabajo-para-ayudarte-a-volver-al-trabajo\/#primaryimage"},"thumbnailUrl":"https:\/\/centralialaw.com\/wp-content\/uploads\/2024\/02\/Jobs-4872x3655-805x604-1.jpg","keywords":["Abogado","Abogados cerca de m\u00ed","Centralia","Indemnizaci\u00f3n por accidente laboral","Lesiones"],"articleSection":["Indemnizaci\u00f3n por accidente laboral"],"inLanguage":"es"},{"@type":"WebPage","@id":"https:\/\/centralialaw.com\/es\/la-readaptacion-profesional-es-una-opcion-de-la-indemnizacion-por-accidente-de-trabajo-para-ayudarte-a-volver-al-trabajo\/","url":"https:\/\/centralialaw.com\/es\/la-readaptacion-profesional-es-una-opcion-de-la-indemnizacion-por-accidente-de-trabajo-para-ayudarte-a-volver-al-trabajo\/","name":"La readaptaci\u00f3n profesional es una opci\u00f3n de la indemnizaci\u00f3n por accidente de trabajo para ayudarte a volver al trabajo. - Ley Centralia","isPartOf":{"@id":"https:\/\/centralialaw.com\/es\/#website"},"primaryImageOfPage":{"@id":"https:\/\/centralialaw.com\/es\/la-readaptacion-profesional-es-una-opcion-de-la-indemnizacion-por-accidente-de-trabajo-para-ayudarte-a-volver-al-trabajo\/#primaryimage"},"image":{"@id":"https:\/\/centralialaw.com\/es\/la-readaptacion-profesional-es-una-opcion-de-la-indemnizacion-por-accidente-de-trabajo-para-ayudarte-a-volver-al-trabajo\/#primaryimage"},"thumbnailUrl":"https:\/\/centralialaw.com\/wp-content\/uploads\/2024\/02\/Jobs-4872x3655-805x604-1.jpg","datePublished":"2024-02-17T01:51:27+00:00","dateModified":"2025-05-30T19:11:15+00:00","description":"\u00bfConoces tus derechos y las prestaciones de indemnizaci\u00f3n por accidente de trabajo que tienes a tu disposici\u00f3n tras una lesi\u00f3n laboral? \u00a1Althauser Rayan Abbarno puede ayudarte!","breadcrumb":{"@id":"https:\/\/centralialaw.com\/es\/la-readaptacion-profesional-es-una-opcion-de-la-indemnizacion-por-accidente-de-trabajo-para-ayudarte-a-volver-al-trabajo\/#breadcrumb"},"inLanguage":"es","potentialAction":[{"@type":"ReadAction","target":["https:\/\/centralialaw.com\/es\/la-readaptacion-profesional-es-una-opcion-de-la-indemnizacion-por-accidente-de-trabajo-para-ayudarte-a-volver-al-trabajo\/"]}]},{"@type":"ImageObject","inLanguage":"es","@id":"https:\/\/centralialaw.com\/es\/la-readaptacion-profesional-es-una-opcion-de-la-indemnizacion-por-accidente-de-trabajo-para-ayudarte-a-volver-al-trabajo\/#primaryimage","url":"https:\/\/centralialaw.com\/wp-content\/uploads\/2024\/02\/Jobs-4872x3655-805x604-1.jpg","contentUrl":"https:\/\/centralialaw.com\/wp-content\/uploads\/2024\/02\/Jobs-4872x3655-805x604-1.jpg","width":805,"height":604,"caption":"Is Vocational Retraining a benefit available to you? Ask Althauser Rayan Abbarno."},{"@type":"BreadcrumbList","@id":"https:\/\/centralialaw.com\/es\/la-readaptacion-profesional-es-una-opcion-de-la-indemnizacion-por-accidente-de-trabajo-para-ayudarte-a-volver-al-trabajo\/#breadcrumb","itemListElement":[{"@type":"ListItem","position":1,"name":"Inicio","item":"https:\/\/centralialaw.com\/es\/"},{"@type":"ListItem","position":2,"name":"La readaptaci\u00f3n profesional es una opci\u00f3n de la indemnizaci\u00f3n por accidente de trabajo para ayudarte a volver al trabajo."}]},{"@type":"WebSite","@id":"https:\/\/centralialaw.com\/es\/#website","url":"https:\/\/centralialaw.com\/es\/","name":"Centralia Law","description":"Al servicio del estado de Washington desde hace m\u00e1s de 75 a\u00f1os - Althauser Rayan Abbarno ","publisher":{"@id":"https:\/\/centralialaw.com\/es\/#organization"},"potentialAction":[{"@type":"SearchAction","target":{"@type":"EntryPoint","urlTemplate":"https:\/\/centralialaw.com\/es\/?s={search_term_string}"},"query-input":{"@type":"PropertyValueSpecification","valueRequired":true,"valueName":"search_term_string"}}],"inLanguage":"es"},{"@type":"Organization","@id":"https:\/\/centralialaw.com\/es\/#organization","name":"Ley Centralia","url":"https:\/\/centralialaw.com\/es\/","logo":{"@type":"ImageObject","inLanguage":"es","@id":"https:\/\/centralialaw.com\/es\/#\/schema\/logo\/image\/","url":"https:\/\/centralialaw.com\/wp-content\/uploads\/2022\/05\/ARA-Logo.png","contentUrl":"https:\/\/centralialaw.com\/wp-content\/uploads\/2022\/05\/ARA-Logo.png","width":1153,"height":364,"caption":"Ley Centralia"},"image":{"@id":"https:\/\/centralialaw.com\/es\/#\/schema\/logo\/image\/"},"sameAs":["https:\/\/www.facebook.com\/AlthauserRayanAbbarno\/","https:\/\/x.com\/PeterAbbarno"]},{"@type":"Person","@id":"https:\/\/centralialaw.com\/es\/#\/schema\/person\/df75a746547e7cef043297aef1bbba38","name":"Peter Abbarno","image":{"@type":"ImageObject","inLanguage":"es","@id":"https:\/\/secure.gravatar.com\/avatar\/4abfe3b7079121d1f28bfcee302a24a00532f113ebafa311593e0ebac2982d3b?s=96&d=mm&r=g","url":"https:\/\/secure.gravatar.com\/avatar\/4abfe3b7079121d1f28bfcee302a24a00532f113ebafa311593e0ebac2982d3b?s=96&d=mm&r=g","contentUrl":"https:\/\/secure.gravatar.com\/avatar\/4abfe3b7079121d1f28bfcee302a24a00532f113ebafa311593e0ebac2982d3b?s=96&d=mm&r=g","caption":"Peter Abbarno"},"url":"https:\/\/centralialaw.com\/es\/author\/peter-abbarno\/"}]}},"_links":{"self":[{"href":"https:\/\/centralialaw.com\/es\/wp-json\/wp\/v2\/posts\/17539","targetHints":{"allow":["GET"]}}],"collection":[{"href":"https:\/\/centralialaw.com\/es\/wp-json\/wp\/v2\/posts"}],"about":[{"href":"https:\/\/centralialaw.com\/es\/wp-json\/wp\/v2\/types\/post"}],"author":[{"embeddable":true,"href":"https:\/\/centralialaw.com\/es\/wp-json\/wp\/v2\/users\/2"}],"replies":[{"embeddable":true,"href":"https:\/\/centralialaw.com\/es\/wp-json\/wp\/v2\/comments?post=17539"}],"version-history":[{"count":0,"href":"https:\/\/centralialaw.com\/es\/wp-json\/wp\/v2\/posts\/17539\/revisions"}],"wp:featuredmedia":[{"embeddable":true,"href":"https:\/\/centralialaw.com\/es\/wp-json\/wp\/v2\/media\/17338"}],"wp:attachment":[{"href":"https:\/\/centralialaw.com\/es\/wp-json\/wp\/v2\/media?parent=17539"}],"wp:term":[{"taxonomy":"category","embeddable":true,"href":"https:\/\/centralialaw.com\/es\/wp-json\/wp\/v2\/categories?post=17539"},{"taxonomy":"post_tag","embeddable":true,"href":"https:\/\/centralialaw.com\/es\/wp-json\/wp\/v2\/tags?post=17539"}],"curies":[{"name":"wp","href":"https:\/\/api.w.org\/{rel}","templated":true}]}}