{"id":17563,"date":"2023-09-05T10:11:57","date_gmt":"2023-09-05T17:11:57","guid":{"rendered":"https:\/\/centralialaw.com\/conducir-con-seguridad-en-la-vuelta-al-cole\/"},"modified":"2025-05-30T12:11:34","modified_gmt":"2025-05-30T19:11:34","slug":"conducir-con-seguridad-en-la-vuelta-al-cole","status":"publish","type":"post","link":"https:\/\/centralialaw.com\/es\/conducir-con-seguridad-en-la-vuelta-al-cole\/","title":{"rendered":"Conducir con seguridad en la vuelta al cole"},"content":{"rendered":"\n<p>Los ni\u00f1os vuelven al colegio tras las vacaciones de verano, las ma\u00f1anas son m\u00e1s oscuras y pronto las tardes se oscurecer\u00e1n a una hora m\u00e1s temprana. Las ma\u00f1anas fr\u00edas y h\u00famedas har\u00e1n que las carreteras est\u00e9n heladas y resbaladizas. Los abogados de Althauser Rayan Abbarno te recuerdan que debes conducir con seguridad y evitar colisiones y lesiones manteni\u00e9ndote alerta. El Consejo Nacional de Seguridad y el Departamento de Transportes del estado de Washington tienen excelentes recursos.   <\/p>\n\n<p>Los d\u00edas de colegio traen mucha congesti\u00f3n de veh\u00edculos, peatones y bicicletas: Los autobuses escolares recogen a los alumnos, los ni\u00f1os van en bici y se apresuran para llegar al colegio antes de que suene el timbre, y los padres intentan dejar a sus hijos antes y despu\u00e9s del trabajo. Nunca es tan importante que los conductores reduzcan la velocidad y presten atenci\u00f3n como cuando hay ni\u00f1os presentes, sobre todo antes y despu\u00e9s del colegio. <\/p>\n\n<h6 class=\"wp-block-heading\"><strong>Si vas a dejar o recoger a alguien<\/strong><\/h6>\n\n<p>Nuestras escuelas locales tienen procedimientos muy espec\u00edficos para dejar a los ni\u00f1os durante el curso escolar. Lo que sab\u00edas el a\u00f1o pasado puede haber cambiado. Aseg\u00farate de conocerlos por la seguridad de todos los alumnos, padres y profesores.  <\/p>\n\n<p>Lo siguiente se aplica a todas las zonas escolares:<\/p>\n\n<ul class=\"wp-block-list\">\n<li>No aparques en doble fila; bloquea la visibilidad de otros ni\u00f1os y veh\u00edculos<\/li>\n\n\n\n<li>No cargues o descargues a los ni\u00f1os al otro lado de la calle de la escuela<\/li>\n\n\n\n<li>Los ni\u00f1os deben bajar del veh\u00edculo por el lado de la acera y evitar cruzar la calle<\/li>\n\n\n\n<li>Compartir coche para reducir el n\u00famero de veh\u00edculos en la escuela<\/li>\n<\/ul>\n\n<p>Y no olvides que puedes apartarte o encender las luces de emergencia si no est\u00e1s seguro de tu entorno y direcci\u00f3n.<\/p>\n\n<figure class=\"wp-block-image size-large\"><img loading=\"lazy\" decoding=\"async\" width=\"1024\" height=\"663\" src=\"https:\/\/centralialaw.com\/wp-content\/uploads\/2023\/09\/School-Bus-Safety-1024x663.jpg\" alt=\"\" class=\"wp-image-16843\" srcset=\"https:\/\/centralialaw.com\/wp-content\/uploads\/2023\/09\/School-Bus-Safety-980x634.jpg 980w, https:\/\/centralialaw.com\/wp-content\/uploads\/2023\/09\/School-Bus-Safety-480x311.jpg 480w\" sizes=\"(min-width: 0px) and (max-width: 480px) 480px, (min-width: 481px) and (max-width: 980px) 980px, (min-width: 981px) 1024px, 100vw\" \/><\/figure>\n\n<h6 class=\"wp-block-heading\"><strong>Compartir la carretera con peatones j\u00f3venes<\/strong><\/h6>\n\n<p>Seg\u00fan una investigaci\u00f3n del Consejo Nacional de Seguridad, la mayor\u00eda de los ni\u00f1os que pierden la vida en incidentes relacionados con autobuses tienen entre 4 y 7 a\u00f1os, <strong>y van andando.<\/strong> Son atropellados por el autob\u00fas, o por un automovilista que adelanta ilegalmente a un autob\u00fas parado. Unas pocas precauciones contribuyen en gran medida a la seguridad de los ni\u00f1os: <\/p>\n\n<ul class=\"wp-block-list\">\n<li>No bloquees el paso de peatones cuando est\u00e9s parado en un sem\u00e1foro en rojo o esperando para girar, obligando a los peatones a rodearte; esto podr\u00eda ponerlos en la trayectoria del tr\u00e1fico en movimiento<\/li>\n\n\n\n<li>En una zona escolar, cuando las luces intermitentes parpadeen, detente y cede el paso a los peatones que crucen el paso de peatones o la intersecci\u00f3n<\/li>\n\n\n\n<li>Detente siempre ante un agente de la patrulla escolar o un guardia de cruce que est\u00e9 levantando una se\u00f1al de stop<\/li>\n\n\n\n<li>Presta especial atenci\u00f3n a los ni\u00f1os en las zonas escolares, cerca de los patios de recreo y parques, y en todas las zonas residenciales.<\/li>\n\n\n\n<li>No toques el claxon ni revoluciones el motor para asustar a un peat\u00f3n, aunque tengas preferencia de paso<\/li>\n\n\n\n<li>No adelantes nunca a un veh\u00edculo parado por peatones<\/li>\n\n\n\n<li>Extrema siempre la precauci\u00f3n para evitar atropellar a los peatones dondequiera que est\u00e9n, independientemente de qui\u00e9n tenga el derecho de paso<\/li>\n<\/ul>\n\n<h6 class=\"wp-block-heading\"><strong>Compartir la carretera con los autobuses escolares<\/strong><\/h6>\n\n<p>Si conduces detr\u00e1s de un autob\u00fas, deja una distancia de seguimiento mayor que si condujeras detr\u00e1s de un coche. As\u00ed tendr\u00e1s m\u00e1s tiempo para detenerte cuando empiecen a parpadear las luces amarillas. En los 50 estados es ilegal adelantar a un autob\u00fas escolar que est\u00e1 parado para cargar o descargar ni\u00f1os.  <\/p>\n\n<ul class=\"wp-block-list\">\n<li>Nunca adelantes a un autob\u00fas por detr\u00e1s -o desde cualquier direcci\u00f3n si est\u00e1s en una carretera no dividida- si est\u00e1 parado para cargar o descargar ni\u00f1os.<\/li>\n\n\n\n<li>Si las luces amarillas o rojas parpadean y el brazo de parada est\u00e1 extendido, el tr\u00e1fico debe detenerse<\/li>\n\n\n\n<li>El \u00e1rea de 3 metros alrededor de un autob\u00fas escolar es la m\u00e1s peligrosa para los ni\u00f1os; detente lo suficientemente atr\u00e1s para dejarles espacio para entrar y salir del autob\u00fas con seguridad.<\/li>\n\n\n\n<li>Mantente alerta; los ni\u00f1os suelen ser imprevisibles y tienden a ignorar los peligros y a correr riesgos<\/li>\n<\/ul>\n\n<figure class=\"wp-block-image aligncenter size-full is-resized\"><img loading=\"lazy\" decoding=\"async\" src=\"https:\/\/centralialaw.com\/wp-content\/uploads\/2023\/09\/School-Safety.jpg\" alt=\"\" class=\"wp-image-16842\" style=\"width:376px;height:346px\" width=\"376\" height=\"346\" srcset=\"https:\/\/centralialaw.com\/wp-content\/uploads\/2023\/09\/School-Safety.jpg 404w, https:\/\/centralialaw.com\/wp-content\/uploads\/2023\/09\/School-Safety-300x276.jpg 300w\" sizes=\"(max-width: 376px) 100vw, 376px\" \/><\/figure>\n\n<p><strong>Compartir la carretera con los ciclistas<\/strong><\/p>\n\n<p>En la mayor\u00eda de las carreteras, <a href=\"http:\/\/bikeleague.org\/content\/traffic-laws\" target=\"_blank\" rel=\"noreferrer noopener\">los ciclistas tienen los mismos derechos y responsabilidades que los veh\u00edculos<\/a>, pero las bicicletas pueden ser dif\u00edciles de ver. Los ni\u00f1os que van en bici crean problemas especiales a los conductores, porque normalmente no son capaces de determinar correctamente las condiciones del tr\u00e1fico. La causa m\u00e1s frecuente de colisi\u00f3n es que un conductor gire a la izquierda delante de un ciclista.  <\/p>\n\n<ul class=\"wp-block-list\">\n<li>Cuando adelantes a un ciclista, avanza lentamente en la misma direcci\u00f3n y deja un metro de distancia entre tu coche y el ciclista<\/li>\n\n\n\n<li>Cuando gires a la izquierda y se aproxime un ciclista en sentido contrario, espera a que pase<\/li>\n\n\n\n<li>Si vas a girar a la derecha y un ciclista se acerca por detr\u00e1s por la derecha, deja que pase primero por el cruce y utiliza siempre los intermitentes<\/li>\n\n\n\n<li>Ten cuidado con los ciclistas que giran delante de ti sin mirar ni se\u00f1alizar; los ni\u00f1os especialmente tienen tendencia a hacerlo<\/li>\n\n\n\n<li>Extrema la vigilancia en zonas escolares y barrios residenciales<\/li>\n\n\n\n<li>Cuidado con las bicis que salen de las entradas o detr\u00e1s de los coches aparcados<\/li>\n\n\n\n<li>Comprueba los retrovisores laterales antes de abrir la puerta<\/li>\n<\/ul>\n\n<p>Con un poco m\u00e1s de cuidado y precauci\u00f3n, conductores y peatones pueden coexistir con seguridad en las zonas escolares.<\/p>\n\n<h5 class=\"wp-block-heading\"><strong>Consejos b\u00e1sicos de seguridad de Althauser Rayan Abbarno Abogados en Centralia y Olympia<\/strong><\/h5>\n\n<p>1. Conoce d\u00f3nde est\u00e1n situadas las zonas escolares en tu trayecto diario.<\/p>\n\n<p>2. Si puedes, desv\u00eda tu trayecto para evitar las zonas escolares.<\/p>\n\n<p>3. Si no puedes evitar las zonas escolares, DISMINUYE LA VELOCIDAD y PRESTA ATENCI\u00d3N<\/p>\n\n<p>4. Respeta al guardia de cruce escolar<\/p>\n\n<p>5. Conoce la ley y, si tienes dudas, llama a Althauser Rayan Abbarno.<\/p>\n\n<p>6. Sigue las normas al recoger y dejar a los ni\u00f1os en la escuela<\/p>\n\n<p>7. Aunque no conduzcas por zonas escolares, ten cuidado con los peatones peque\u00f1os cuando haya colegio.<\/p>\n\n<p>8. Conduce con precauci\u00f3n, pero si t\u00fa o alguien que conoces resulta herido y necesita asistencia jur\u00eddica, llama a Althauser Rayan Abbarno<\/p>\n\n<figure class=\"wp-block-image aligncenter size-full\"><img loading=\"lazy\" decoding=\"async\" width=\"591\" height=\"168\" src=\"https:\/\/centralialaw.com\/wp-content\/uploads\/2022\/09\/ARA-Atttorneys-at-law-logo2.png\" alt=\"\" class=\"wp-image-16407\" srcset=\"https:\/\/centralialaw.com\/wp-content\/uploads\/2022\/09\/ARA-Atttorneys-at-law-logo2.png 591w, https:\/\/centralialaw.com\/wp-content\/uploads\/2022\/09\/ARA-Atttorneys-at-law-logo2-480x136.png 480w\" sizes=\"(min-width: 0px) and (max-width: 480px) 480px, (min-width: 481px) 591px, 100vw\" \/><\/figure>\n","protected":false},"excerpt":{"rendered":"<p>Los ni\u00f1os vuelven al colegio tras las vacaciones de verano, las ma\u00f1anas son m\u00e1s oscuras y pronto las tardes se oscurecer\u00e1n a una hora m\u00e1s temprana. Las ma\u00f1anas fr\u00edas y h\u00famedas har\u00e1n que las carreteras est\u00e9n heladas y resbaladizas. Los abogados de Althauser Rayan Abbarno te recuerdan que debes conducir con seguridad y evitar colisiones [&hellip;]<\/p>\n","protected":false},"author":2,"featured_media":17330,"comment_status":"closed","ping_status":"closed","sticky":false,"template":"","format":"standard","meta":{"_et_pb_use_builder":"off","_et_pb_old_content":"","_et_gb_content_width":"","footnotes":""},"categories":[415],"tags":[473,376,377,392,369,407,444,483,408,372,486,489],"class_list":["post-17563","post","type-post","status-publish","format-standard","has-post-thumbnail","hentry","category-lesiones-personales","tag-abbarno-es","tag-abogados","tag-abogados-es","tag-abogados-cerca-de-mi","tag-centralia-es","tag-chehalis-es","tag-condado-de-lewis","tag-condado-de-thurston","tag-lesiones","tag-olimpia","tag-seguridad-en-los-autobuses-escolares","tag-vuelta-al-cole"],"yoast_head":"<!-- This site is optimized with the Yoast SEO plugin v27.4 - https:\/\/yoast.com\/product\/yoast-seo-wordpress\/ -->\n<title>Conducir con seguridad en la vuelta al cole - Ley Centralia<\/title>\n<meta name=\"robots\" content=\"index, follow, max-snippet:-1, max-image-preview:large, max-video-preview:-1\" \/>\n<link rel=\"canonical\" href=\"https:\/\/centralialaw.com\/es\/conducir-con-seguridad-en-la-vuelta-al-cole\/\" \/>\n<meta property=\"og:locale\" content=\"es_ES\" \/>\n<meta property=\"og:type\" content=\"article\" \/>\n<meta property=\"og:title\" content=\"Conducir con seguridad en la vuelta al cole - Ley Centralia\" \/>\n<meta property=\"og:description\" content=\"Los ni\u00f1os vuelven al colegio tras las vacaciones de verano, las ma\u00f1anas son m\u00e1s oscuras y pronto las tardes se oscurecer\u00e1n a una hora m\u00e1s temprana. Las ma\u00f1anas fr\u00edas y h\u00famedas har\u00e1n que las carreteras est\u00e9n heladas y resbaladizas. Los abogados de Althauser Rayan Abbarno te recuerdan que debes conducir con seguridad y evitar colisiones [&hellip;]\" \/>\n<meta property=\"og:url\" content=\"https:\/\/centralialaw.com\/es\/conducir-con-seguridad-en-la-vuelta-al-cole\/\" \/>\n<meta property=\"og:site_name\" content=\"Ley Centralia\" \/>\n<meta property=\"article:publisher\" content=\"https:\/\/www.facebook.com\/AlthauserRayanAbbarno\/\" \/>\n<meta property=\"article:published_time\" content=\"2023-09-05T17:11:57+00:00\" \/>\n<meta property=\"article:modified_time\" content=\"2025-05-30T19:11:34+00:00\" \/>\n<meta property=\"og:image\" content=\"https:\/\/centralialaw.com\/wp-content\/uploads\/2023\/09\/School-Safety.jpg\" \/>\n\t<meta property=\"og:image:width\" content=\"404\" \/>\n\t<meta property=\"og:image:height\" content=\"372\" \/>\n\t<meta property=\"og:image:type\" content=\"image\/jpeg\" \/>\n<meta name=\"author\" content=\"Peter Abbarno\" \/>\n<meta name=\"twitter:card\" content=\"summary_large_image\" \/>\n<meta name=\"twitter:creator\" content=\"@PeterAbbarno\" \/>\n<meta name=\"twitter:site\" content=\"@PeterAbbarno\" \/>\n<meta name=\"twitter:label1\" content=\"Written by\" \/>\n\t<meta name=\"twitter:data1\" content=\"Peter Abbarno\" \/>\n\t<meta name=\"twitter:label2\" content=\"Est. reading time\" \/>\n\t<meta name=\"twitter:data2\" content=\"5 minutos\" \/>\n<script type=\"application\/ld+json\" class=\"yoast-schema-graph\">{\"@context\":\"https:\\\/\\\/schema.org\",\"@graph\":[{\"@type\":\"Article\",\"@id\":\"https:\\\/\\\/centralialaw.com\\\/es\\\/conducir-con-seguridad-en-la-vuelta-al-cole\\\/#article\",\"isPartOf\":{\"@id\":\"https:\\\/\\\/centralialaw.com\\\/es\\\/conducir-con-seguridad-en-la-vuelta-al-cole\\\/\"},\"author\":{\"name\":\"Peter Abbarno\",\"@id\":\"https:\\\/\\\/centralialaw.com\\\/es\\\/#\\\/schema\\\/person\\\/df75a746547e7cef043297aef1bbba38\"},\"headline\":\"Conducir con seguridad en la vuelta al cole\",\"datePublished\":\"2023-09-05T17:11:57+00:00\",\"dateModified\":\"2025-05-30T19:11:34+00:00\",\"mainEntityOfPage\":{\"@id\":\"https:\\\/\\\/centralialaw.com\\\/es\\\/conducir-con-seguridad-en-la-vuelta-al-cole\\\/\"},\"wordCount\":1084,\"publisher\":{\"@id\":\"https:\\\/\\\/centralialaw.com\\\/es\\\/#organization\"},\"image\":{\"@id\":\"https:\\\/\\\/centralialaw.com\\\/es\\\/conducir-con-seguridad-en-la-vuelta-al-cole\\\/#primaryimage\"},\"thumbnailUrl\":\"https:\\\/\\\/centralialaw.com\\\/wp-content\\\/uploads\\\/2023\\\/09\\\/School-Safety.jpg\",\"keywords\":[\"Abbarno\",\"Abogados\",\"Abogados\",\"Abogados cerca de m\u00ed\",\"Centralia\",\"Chehalis\",\"Condado de Lewis\",\"Condado de Thurston\",\"Lesiones\",\"Olimpia\",\"Seguridad en los autobuses escolares\",\"Vuelta al cole\"],\"articleSection\":[\"Lesiones personales\"],\"inLanguage\":\"es\"},{\"@type\":\"WebPage\",\"@id\":\"https:\\\/\\\/centralialaw.com\\\/es\\\/conducir-con-seguridad-en-la-vuelta-al-cole\\\/\",\"url\":\"https:\\\/\\\/centralialaw.com\\\/es\\\/conducir-con-seguridad-en-la-vuelta-al-cole\\\/\",\"name\":\"Conducir con seguridad en la vuelta al cole - Ley Centralia\",\"isPartOf\":{\"@id\":\"https:\\\/\\\/centralialaw.com\\\/es\\\/#website\"},\"primaryImageOfPage\":{\"@id\":\"https:\\\/\\\/centralialaw.com\\\/es\\\/conducir-con-seguridad-en-la-vuelta-al-cole\\\/#primaryimage\"},\"image\":{\"@id\":\"https:\\\/\\\/centralialaw.com\\\/es\\\/conducir-con-seguridad-en-la-vuelta-al-cole\\\/#primaryimage\"},\"thumbnailUrl\":\"https:\\\/\\\/centralialaw.com\\\/wp-content\\\/uploads\\\/2023\\\/09\\\/School-Safety.jpg\",\"datePublished\":\"2023-09-05T17:11:57+00:00\",\"dateModified\":\"2025-05-30T19:11:34+00:00\",\"breadcrumb\":{\"@id\":\"https:\\\/\\\/centralialaw.com\\\/es\\\/conducir-con-seguridad-en-la-vuelta-al-cole\\\/#breadcrumb\"},\"inLanguage\":\"es\",\"potentialAction\":[{\"@type\":\"ReadAction\",\"target\":[\"https:\\\/\\\/centralialaw.com\\\/es\\\/conducir-con-seguridad-en-la-vuelta-al-cole\\\/\"]}]},{\"@type\":\"ImageObject\",\"inLanguage\":\"es\",\"@id\":\"https:\\\/\\\/centralialaw.com\\\/es\\\/conducir-con-seguridad-en-la-vuelta-al-cole\\\/#primaryimage\",\"url\":\"https:\\\/\\\/centralialaw.com\\\/wp-content\\\/uploads\\\/2023\\\/09\\\/School-Safety.jpg\",\"contentUrl\":\"https:\\\/\\\/centralialaw.com\\\/wp-content\\\/uploads\\\/2023\\\/09\\\/School-Safety.jpg\",\"width\":404,\"height\":372,\"caption\":\"Back To School Safety Tips from your Attorneys with Althauser Rayan Abbarno.\"},{\"@type\":\"BreadcrumbList\",\"@id\":\"https:\\\/\\\/centralialaw.com\\\/es\\\/conducir-con-seguridad-en-la-vuelta-al-cole\\\/#breadcrumb\",\"itemListElement\":[{\"@type\":\"ListItem\",\"position\":1,\"name\":\"Inicio\",\"item\":\"https:\\\/\\\/centralialaw.com\\\/es\\\/\"},{\"@type\":\"ListItem\",\"position\":2,\"name\":\"Conducir con seguridad en la vuelta al cole\"}]},{\"@type\":\"WebSite\",\"@id\":\"https:\\\/\\\/centralialaw.com\\\/es\\\/#website\",\"url\":\"https:\\\/\\\/centralialaw.com\\\/es\\\/\",\"name\":\"Centralia Law\",\"description\":\"Al servicio del estado de Washington desde hace m\u00e1s de 75 a\u00f1os - Althauser Rayan Abbarno \",\"publisher\":{\"@id\":\"https:\\\/\\\/centralialaw.com\\\/es\\\/#organization\"},\"potentialAction\":[{\"@type\":\"SearchAction\",\"target\":{\"@type\":\"EntryPoint\",\"urlTemplate\":\"https:\\\/\\\/centralialaw.com\\\/es\\\/?s={search_term_string}\"},\"query-input\":{\"@type\":\"PropertyValueSpecification\",\"valueRequired\":true,\"valueName\":\"search_term_string\"}}],\"inLanguage\":\"es\"},{\"@type\":\"Organization\",\"@id\":\"https:\\\/\\\/centralialaw.com\\\/es\\\/#organization\",\"name\":\"Ley Centralia\",\"url\":\"https:\\\/\\\/centralialaw.com\\\/es\\\/\",\"logo\":{\"@type\":\"ImageObject\",\"inLanguage\":\"es\",\"@id\":\"https:\\\/\\\/centralialaw.com\\\/es\\\/#\\\/schema\\\/logo\\\/image\\\/\",\"url\":\"https:\\\/\\\/centralialaw.com\\\/wp-content\\\/uploads\\\/2022\\\/05\\\/ARA-Logo.png\",\"contentUrl\":\"https:\\\/\\\/centralialaw.com\\\/wp-content\\\/uploads\\\/2022\\\/05\\\/ARA-Logo.png\",\"width\":1153,\"height\":364,\"caption\":\"Ley Centralia\"},\"image\":{\"@id\":\"https:\\\/\\\/centralialaw.com\\\/es\\\/#\\\/schema\\\/logo\\\/image\\\/\"},\"sameAs\":[\"https:\\\/\\\/www.facebook.com\\\/AlthauserRayanAbbarno\\\/\",\"https:\\\/\\\/x.com\\\/PeterAbbarno\"]},{\"@type\":\"Person\",\"@id\":\"https:\\\/\\\/centralialaw.com\\\/es\\\/#\\\/schema\\\/person\\\/df75a746547e7cef043297aef1bbba38\",\"name\":\"Peter Abbarno\",\"image\":{\"@type\":\"ImageObject\",\"inLanguage\":\"es\",\"@id\":\"https:\\\/\\\/secure.gravatar.com\\\/avatar\\\/4abfe3b7079121d1f28bfcee302a24a00532f113ebafa311593e0ebac2982d3b?s=96&d=mm&r=g\",\"url\":\"https:\\\/\\\/secure.gravatar.com\\\/avatar\\\/4abfe3b7079121d1f28bfcee302a24a00532f113ebafa311593e0ebac2982d3b?s=96&d=mm&r=g\",\"contentUrl\":\"https:\\\/\\\/secure.gravatar.com\\\/avatar\\\/4abfe3b7079121d1f28bfcee302a24a00532f113ebafa311593e0ebac2982d3b?s=96&d=mm&r=g\",\"caption\":\"Peter Abbarno\"},\"url\":\"https:\\\/\\\/centralialaw.com\\\/es\\\/author\\\/peter-abbarno\\\/\"}]}<\/script>\n<!-- \/ Yoast SEO plugin. -->","yoast_head_json":{"title":"Conducir con seguridad en la vuelta al cole - Ley Centralia","robots":{"index":"index","follow":"follow","max-snippet":"max-snippet:-1","max-image-preview":"max-image-preview:large","max-video-preview":"max-video-preview:-1"},"canonical":"https:\/\/centralialaw.com\/es\/conducir-con-seguridad-en-la-vuelta-al-cole\/","og_locale":"es_ES","og_type":"article","og_title":"Conducir con seguridad en la vuelta al cole - Ley Centralia","og_description":"Los ni\u00f1os vuelven al colegio tras las vacaciones de verano, las ma\u00f1anas son m\u00e1s oscuras y pronto las tardes se oscurecer\u00e1n a una hora m\u00e1s temprana. Las ma\u00f1anas fr\u00edas y h\u00famedas har\u00e1n que las carreteras est\u00e9n heladas y resbaladizas. Los abogados de Althauser Rayan Abbarno te recuerdan que debes conducir con seguridad y evitar colisiones [&hellip;]","og_url":"https:\/\/centralialaw.com\/es\/conducir-con-seguridad-en-la-vuelta-al-cole\/","og_site_name":"Ley Centralia","article_publisher":"https:\/\/www.facebook.com\/AlthauserRayanAbbarno\/","article_published_time":"2023-09-05T17:11:57+00:00","article_modified_time":"2025-05-30T19:11:34+00:00","og_image":[{"width":404,"height":372,"url":"https:\/\/centralialaw.com\/wp-content\/uploads\/2023\/09\/School-Safety.jpg","type":"image\/jpeg"}],"author":"Peter Abbarno","twitter_card":"summary_large_image","twitter_creator":"@PeterAbbarno","twitter_site":"@PeterAbbarno","twitter_misc":{"Written by":"Peter Abbarno","Est. reading time":"5 minutos"},"schema":{"@context":"https:\/\/schema.org","@graph":[{"@type":"Article","@id":"https:\/\/centralialaw.com\/es\/conducir-con-seguridad-en-la-vuelta-al-cole\/#article","isPartOf":{"@id":"https:\/\/centralialaw.com\/es\/conducir-con-seguridad-en-la-vuelta-al-cole\/"},"author":{"name":"Peter Abbarno","@id":"https:\/\/centralialaw.com\/es\/#\/schema\/person\/df75a746547e7cef043297aef1bbba38"},"headline":"Conducir con seguridad en la vuelta al cole","datePublished":"2023-09-05T17:11:57+00:00","dateModified":"2025-05-30T19:11:34+00:00","mainEntityOfPage":{"@id":"https:\/\/centralialaw.com\/es\/conducir-con-seguridad-en-la-vuelta-al-cole\/"},"wordCount":1084,"publisher":{"@id":"https:\/\/centralialaw.com\/es\/#organization"},"image":{"@id":"https:\/\/centralialaw.com\/es\/conducir-con-seguridad-en-la-vuelta-al-cole\/#primaryimage"},"thumbnailUrl":"https:\/\/centralialaw.com\/wp-content\/uploads\/2023\/09\/School-Safety.jpg","keywords":["Abbarno","Abogados","Abogados","Abogados cerca de m\u00ed","Centralia","Chehalis","Condado de Lewis","Condado de Thurston","Lesiones","Olimpia","Seguridad en los autobuses escolares","Vuelta al cole"],"articleSection":["Lesiones personales"],"inLanguage":"es"},{"@type":"WebPage","@id":"https:\/\/centralialaw.com\/es\/conducir-con-seguridad-en-la-vuelta-al-cole\/","url":"https:\/\/centralialaw.com\/es\/conducir-con-seguridad-en-la-vuelta-al-cole\/","name":"Conducir con seguridad en la vuelta al cole - Ley Centralia","isPartOf":{"@id":"https:\/\/centralialaw.com\/es\/#website"},"primaryImageOfPage":{"@id":"https:\/\/centralialaw.com\/es\/conducir-con-seguridad-en-la-vuelta-al-cole\/#primaryimage"},"image":{"@id":"https:\/\/centralialaw.com\/es\/conducir-con-seguridad-en-la-vuelta-al-cole\/#primaryimage"},"thumbnailUrl":"https:\/\/centralialaw.com\/wp-content\/uploads\/2023\/09\/School-Safety.jpg","datePublished":"2023-09-05T17:11:57+00:00","dateModified":"2025-05-30T19:11:34+00:00","breadcrumb":{"@id":"https:\/\/centralialaw.com\/es\/conducir-con-seguridad-en-la-vuelta-al-cole\/#breadcrumb"},"inLanguage":"es","potentialAction":[{"@type":"ReadAction","target":["https:\/\/centralialaw.com\/es\/conducir-con-seguridad-en-la-vuelta-al-cole\/"]}]},{"@type":"ImageObject","inLanguage":"es","@id":"https:\/\/centralialaw.com\/es\/conducir-con-seguridad-en-la-vuelta-al-cole\/#primaryimage","url":"https:\/\/centralialaw.com\/wp-content\/uploads\/2023\/09\/School-Safety.jpg","contentUrl":"https:\/\/centralialaw.com\/wp-content\/uploads\/2023\/09\/School-Safety.jpg","width":404,"height":372,"caption":"Back To School Safety Tips from your Attorneys with Althauser Rayan Abbarno."},{"@type":"BreadcrumbList","@id":"https:\/\/centralialaw.com\/es\/conducir-con-seguridad-en-la-vuelta-al-cole\/#breadcrumb","itemListElement":[{"@type":"ListItem","position":1,"name":"Inicio","item":"https:\/\/centralialaw.com\/es\/"},{"@type":"ListItem","position":2,"name":"Conducir con seguridad en la vuelta al cole"}]},{"@type":"WebSite","@id":"https:\/\/centralialaw.com\/es\/#website","url":"https:\/\/centralialaw.com\/es\/","name":"Centralia Law","description":"Al servicio del estado de Washington desde hace m\u00e1s de 75 a\u00f1os - Althauser Rayan Abbarno ","publisher":{"@id":"https:\/\/centralialaw.com\/es\/#organization"},"potentialAction":[{"@type":"SearchAction","target":{"@type":"EntryPoint","urlTemplate":"https:\/\/centralialaw.com\/es\/?s={search_term_string}"},"query-input":{"@type":"PropertyValueSpecification","valueRequired":true,"valueName":"search_term_string"}}],"inLanguage":"es"},{"@type":"Organization","@id":"https:\/\/centralialaw.com\/es\/#organization","name":"Ley Centralia","url":"https:\/\/centralialaw.com\/es\/","logo":{"@type":"ImageObject","inLanguage":"es","@id":"https:\/\/centralialaw.com\/es\/#\/schema\/logo\/image\/","url":"https:\/\/centralialaw.com\/wp-content\/uploads\/2022\/05\/ARA-Logo.png","contentUrl":"https:\/\/centralialaw.com\/wp-content\/uploads\/2022\/05\/ARA-Logo.png","width":1153,"height":364,"caption":"Ley Centralia"},"image":{"@id":"https:\/\/centralialaw.com\/es\/#\/schema\/logo\/image\/"},"sameAs":["https:\/\/www.facebook.com\/AlthauserRayanAbbarno\/","https:\/\/x.com\/PeterAbbarno"]},{"@type":"Person","@id":"https:\/\/centralialaw.com\/es\/#\/schema\/person\/df75a746547e7cef043297aef1bbba38","name":"Peter Abbarno","image":{"@type":"ImageObject","inLanguage":"es","@id":"https:\/\/secure.gravatar.com\/avatar\/4abfe3b7079121d1f28bfcee302a24a00532f113ebafa311593e0ebac2982d3b?s=96&d=mm&r=g","url":"https:\/\/secure.gravatar.com\/avatar\/4abfe3b7079121d1f28bfcee302a24a00532f113ebafa311593e0ebac2982d3b?s=96&d=mm&r=g","contentUrl":"https:\/\/secure.gravatar.com\/avatar\/4abfe3b7079121d1f28bfcee302a24a00532f113ebafa311593e0ebac2982d3b?s=96&d=mm&r=g","caption":"Peter Abbarno"},"url":"https:\/\/centralialaw.com\/es\/author\/peter-abbarno\/"}]}},"_links":{"self":[{"href":"https:\/\/centralialaw.com\/es\/wp-json\/wp\/v2\/posts\/17563","targetHints":{"allow":["GET"]}}],"collection":[{"href":"https:\/\/centralialaw.com\/es\/wp-json\/wp\/v2\/posts"}],"about":[{"href":"https:\/\/centralialaw.com\/es\/wp-json\/wp\/v2\/types\/post"}],"author":[{"embeddable":true,"href":"https:\/\/centralialaw.com\/es\/wp-json\/wp\/v2\/users\/2"}],"replies":[{"embeddable":true,"href":"https:\/\/centralialaw.com\/es\/wp-json\/wp\/v2\/comments?post=17563"}],"version-history":[{"count":0,"href":"https:\/\/centralialaw.com\/es\/wp-json\/wp\/v2\/posts\/17563\/revisions"}],"wp:featuredmedia":[{"embeddable":true,"href":"https:\/\/centralialaw.com\/es\/wp-json\/wp\/v2\/media\/17330"}],"wp:attachment":[{"href":"https:\/\/centralialaw.com\/es\/wp-json\/wp\/v2\/media?parent=17563"}],"wp:term":[{"taxonomy":"category","embeddable":true,"href":"https:\/\/centralialaw.com\/es\/wp-json\/wp\/v2\/categories?post=17563"},{"taxonomy":"post_tag","embeddable":true,"href":"https:\/\/centralialaw.com\/es\/wp-json\/wp\/v2\/tags?post=17563"}],"curies":[{"name":"wp","href":"https:\/\/api.w.org\/{rel}","templated":true}]}}