{"id":17565,"date":"2023-05-26T08:00:53","date_gmt":"2023-05-26T15:00:53","guid":{"rendered":"https:\/\/centralialaw.com\/aumentan-los-desplazamientos-durante-el-fin-de-semana-del-memorial-day-planificacion-de-la-congestion-y-la-seguridad\/"},"modified":"2025-05-30T12:39:44","modified_gmt":"2025-05-30T19:39:44","slug":"aumentan-los-desplazamientos-durante-el-fin-de-semana-del-memorial-day-planificacion-de-la-congestion-y-la-seguridad","status":"publish","type":"post","link":"https:\/\/centralialaw.com\/es\/aumentan-los-desplazamientos-durante-el-fin-de-semana-del-memorial-day-planificacion-de-la-congestion-y-la-seguridad\/","title":{"rendered":"Aumentan los desplazamientos durante el fin de semana del Memorial Day &#8211; Planificaci\u00f3n de la congesti\u00f3n y la seguridad"},"content":{"rendered":"\n<p>La Asociaci\u00f3n Americana del Autom\u00f3vil (AAA) prev\u00e9 un aumento del 7% en el volumen de viajes para el fin de semana festivo en comparaci\u00f3n con el a\u00f1o pasado, seg\u00fan la previsi\u00f3n anual de viajes de la organizaci\u00f3n publicada el lunes. En total, la AAA espera<strong> que 42,3 millones de estadounidenses viajen a 80 km<\/strong> o m\u00e1s de casa durante el puente, 2,7 millones m\u00e1s que en 2022. <\/p>\n\n<blockquote class=\"wp-block-quote is-layout-flow wp-block-quote-is-layout-flow\">\n<p>Esto es bueno para las familias y bueno para la econom\u00eda.. Mucha gente sigue pasando apuros en esta econom\u00eda, con estos precios de la gasolina, pero est\u00e1n dando prioridad a las experiencias y las aventuras. Esperamos que la gente se divierta con sus familias y recuerden estar seguros. Desgraciadamente, hay muchos accidentes con tanta gente en la carretera; entusiasmados por salir por fin de casa y viajar. Queremos que la gente recuerde conducir con seguridad y planificar su viaje con antelaci\u00f3n para no sentirse apurada.  <\/p>\n<cite>Peter Abbarno, abogado de Althauser Rayan Abbarno en Centralia, WA<\/cite><\/blockquote>\n\n<p>Ya hasta el 26 de mayo de 2023, el Departamento de Transporte del Estado de Washington <a rel=\"noreferrer noopener\" href=\"https:\/\/remoteapps.wsdot.wa.gov\/highwaysafety\/collision\/data\/portal\/public\/\" target=\"_blank\">informa de<\/a> m\u00e1s de 10.762 colisiones con 202 v\u00edctimas mortales y m\u00e1s de 3.000 heridos. En las estad\u00edsticas se incluyen m\u00e1s de 350 colisiones de peatones, con 42 v\u00edctimas mortales; 100 colisiones de ciclistas, con dos v\u00edctimas mortales; y 180 colisiones de motocicletas, con 24 v\u00edctimas mortales.   <\/p>\n\n<figure class=\"wp-block-image aligncenter size-full\"><img loading=\"lazy\" decoding=\"async\" width=\"726\" height=\"554\" src=\"https:\/\/centralialaw.com\/wp-content\/uploads\/2023\/05\/image.png\" alt=\"\" class=\"wp-image-16821\" srcset=\"https:\/\/centralialaw.com\/wp-content\/uploads\/2023\/05\/image.png 726w, https:\/\/centralialaw.com\/wp-content\/uploads\/2023\/05\/image-480x366.png 480w\" sizes=\"(min-width: 0px) and (max-width: 480px) 480px, (min-width: 481px) 726px, 100vw\" \/><\/figure>\n\n<p>Para quienes viajen por el Estado de Washington, consulten <a href=\"https:\/\/wsdot.wa.gov\/travel\/times\/holidays\/memorial-day\/driver-tips\">las tablas de volumen de tr\u00e1fico <\/a> del WSDOT del fin de semana del D\u00eda de los Ca\u00eddos para determinar las mejores horas para viajar por las rutas clave. Debido al cierre de la frontera entre EE.UU. y Canad\u00e1 a los viajes no esenciales, no habr\u00e1 gr\u00e1ficos de viaje para el paso fronterizo. Los viajeros tambi\u00e9n deben comprobar con antelaci\u00f3n cualquier requisito de seguridad COVID-19 en sus destinos o paradas por el camino.  <\/p>\n\n<p>Planificar con antelaci\u00f3n Siguiendo estos pasos, los viajeros pueden \u201csaber antes de salir\u201d y planificar con antelaci\u00f3n, tanto si s\u00f3lo viajan por la ciudad como por el estado:<\/p>\n\n<ul class=\"wp-block-list\">\n<li>Inf\u00f3rmate sobre las <a href=\"https:\/\/wsdot.wa.gov\/Inform\/default.htm\">herramientas online<\/a> del <a href=\"https:\/\/wsdot.wa.gov\/Inform\/mobile.htm\">WSDOT, como la aplicaci\u00f3n m\u00f3vil del WSDOT<\/a>, las c\u00e1maras de tr\u00e1fico y las alertas por correo electr\u00f3nico.<\/li>\n\n\n\n<li>Visita <a href=\"http:\/\/www.wsdot.com\/traffic\/\">informaci\u00f3n online para el viajero<\/a> sobre el tr\u00e1fico, el tiempo y los horarios de los transbordadores.<\/li>\n\n\n\n<li>Sigue las cuentas del WSDOT en las redes sociales, como <a href=\"https:\/\/wsdot.wa.gov\/Inform\/twitter.htm\">Twitter<\/a> y <a href=\"https:\/\/www.facebook.com\/WSDOT\/\">Facebook<\/a>.<\/li>\n\n\n\n<li>Preprograma la radio de tu veh\u00edculo en 530 AM y 1610 AM para recibir avisos por radio de carreteras.<\/li>\n\n\n\n<li>Llama al 5-1-1 para conocer el estado actualizado de las carreteras.<\/li>\n\n\n\n<li>Ten un lugar exterior de reserva si tu primera opci\u00f3n est\u00e1 llena y nunca aparques en los arcenes de las carreteras, ya que es inseguro para todos los que circulan por ellas.<\/li>\n\n\n\n<li>Deja tiempo extra para el viaje, para evitar prisas o distracciones.<\/li>\n\n\n\n<li>Lleva agua y comida de sobra, as\u00ed como m\u00e1scaras y desinfectante de manos, como precauci\u00f3n a\u00f1adida para emergencias o paradas inesperadas.<\/li>\n<\/ul>\n\n<figure class=\"wp-block-image aligncenter size-full\"><img loading=\"lazy\" decoding=\"async\" width=\"650\" height=\"338\" src=\"https:\/\/centralialaw.com\/wp-content\/uploads\/2021\/05\/memorial-day-2023-I-5_NB-Mon.png\" alt=\"\" class=\"wp-image-16822\" srcset=\"https:\/\/centralialaw.com\/wp-content\/uploads\/2021\/05\/memorial-day-2023-I-5_NB-Mon.png 650w, https:\/\/centralialaw.com\/wp-content\/uploads\/2021\/05\/memorial-day-2023-I-5_NB-Mon-480x250.png 480w\" sizes=\"(min-width: 0px) and (max-width: 480px) 480px, (min-width: 481px) 650px, 100vw\" \/><\/figure>\n\n<blockquote class=\"wp-block-quote is-layout-flow wp-block-quote-is-layout-flow\">\n<p>Es importante que te tomes tu tiempo cuando viajes y planifiques con antelaci\u00f3n; especialmente durante un fin de semana festivo de mucho tr\u00e1fico. Si no puedes evitar una colisi\u00f3n, llama a las fuerzas de seguridad para hacer un informe preciso, acude al m\u00e9dico o a urgencias si est\u00e1s herido y haz un seguimiento m\u00e9dico, llama a tu seguro para informar de la colisi\u00f3n y, por \u00faltimo, busca asesoramiento jur\u00eddico para saber c\u00f3mo proceder. La mayor\u00eda de los abogados especializados en lesiones, como Althauser Rayan Abbarno, ofrecen consultas gratuitas.    <\/p>\n<cite>Peter Abbarno es abogado de Althauser Rayan Abbarno, con oficinas en Olympia y Centralia, WA.<\/cite><\/blockquote>\n\n<h2 class=\"wp-block-heading\">\u00bfNecesitas un abogado?<\/h2>\n\n<p>Los abogados y el personal de Althauser Rayan Abbarno te desean a ti y a tu familia unas vacaciones seguras el D\u00eda de los Ca\u00eddos. Si te has visto implicado en una colisi\u00f3n, llama a nuestros abogados para una consulta <strong>GRATUITA<\/strong> en Olympia o Centralia al (360) 736-1301 o visita <a href=\"http:\/\/www.CentraliaLaw.com\" target=\"_blank\" rel=\"noreferrer noopener\">www.CentraliaLaw.com <\/a>.   <\/p>\n\n<figure class=\"wp-block-image aligncenter size-full\"><a href=\"https:\/\/centralialaw.com\/wp-content\/uploads\/2022\/09\/ARA-Atttorneys-at-law-logo2.png\"><img loading=\"lazy\" decoding=\"async\" width=\"591\" height=\"168\" src=\"https:\/\/centralialaw.com\/wp-content\/uploads\/2022\/09\/ARA-Atttorneys-at-law-logo2.png\" alt=\"\" class=\"wp-image-16407\" srcset=\"https:\/\/centralialaw.com\/wp-content\/uploads\/2022\/09\/ARA-Atttorneys-at-law-logo2.png 591w, https:\/\/centralialaw.com\/wp-content\/uploads\/2022\/09\/ARA-Atttorneys-at-law-logo2-480x136.png 480w\" sizes=\"(min-width: 0px) and (max-width: 480px) 480px, (min-width: 481px) 591px, 100vw\" \/><\/a><\/figure>\n","protected":false},"excerpt":{"rendered":"<p>La Asociaci\u00f3n Americana del Autom\u00f3vil (AAA) prev\u00e9 un aumento del 7% en el volumen de viajes para el fin de semana festivo en comparaci\u00f3n con el a\u00f1o pasado, seg\u00fan la previsi\u00f3n anual de viajes de la organizaci\u00f3n publicada el lunes. En total, la AAA espera que 42,3 millones de estadounidenses viajen a 80 km o [&hellip;]<\/p>\n","protected":false},"author":1,"featured_media":17327,"comment_status":"closed","ping_status":"open","sticky":false,"template":"","format":"standard","meta":{"_et_pb_use_builder":"","_et_pb_old_content":"","_et_gb_content_width":"","footnotes":""},"categories":[415],"tags":[371,389,410,369,407,490,408,373,372],"class_list":["post-17565","post","type-post","status-publish","format-standard","has-post-thumbnail","hentry","category-lesiones-personales","tag-abogado-es","tag-abogado-es-2","tag-accidente-de-trafico","tag-centralia-es","tag-chehalis-es","tag-dia-de-los-caidos","tag-lesiones","tag-lesiones-personales","tag-olimpia"],"yoast_head":"<!-- This site is optimized with the Yoast SEO plugin v27.4 - https:\/\/yoast.com\/product\/yoast-seo-wordpress\/ -->\n<title>Aumentan los desplazamientos durante el fin de semana del Memorial Day - Planificaci\u00f3n de la congesti\u00f3n y la seguridad - Ley Centralia<\/title>\n<meta name=\"description\" content=\"Los abogados y el personal de Althauser Rayan Abbarno te desean a ti y a tu familia unas vacaciones seguras el D\u00eda de los Ca\u00eddos. Si te has visto implicado en una colisi\u00f3n, llama a nuestros abogados para una consulta GRATUITA en Olympia o Centralia al (360) 736-1301 o visita www.CentraliaLaw.com.\" \/>\n<meta name=\"robots\" content=\"index, follow, max-snippet:-1, max-image-preview:large, max-video-preview:-1\" \/>\n<link rel=\"canonical\" href=\"https:\/\/centralialaw.com\/es\/aumentan-los-desplazamientos-durante-el-fin-de-semana-del-memorial-day-planificacion-de-la-congestion-y-la-seguridad\/\" \/>\n<meta property=\"og:locale\" content=\"es_ES\" \/>\n<meta property=\"og:type\" content=\"article\" \/>\n<meta property=\"og:title\" content=\"Aumentan los desplazamientos durante el fin de semana del Memorial Day - Planificaci\u00f3n de la congesti\u00f3n y la seguridad - Ley Centralia\" \/>\n<meta property=\"og:description\" content=\"Los abogados y el personal de Althauser Rayan Abbarno te desean a ti y a tu familia unas vacaciones seguras el D\u00eda de los Ca\u00eddos. Si te has visto implicado en una colisi\u00f3n, llama a nuestros abogados para una consulta GRATUITA en Olympia o Centralia al (360) 736-1301 o visita www.CentraliaLaw.com.\" \/>\n<meta property=\"og:url\" content=\"https:\/\/centralialaw.com\/es\/aumentan-los-desplazamientos-durante-el-fin-de-semana-del-memorial-day-planificacion-de-la-congestion-y-la-seguridad\/\" \/>\n<meta property=\"og:site_name\" content=\"Ley Centralia\" \/>\n<meta property=\"article:publisher\" content=\"https:\/\/www.facebook.com\/AlthauserRayanAbbarno\/\" \/>\n<meta property=\"article:published_time\" content=\"2023-05-26T15:00:53+00:00\" \/>\n<meta property=\"article:modified_time\" content=\"2025-05-30T19:39:44+00:00\" \/>\n<meta property=\"og:image\" content=\"https:\/\/centralialaw.com\/wp-content\/uploads\/2021\/05\/memorial-day-2023-I-5_NB-Mon.png\" \/>\n\t<meta property=\"og:image:width\" content=\"650\" \/>\n\t<meta property=\"og:image:height\" content=\"338\" \/>\n\t<meta property=\"og:image:type\" content=\"image\/png\" \/>\n<meta name=\"author\" content=\"silveragency\" \/>\n<meta name=\"twitter:card\" content=\"summary_large_image\" \/>\n<meta name=\"twitter:creator\" content=\"@PeterAbbarno\" \/>\n<meta name=\"twitter:site\" content=\"@PeterAbbarno\" \/>\n<meta name=\"twitter:label1\" content=\"Written by\" \/>\n\t<meta name=\"twitter:data1\" content=\"silveragency\" \/>\n\t<meta name=\"twitter:label2\" content=\"Est. reading time\" \/>\n\t<meta name=\"twitter:data2\" content=\"3 minutos\" \/>\n<script type=\"application\/ld+json\" class=\"yoast-schema-graph\">{\"@context\":\"https:\\\/\\\/schema.org\",\"@graph\":[{\"@type\":\"Article\",\"@id\":\"https:\\\/\\\/centralialaw.com\\\/es\\\/aumentan-los-desplazamientos-durante-el-fin-de-semana-del-memorial-day-planificacion-de-la-congestion-y-la-seguridad\\\/#article\",\"isPartOf\":{\"@id\":\"https:\\\/\\\/centralialaw.com\\\/es\\\/aumentan-los-desplazamientos-durante-el-fin-de-semana-del-memorial-day-planificacion-de-la-congestion-y-la-seguridad\\\/\"},\"author\":{\"name\":\"silveragency\",\"@id\":\"https:\\\/\\\/centralialaw.com\\\/es\\\/#\\\/schema\\\/person\\\/c90a306e6cec19446363bb73622e38f0\"},\"headline\":\"Aumentan los desplazamientos durante el fin de semana del Memorial Day &#8211; Planificaci\u00f3n de la congesti\u00f3n y la seguridad\",\"datePublished\":\"2023-05-26T15:00:53+00:00\",\"dateModified\":\"2025-05-30T19:39:44+00:00\",\"mainEntityOfPage\":{\"@id\":\"https:\\\/\\\/centralialaw.com\\\/es\\\/aumentan-los-desplazamientos-durante-el-fin-de-semana-del-memorial-day-planificacion-de-la-congestion-y-la-seguridad\\\/\"},\"wordCount\":701,\"publisher\":{\"@id\":\"https:\\\/\\\/centralialaw.com\\\/es\\\/#organization\"},\"image\":{\"@id\":\"https:\\\/\\\/centralialaw.com\\\/es\\\/aumentan-los-desplazamientos-durante-el-fin-de-semana-del-memorial-day-planificacion-de-la-congestion-y-la-seguridad\\\/#primaryimage\"},\"thumbnailUrl\":\"https:\\\/\\\/centralialaw.com\\\/wp-content\\\/uploads\\\/2021\\\/05\\\/memorial-day-2023-I-5_NB-Mon.png\",\"keywords\":[\"Abogado\",\"Abogado\",\"Accidente de tr\u00e1fico\",\"Centralia\",\"Chehalis\",\"D\u00eda de los Ca\u00eddos\",\"Lesiones\",\"Lesiones personales\",\"Olimpia\"],\"articleSection\":[\"Lesiones personales\"],\"inLanguage\":\"es\"},{\"@type\":\"WebPage\",\"@id\":\"https:\\\/\\\/centralialaw.com\\\/es\\\/aumentan-los-desplazamientos-durante-el-fin-de-semana-del-memorial-day-planificacion-de-la-congestion-y-la-seguridad\\\/\",\"url\":\"https:\\\/\\\/centralialaw.com\\\/es\\\/aumentan-los-desplazamientos-durante-el-fin-de-semana-del-memorial-day-planificacion-de-la-congestion-y-la-seguridad\\\/\",\"name\":\"Aumentan los desplazamientos durante el fin de semana del Memorial Day - Planificaci\u00f3n de la congesti\u00f3n y la seguridad - Ley Centralia\",\"isPartOf\":{\"@id\":\"https:\\\/\\\/centralialaw.com\\\/es\\\/#website\"},\"primaryImageOfPage\":{\"@id\":\"https:\\\/\\\/centralialaw.com\\\/es\\\/aumentan-los-desplazamientos-durante-el-fin-de-semana-del-memorial-day-planificacion-de-la-congestion-y-la-seguridad\\\/#primaryimage\"},\"image\":{\"@id\":\"https:\\\/\\\/centralialaw.com\\\/es\\\/aumentan-los-desplazamientos-durante-el-fin-de-semana-del-memorial-day-planificacion-de-la-congestion-y-la-seguridad\\\/#primaryimage\"},\"thumbnailUrl\":\"https:\\\/\\\/centralialaw.com\\\/wp-content\\\/uploads\\\/2021\\\/05\\\/memorial-day-2023-I-5_NB-Mon.png\",\"datePublished\":\"2023-05-26T15:00:53+00:00\",\"dateModified\":\"2025-05-30T19:39:44+00:00\",\"description\":\"Los abogados y el personal de Althauser Rayan Abbarno te desean a ti y a tu familia unas vacaciones seguras el D\u00eda de los Ca\u00eddos. Si te has visto implicado en una colisi\u00f3n, llama a nuestros abogados para una consulta GRATUITA en Olympia o Centralia al (360) 736-1301 o visita www.CentraliaLaw.com.\",\"breadcrumb\":{\"@id\":\"https:\\\/\\\/centralialaw.com\\\/es\\\/aumentan-los-desplazamientos-durante-el-fin-de-semana-del-memorial-day-planificacion-de-la-congestion-y-la-seguridad\\\/#breadcrumb\"},\"inLanguage\":\"es\",\"potentialAction\":[{\"@type\":\"ReadAction\",\"target\":[\"https:\\\/\\\/centralialaw.com\\\/es\\\/aumentan-los-desplazamientos-durante-el-fin-de-semana-del-memorial-day-planificacion-de-la-congestion-y-la-seguridad\\\/\"]}]},{\"@type\":\"ImageObject\",\"inLanguage\":\"es\",\"@id\":\"https:\\\/\\\/centralialaw.com\\\/es\\\/aumentan-los-desplazamientos-durante-el-fin-de-semana-del-memorial-day-planificacion-de-la-congestion-y-la-seguridad\\\/#primaryimage\",\"url\":\"https:\\\/\\\/centralialaw.com\\\/wp-content\\\/uploads\\\/2021\\\/05\\\/memorial-day-2023-I-5_NB-Mon.png\",\"contentUrl\":\"https:\\\/\\\/centralialaw.com\\\/wp-content\\\/uploads\\\/2021\\\/05\\\/memorial-day-2023-I-5_NB-Mon.png\",\"width\":650,\"height\":338},{\"@type\":\"BreadcrumbList\",\"@id\":\"https:\\\/\\\/centralialaw.com\\\/es\\\/aumentan-los-desplazamientos-durante-el-fin-de-semana-del-memorial-day-planificacion-de-la-congestion-y-la-seguridad\\\/#breadcrumb\",\"itemListElement\":[{\"@type\":\"ListItem\",\"position\":1,\"name\":\"Inicio\",\"item\":\"https:\\\/\\\/centralialaw.com\\\/es\\\/\"},{\"@type\":\"ListItem\",\"position\":2,\"name\":\"Aumentan los desplazamientos durante el fin de semana del Memorial Day &#8211; Planificaci\u00f3n de la congesti\u00f3n y la seguridad\"}]},{\"@type\":\"WebSite\",\"@id\":\"https:\\\/\\\/centralialaw.com\\\/es\\\/#website\",\"url\":\"https:\\\/\\\/centralialaw.com\\\/es\\\/\",\"name\":\"Centralia Law\",\"description\":\"Al servicio del estado de Washington desde hace m\u00e1s de 75 a\u00f1os - Althauser Rayan Abbarno \",\"publisher\":{\"@id\":\"https:\\\/\\\/centralialaw.com\\\/es\\\/#organization\"},\"potentialAction\":[{\"@type\":\"SearchAction\",\"target\":{\"@type\":\"EntryPoint\",\"urlTemplate\":\"https:\\\/\\\/centralialaw.com\\\/es\\\/?s={search_term_string}\"},\"query-input\":{\"@type\":\"PropertyValueSpecification\",\"valueRequired\":true,\"valueName\":\"search_term_string\"}}],\"inLanguage\":\"es\"},{\"@type\":\"Organization\",\"@id\":\"https:\\\/\\\/centralialaw.com\\\/es\\\/#organization\",\"name\":\"Ley Centralia\",\"url\":\"https:\\\/\\\/centralialaw.com\\\/es\\\/\",\"logo\":{\"@type\":\"ImageObject\",\"inLanguage\":\"es\",\"@id\":\"https:\\\/\\\/centralialaw.com\\\/es\\\/#\\\/schema\\\/logo\\\/image\\\/\",\"url\":\"https:\\\/\\\/centralialaw.com\\\/wp-content\\\/uploads\\\/2022\\\/05\\\/ARA-Logo.png\",\"contentUrl\":\"https:\\\/\\\/centralialaw.com\\\/wp-content\\\/uploads\\\/2022\\\/05\\\/ARA-Logo.png\",\"width\":1153,\"height\":364,\"caption\":\"Ley Centralia\"},\"image\":{\"@id\":\"https:\\\/\\\/centralialaw.com\\\/es\\\/#\\\/schema\\\/logo\\\/image\\\/\"},\"sameAs\":[\"https:\\\/\\\/www.facebook.com\\\/AlthauserRayanAbbarno\\\/\",\"https:\\\/\\\/x.com\\\/PeterAbbarno\"]},{\"@type\":\"Person\",\"@id\":\"https:\\\/\\\/centralialaw.com\\\/es\\\/#\\\/schema\\\/person\\\/c90a306e6cec19446363bb73622e38f0\",\"name\":\"silveragency\",\"image\":{\"@type\":\"ImageObject\",\"inLanguage\":\"es\",\"@id\":\"https:\\\/\\\/secure.gravatar.com\\\/avatar\\\/4651f4f7a0b935cb1de39e18a57f11b714fe08c8958a68707e471418252972e5?s=96&d=mm&r=g\",\"url\":\"https:\\\/\\\/secure.gravatar.com\\\/avatar\\\/4651f4f7a0b935cb1de39e18a57f11b714fe08c8958a68707e471418252972e5?s=96&d=mm&r=g\",\"contentUrl\":\"https:\\\/\\\/secure.gravatar.com\\\/avatar\\\/4651f4f7a0b935cb1de39e18a57f11b714fe08c8958a68707e471418252972e5?s=96&d=mm&r=g\",\"caption\":\"silveragency\"},\"sameAs\":[\"http:\\\/\\\/centralialaw.com\"],\"url\":\"https:\\\/\\\/centralialaw.com\\\/es\\\/author\\\/silveragency\\\/\"}]}<\/script>\n<!-- \/ Yoast SEO plugin. -->","yoast_head_json":{"title":"Aumentan los desplazamientos durante el fin de semana del Memorial Day - Planificaci\u00f3n de la congesti\u00f3n y la seguridad - Ley Centralia","description":"Los abogados y el personal de Althauser Rayan Abbarno te desean a ti y a tu familia unas vacaciones seguras el D\u00eda de los Ca\u00eddos. Si te has visto implicado en una colisi\u00f3n, llama a nuestros abogados para una consulta GRATUITA en Olympia o Centralia al (360) 736-1301 o visita www.CentraliaLaw.com.","robots":{"index":"index","follow":"follow","max-snippet":"max-snippet:-1","max-image-preview":"max-image-preview:large","max-video-preview":"max-video-preview:-1"},"canonical":"https:\/\/centralialaw.com\/es\/aumentan-los-desplazamientos-durante-el-fin-de-semana-del-memorial-day-planificacion-de-la-congestion-y-la-seguridad\/","og_locale":"es_ES","og_type":"article","og_title":"Aumentan los desplazamientos durante el fin de semana del Memorial Day - Planificaci\u00f3n de la congesti\u00f3n y la seguridad - Ley Centralia","og_description":"Los abogados y el personal de Althauser Rayan Abbarno te desean a ti y a tu familia unas vacaciones seguras el D\u00eda de los Ca\u00eddos. Si te has visto implicado en una colisi\u00f3n, llama a nuestros abogados para una consulta GRATUITA en Olympia o Centralia al (360) 736-1301 o visita www.CentraliaLaw.com.","og_url":"https:\/\/centralialaw.com\/es\/aumentan-los-desplazamientos-durante-el-fin-de-semana-del-memorial-day-planificacion-de-la-congestion-y-la-seguridad\/","og_site_name":"Ley Centralia","article_publisher":"https:\/\/www.facebook.com\/AlthauserRayanAbbarno\/","article_published_time":"2023-05-26T15:00:53+00:00","article_modified_time":"2025-05-30T19:39:44+00:00","og_image":[{"width":650,"height":338,"url":"https:\/\/centralialaw.com\/wp-content\/uploads\/2021\/05\/memorial-day-2023-I-5_NB-Mon.png","type":"image\/png"}],"author":"silveragency","twitter_card":"summary_large_image","twitter_creator":"@PeterAbbarno","twitter_site":"@PeterAbbarno","twitter_misc":{"Written by":"silveragency","Est. reading time":"3 minutos"},"schema":{"@context":"https:\/\/schema.org","@graph":[{"@type":"Article","@id":"https:\/\/centralialaw.com\/es\/aumentan-los-desplazamientos-durante-el-fin-de-semana-del-memorial-day-planificacion-de-la-congestion-y-la-seguridad\/#article","isPartOf":{"@id":"https:\/\/centralialaw.com\/es\/aumentan-los-desplazamientos-durante-el-fin-de-semana-del-memorial-day-planificacion-de-la-congestion-y-la-seguridad\/"},"author":{"name":"silveragency","@id":"https:\/\/centralialaw.com\/es\/#\/schema\/person\/c90a306e6cec19446363bb73622e38f0"},"headline":"Aumentan los desplazamientos durante el fin de semana del Memorial Day &#8211; Planificaci\u00f3n de la congesti\u00f3n y la seguridad","datePublished":"2023-05-26T15:00:53+00:00","dateModified":"2025-05-30T19:39:44+00:00","mainEntityOfPage":{"@id":"https:\/\/centralialaw.com\/es\/aumentan-los-desplazamientos-durante-el-fin-de-semana-del-memorial-day-planificacion-de-la-congestion-y-la-seguridad\/"},"wordCount":701,"publisher":{"@id":"https:\/\/centralialaw.com\/es\/#organization"},"image":{"@id":"https:\/\/centralialaw.com\/es\/aumentan-los-desplazamientos-durante-el-fin-de-semana-del-memorial-day-planificacion-de-la-congestion-y-la-seguridad\/#primaryimage"},"thumbnailUrl":"https:\/\/centralialaw.com\/wp-content\/uploads\/2021\/05\/memorial-day-2023-I-5_NB-Mon.png","keywords":["Abogado","Abogado","Accidente de tr\u00e1fico","Centralia","Chehalis","D\u00eda de los Ca\u00eddos","Lesiones","Lesiones personales","Olimpia"],"articleSection":["Lesiones personales"],"inLanguage":"es"},{"@type":"WebPage","@id":"https:\/\/centralialaw.com\/es\/aumentan-los-desplazamientos-durante-el-fin-de-semana-del-memorial-day-planificacion-de-la-congestion-y-la-seguridad\/","url":"https:\/\/centralialaw.com\/es\/aumentan-los-desplazamientos-durante-el-fin-de-semana-del-memorial-day-planificacion-de-la-congestion-y-la-seguridad\/","name":"Aumentan los desplazamientos durante el fin de semana del Memorial Day - Planificaci\u00f3n de la congesti\u00f3n y la seguridad - Ley Centralia","isPartOf":{"@id":"https:\/\/centralialaw.com\/es\/#website"},"primaryImageOfPage":{"@id":"https:\/\/centralialaw.com\/es\/aumentan-los-desplazamientos-durante-el-fin-de-semana-del-memorial-day-planificacion-de-la-congestion-y-la-seguridad\/#primaryimage"},"image":{"@id":"https:\/\/centralialaw.com\/es\/aumentan-los-desplazamientos-durante-el-fin-de-semana-del-memorial-day-planificacion-de-la-congestion-y-la-seguridad\/#primaryimage"},"thumbnailUrl":"https:\/\/centralialaw.com\/wp-content\/uploads\/2021\/05\/memorial-day-2023-I-5_NB-Mon.png","datePublished":"2023-05-26T15:00:53+00:00","dateModified":"2025-05-30T19:39:44+00:00","description":"Los abogados y el personal de Althauser Rayan Abbarno te desean a ti y a tu familia unas vacaciones seguras el D\u00eda de los Ca\u00eddos. Si te has visto implicado en una colisi\u00f3n, llama a nuestros abogados para una consulta GRATUITA en Olympia o Centralia al (360) 736-1301 o visita www.CentraliaLaw.com.","breadcrumb":{"@id":"https:\/\/centralialaw.com\/es\/aumentan-los-desplazamientos-durante-el-fin-de-semana-del-memorial-day-planificacion-de-la-congestion-y-la-seguridad\/#breadcrumb"},"inLanguage":"es","potentialAction":[{"@type":"ReadAction","target":["https:\/\/centralialaw.com\/es\/aumentan-los-desplazamientos-durante-el-fin-de-semana-del-memorial-day-planificacion-de-la-congestion-y-la-seguridad\/"]}]},{"@type":"ImageObject","inLanguage":"es","@id":"https:\/\/centralialaw.com\/es\/aumentan-los-desplazamientos-durante-el-fin-de-semana-del-memorial-day-planificacion-de-la-congestion-y-la-seguridad\/#primaryimage","url":"https:\/\/centralialaw.com\/wp-content\/uploads\/2021\/05\/memorial-day-2023-I-5_NB-Mon.png","contentUrl":"https:\/\/centralialaw.com\/wp-content\/uploads\/2021\/05\/memorial-day-2023-I-5_NB-Mon.png","width":650,"height":338},{"@type":"BreadcrumbList","@id":"https:\/\/centralialaw.com\/es\/aumentan-los-desplazamientos-durante-el-fin-de-semana-del-memorial-day-planificacion-de-la-congestion-y-la-seguridad\/#breadcrumb","itemListElement":[{"@type":"ListItem","position":1,"name":"Inicio","item":"https:\/\/centralialaw.com\/es\/"},{"@type":"ListItem","position":2,"name":"Aumentan los desplazamientos durante el fin de semana del Memorial Day &#8211; Planificaci\u00f3n de la congesti\u00f3n y la seguridad"}]},{"@type":"WebSite","@id":"https:\/\/centralialaw.com\/es\/#website","url":"https:\/\/centralialaw.com\/es\/","name":"Centralia Law","description":"Al servicio del estado de Washington desde hace m\u00e1s de 75 a\u00f1os - Althauser Rayan Abbarno ","publisher":{"@id":"https:\/\/centralialaw.com\/es\/#organization"},"potentialAction":[{"@type":"SearchAction","target":{"@type":"EntryPoint","urlTemplate":"https:\/\/centralialaw.com\/es\/?s={search_term_string}"},"query-input":{"@type":"PropertyValueSpecification","valueRequired":true,"valueName":"search_term_string"}}],"inLanguage":"es"},{"@type":"Organization","@id":"https:\/\/centralialaw.com\/es\/#organization","name":"Ley Centralia","url":"https:\/\/centralialaw.com\/es\/","logo":{"@type":"ImageObject","inLanguage":"es","@id":"https:\/\/centralialaw.com\/es\/#\/schema\/logo\/image\/","url":"https:\/\/centralialaw.com\/wp-content\/uploads\/2022\/05\/ARA-Logo.png","contentUrl":"https:\/\/centralialaw.com\/wp-content\/uploads\/2022\/05\/ARA-Logo.png","width":1153,"height":364,"caption":"Ley Centralia"},"image":{"@id":"https:\/\/centralialaw.com\/es\/#\/schema\/logo\/image\/"},"sameAs":["https:\/\/www.facebook.com\/AlthauserRayanAbbarno\/","https:\/\/x.com\/PeterAbbarno"]},{"@type":"Person","@id":"https:\/\/centralialaw.com\/es\/#\/schema\/person\/c90a306e6cec19446363bb73622e38f0","name":"silveragency","image":{"@type":"ImageObject","inLanguage":"es","@id":"https:\/\/secure.gravatar.com\/avatar\/4651f4f7a0b935cb1de39e18a57f11b714fe08c8958a68707e471418252972e5?s=96&d=mm&r=g","url":"https:\/\/secure.gravatar.com\/avatar\/4651f4f7a0b935cb1de39e18a57f11b714fe08c8958a68707e471418252972e5?s=96&d=mm&r=g","contentUrl":"https:\/\/secure.gravatar.com\/avatar\/4651f4f7a0b935cb1de39e18a57f11b714fe08c8958a68707e471418252972e5?s=96&d=mm&r=g","caption":"silveragency"},"sameAs":["http:\/\/centralialaw.com"],"url":"https:\/\/centralialaw.com\/es\/author\/silveragency\/"}]}},"_links":{"self":[{"href":"https:\/\/centralialaw.com\/es\/wp-json\/wp\/v2\/posts\/17565","targetHints":{"allow":["GET"]}}],"collection":[{"href":"https:\/\/centralialaw.com\/es\/wp-json\/wp\/v2\/posts"}],"about":[{"href":"https:\/\/centralialaw.com\/es\/wp-json\/wp\/v2\/types\/post"}],"author":[{"embeddable":true,"href":"https:\/\/centralialaw.com\/es\/wp-json\/wp\/v2\/users\/1"}],"replies":[{"embeddable":true,"href":"https:\/\/centralialaw.com\/es\/wp-json\/wp\/v2\/comments?post=17565"}],"version-history":[{"count":0,"href":"https:\/\/centralialaw.com\/es\/wp-json\/wp\/v2\/posts\/17565\/revisions"}],"wp:featuredmedia":[{"embeddable":true,"href":"https:\/\/centralialaw.com\/es\/wp-json\/wp\/v2\/media\/17327"}],"wp:attachment":[{"href":"https:\/\/centralialaw.com\/es\/wp-json\/wp\/v2\/media?parent=17565"}],"wp:term":[{"taxonomy":"category","embeddable":true,"href":"https:\/\/centralialaw.com\/es\/wp-json\/wp\/v2\/categories?post=17565"},{"taxonomy":"post_tag","embeddable":true,"href":"https:\/\/centralialaw.com\/es\/wp-json\/wp\/v2\/tags?post=17565"}],"curies":[{"name":"wp","href":"https:\/\/api.w.org\/{rel}","templated":true}]}}