{"id":17574,"date":"2023-08-10T08:57:34","date_gmt":"2023-08-10T15:57:34","guid":{"rendered":"https:\/\/centralialaw.com\/recogida-de-suministros-para-la-vuelta-al-cole-en-centralia\/"},"modified":"2025-05-30T12:39:59","modified_gmt":"2025-05-30T19:39:59","slug":"recogida-de-suministros-para-la-vuelta-al-cole-en-centralia","status":"publish","type":"post","link":"https:\/\/centralialaw.com\/es\/recogida-de-suministros-para-la-vuelta-al-cole-en-centralia\/","title":{"rendered":"\u00a1Recogida de suministros para la vuelta al cole en Centralia!"},"content":{"rendered":"\n<p>Es esa \u00e9poca del a\u00f1o en la que alumnos y profesores empiezan a pensar en volver a las aulas. Tambi\u00e9n es el momento en que los padres empiezan a pensar en el coste del material escolar. Mientras que algunas familias pueden absorber el aumento del coste del material escolar y la ropa, muchas pasan apuros en medio de los precios de la gasolina m\u00e1s altos del pa\u00eds y una inflaci\u00f3n r\u00e9cord.    <\/p>\n\n<p>El \u00cdndice Huntington de Mochilas y la Federaci\u00f3n Nacional de Minoristas estiman que el coste del material escolar de los alumnos supera los 800 $ para los alumnos de preescolar a bachillerato y hasta 1.600 $ en funci\u00f3n de sus actividades extraescolares. El aumento del coste supone una parte importante del presupuesto de una familia. Como padre de dos hijos escolarizados, tambi\u00e9n veo y siento el coste del material escolar. Por eso, hace casi una d\u00e9cada, mi esposa Holly, profesora del distrito escolar de Centralia, y yo ayudamos a poner en marcha la Campa\u00f1a de recogida de material escolar de Centralia.   <\/p>\n\n<p>Todo alumno debe tener las herramientas necesarias para tener \u00e9xito en la escuela, y eso empieza por estar preparado el primer d\u00eda. Con demasiada frecuencia, mi esposa, al igual que muchos miembros del personal escolar, se ha encontrado con alumnos sin calzado o ropa adecuados, sin folios, carpetas o material. Si la familia de un alumno no tiene medios econ\u00f3micos para comprar material escolar y ropa adecuada para el tiempo, ser\u00e1 menos probable que se concentre, trabaje y tenga \u00e9xito en la escuela.  <\/p>\n\n<p>Una campa\u00f1a de recogida de material escolar es una oportunidad para equipar a nuestros ni\u00f1os y enviar el mensaje de que creemos y apoyamos a todos nuestros alumnos; alumnos que un d\u00eda ser\u00e1n los l\u00edderes y propietarios de negocios de nuestra comunidad.<\/p>\n\n<p>Cuando formaba parte del Ayuntamiento de Centralia, recuerdo que el personal del Ayuntamiento de Centralia proporcion\u00f3 25 mochilas totalmente cargadas para la campa\u00f1a de recogida de suministros. No fue hasta que abr\u00ed una mochila cuando encontr\u00e9 una peque\u00f1a nota y un billete de un d\u00f3lar clavados en el bolsillo interior que dec\u00edan: \u201cCreemos en ti, \u00a1buena suerte!\u201d.   <\/p>\n\n<p>Esa nota, y otras similares, seguramente inspiraron a los estudiantes que las recibieron.<\/p>\n\n<p>Peque\u00f1os gestos de esperanza a un joven estudiante pueden ser la diferencia entre el \u00e9xito y el fracaso y la diferencia entre el \u00e9xito y la perpetuaci\u00f3n de la pobreza intergeneracional. Quiz\u00e1 no podamos ayudar a todas las familias y a todos los estudiantes, pero podemos ser el cambio para una familia cada vez y para un estudiante cada vez.   <\/p>\n\n<p>Algunos podr\u00edan leer este art\u00edculo y responder que \u201cno es su trabajo mantener a los hijos de otros\u201d o \u201cno importa ya que no tienen hijos en la escuela\u201d.  <\/p>\n\n<p>Lo he o\u00eddo todo de pie fuera de Walmart recogiendo suministros y donativos.  <\/p>\n\n<p>Esto es lo que yo creo: Creo que nuestros hijos no deben sufrir innecesariamente acad\u00e9micamente por las circunstancias econ\u00f3micas de su familia o comunidad. Creo que todos los alumnos deben empezar el curso escolar con una oportunidad de \u00e9xito y con la sensaci\u00f3n de que pertenecen a algo. Creo que el peque\u00f1o gesto de proporcionar una mochila llena del material escolar necesario puede tener un enorme impacto positivo que puede durar generaciones. Lo creo porque, casi 10 a\u00f1os despu\u00e9s, escucho historias de antiguos alumnos del Distrito Escolar de Centralia que cuentan que las donaciones y el apoyo de la comunidad a la campa\u00f1a de recogida de material les ayudaron a triunfar y les dieron esperanza.   <\/p>\n\n<p>Hay muchas campa\u00f1as locales de material escolar que merecen la pena.  <\/p>\n\n<p><strong>Nuestra campa\u00f1a de recogida de suministros para la vuelta al cole de Centralia y el acto \u201cStuff-the-Bus\u201d (Rellena el autob\u00fas) tendr\u00e1n lugar en Walmart, en Chehalis, del 11 al 12 de agosto, de 9 de la ma\u00f1ana a 5 de la tarde. <\/strong> <\/p>\n\n<p>Por favor, considera la posibilidad de patrocinar el acto, contribuir o ser voluntario. Tendremos estudiantes, atletas y voluntarios recogiendo suministros y donativos durante todo el d\u00eda. Un agradecimiento especial a todos los alumnos, voluntarios, colaboradores y patrocinadores. Para m\u00e1s informaci\u00f3n, env\u00eda un correo electr\u00f3nico a Holly Abbarno a <a href=\"mailto:habbarno@centralia.wednet.edu\">habbarno@centralia.wednet.edu<\/a> o a Peter Abbarno a <a href=\"mailto:peter@centralialaw.com\">peter@centralialaw.com.<\/a>   <\/p>\n\n<p>En <a href=\"https:\/\/chronline.com\/stories\/peter-abbarno-commentary-upcoming-centralia-school-supply-drive-is-about-hope-and-opportunity,322546?\">The Chronicle<\/a> de <em>Peter Abbarno es un abogado afincado en Centralia que tambi\u00e9n representa al 20\u00ba Distrito Legislativo como representante estatal en la Legislatura de Washington. <\/em> <\/p>\n\n<h2 class=\"wp-block-heading\">Dona<\/h2>\n\n<p>Las contribuciones pueden hacerse a United Way of Lewis County, C\/O Centralia Supply Drive, 450 NW Pacific Ave, Chehalis, WA 98532 y en <a href=\"https:\/\/www.lewiscountyuw.com\/donate-united-way-lewis-county\">Donar a United Way of Lewis County | United Way of Lewis County (lewiscountyuw.com)<\/a> con Centralia Supply Drive en las Notas del Donante.  <\/p>\n\n<h2 class=\"wp-block-heading\">Escuchar en KELA-KMNT<\/h2>\n\n<figure class=\"wp-block-embed is-type-video is-provider-youtube wp-block-embed-youtube wp-embed-aspect-16-9 wp-has-aspect-ratio\"><div class=\"wp-block-embed__wrapper\">\n<iframe loading=\"lazy\" title=\"Centralia Back-To-School Supply Drive\" width=\"1080\" height=\"608\" src=\"https:\/\/www.youtube.com\/embed\/BADKsaluxrM?feature=oembed\"  allow=\"accelerometer; autoplay; clipboard-write; encrypted-media; gyroscope; picture-in-picture; web-share\" referrerpolicy=\"strict-origin-when-cross-origin\" allowfullscreen><\/iframe>\n<\/div><\/figure>\n\n<figure class=\"wp-block-embed is-type-video is-provider-youtube wp-block-embed-youtube wp-embed-aspect-16-9 wp-has-aspect-ratio\"><div class=\"wp-block-embed__wrapper\">\n<iframe loading=\"lazy\" title=\"Back-To-School Supply Drive\" width=\"1080\" height=\"608\" src=\"https:\/\/www.youtube.com\/embed\/nFjYzb3XlKY?feature=oembed\"  allow=\"accelerometer; autoplay; clipboard-write; encrypted-media; gyroscope; picture-in-picture; web-share\" referrerpolicy=\"strict-origin-when-cross-origin\" allowfullscreen><\/iframe>\n<\/div><\/figure>\n","protected":false},"excerpt":{"rendered":"<p>Es esa \u00e9poca del a\u00f1o en la que alumnos y profesores empiezan a pensar en volver a las aulas. Tambi\u00e9n es el momento en que los padres empiezan a pensar en el coste del material escolar. Mientras que algunas familias pueden absorber el aumento del coste del material escolar y la ropa, muchas pasan apuros [&hellip;]<\/p>\n","protected":false},"author":2,"featured_media":17329,"comment_status":"closed","ping_status":"closed","sticky":false,"template":"","format":"standard","meta":{"_et_pb_use_builder":"off","_et_pb_old_content":"","_et_gb_content_width":"","footnotes":""},"categories":[406],"tags":[506,369,489],"class_list":["post-17574","post","type-post","status-publish","format-standard","has-post-thumbnail","hentry","category-articulos-2","tag-accionamiento-de-suministro","tag-centralia-es","tag-vuelta-al-cole"],"yoast_head":"<!-- This site is optimized with the Yoast SEO plugin v27.5 - https:\/\/yoast.com\/product\/yoast-seo-wordpress\/ -->\n<title>\u00a1Recogida de suministros para la vuelta al cole en Centralia! - Ley Centralia<\/title>\n<meta name=\"robots\" content=\"index, follow, max-snippet:-1, max-image-preview:large, max-video-preview:-1\" \/>\n<link rel=\"canonical\" href=\"https:\/\/centralialaw.com\/es\/recogida-de-suministros-para-la-vuelta-al-cole-en-centralia\/\" \/>\n<meta property=\"og:locale\" content=\"es_ES\" \/>\n<meta property=\"og:type\" content=\"article\" \/>\n<meta property=\"og:title\" content=\"\u00a1Recogida de suministros para la vuelta al cole en Centralia! - Ley Centralia\" \/>\n<meta property=\"og:description\" content=\"Es esa \u00e9poca del a\u00f1o en la que alumnos y profesores empiezan a pensar en volver a las aulas. Tambi\u00e9n es el momento en que los padres empiezan a pensar en el coste del material escolar. Mientras que algunas familias pueden absorber el aumento del coste del material escolar y la ropa, muchas pasan apuros [&hellip;]\" \/>\n<meta property=\"og:url\" content=\"https:\/\/centralialaw.com\/es\/recogida-de-suministros-para-la-vuelta-al-cole-en-centralia\/\" \/>\n<meta property=\"og:site_name\" content=\"Ley Centralia\" \/>\n<meta property=\"article:publisher\" content=\"https:\/\/www.facebook.com\/AlthauserRayanAbbarno\/\" \/>\n<meta property=\"article:published_time\" content=\"2023-08-10T15:57:34+00:00\" \/>\n<meta property=\"article:modified_time\" content=\"2025-05-30T19:39:59+00:00\" \/>\n<meta property=\"og:image\" content=\"https:\/\/centralialaw.com\/wp-content\/uploads\/2023\/08\/Stuff-the-Bus.jpg\" \/>\n\t<meta property=\"og:image:width\" content=\"1500\" \/>\n\t<meta property=\"og:image:height\" content=\"844\" \/>\n\t<meta property=\"og:image:type\" content=\"image\/jpeg\" \/>\n<meta name=\"author\" content=\"Peter Abbarno\" \/>\n<meta name=\"twitter:card\" content=\"summary_large_image\" \/>\n<meta name=\"twitter:creator\" content=\"@PeterAbbarno\" \/>\n<meta name=\"twitter:site\" content=\"@PeterAbbarno\" \/>\n<meta name=\"twitter:label1\" content=\"Written by\" \/>\n\t<meta name=\"twitter:data1\" content=\"Peter Abbarno\" \/>\n\t<meta name=\"twitter:label2\" content=\"Est. reading time\" \/>\n\t<meta name=\"twitter:data2\" content=\"4 minutos\" \/>\n<script type=\"application\/ld+json\" class=\"yoast-schema-graph\">{\"@context\":\"https:\\\/\\\/schema.org\",\"@graph\":[{\"@type\":\"Article\",\"@id\":\"https:\\\/\\\/centralialaw.com\\\/es\\\/recogida-de-suministros-para-la-vuelta-al-cole-en-centralia\\\/#article\",\"isPartOf\":{\"@id\":\"https:\\\/\\\/centralialaw.com\\\/es\\\/recogida-de-suministros-para-la-vuelta-al-cole-en-centralia\\\/\"},\"author\":{\"name\":\"Peter Abbarno\",\"@id\":\"https:\\\/\\\/centralialaw.com\\\/es\\\/#\\\/schema\\\/person\\\/df75a746547e7cef043297aef1bbba38\"},\"headline\":\"\u00a1Recogida de suministros para la vuelta al cole en Centralia!\",\"datePublished\":\"2023-08-10T15:57:34+00:00\",\"dateModified\":\"2025-05-30T19:39:59+00:00\",\"mainEntityOfPage\":{\"@id\":\"https:\\\/\\\/centralialaw.com\\\/es\\\/recogida-de-suministros-para-la-vuelta-al-cole-en-centralia\\\/\"},\"wordCount\":826,\"publisher\":{\"@id\":\"https:\\\/\\\/centralialaw.com\\\/es\\\/#organization\"},\"image\":{\"@id\":\"https:\\\/\\\/centralialaw.com\\\/es\\\/recogida-de-suministros-para-la-vuelta-al-cole-en-centralia\\\/#primaryimage\"},\"thumbnailUrl\":\"https:\\\/\\\/centralialaw.com\\\/wp-content\\\/uploads\\\/2023\\\/08\\\/Stuff-the-Bus.jpg\",\"keywords\":[\"Accionamiento de suministro\",\"Centralia\",\"Vuelta al cole\"],\"articleSection\":[\"Art\u00edculos\"],\"inLanguage\":\"es\"},{\"@type\":\"WebPage\",\"@id\":\"https:\\\/\\\/centralialaw.com\\\/es\\\/recogida-de-suministros-para-la-vuelta-al-cole-en-centralia\\\/\",\"url\":\"https:\\\/\\\/centralialaw.com\\\/es\\\/recogida-de-suministros-para-la-vuelta-al-cole-en-centralia\\\/\",\"name\":\"\u00a1Recogida de suministros para la vuelta al cole en Centralia! - Ley Centralia\",\"isPartOf\":{\"@id\":\"https:\\\/\\\/centralialaw.com\\\/es\\\/#website\"},\"primaryImageOfPage\":{\"@id\":\"https:\\\/\\\/centralialaw.com\\\/es\\\/recogida-de-suministros-para-la-vuelta-al-cole-en-centralia\\\/#primaryimage\"},\"image\":{\"@id\":\"https:\\\/\\\/centralialaw.com\\\/es\\\/recogida-de-suministros-para-la-vuelta-al-cole-en-centralia\\\/#primaryimage\"},\"thumbnailUrl\":\"https:\\\/\\\/centralialaw.com\\\/wp-content\\\/uploads\\\/2023\\\/08\\\/Stuff-the-Bus.jpg\",\"datePublished\":\"2023-08-10T15:57:34+00:00\",\"dateModified\":\"2025-05-30T19:39:59+00:00\",\"breadcrumb\":{\"@id\":\"https:\\\/\\\/centralialaw.com\\\/es\\\/recogida-de-suministros-para-la-vuelta-al-cole-en-centralia\\\/#breadcrumb\"},\"inLanguage\":\"es\",\"potentialAction\":[{\"@type\":\"ReadAction\",\"target\":[\"https:\\\/\\\/centralialaw.com\\\/es\\\/recogida-de-suministros-para-la-vuelta-al-cole-en-centralia\\\/\"]}]},{\"@type\":\"ImageObject\",\"inLanguage\":\"es\",\"@id\":\"https:\\\/\\\/centralialaw.com\\\/es\\\/recogida-de-suministros-para-la-vuelta-al-cole-en-centralia\\\/#primaryimage\",\"url\":\"https:\\\/\\\/centralialaw.com\\\/wp-content\\\/uploads\\\/2023\\\/08\\\/Stuff-the-Bus.jpg\",\"contentUrl\":\"https:\\\/\\\/centralialaw.com\\\/wp-content\\\/uploads\\\/2023\\\/08\\\/Stuff-the-Bus.jpg\",\"width\":1500,\"height\":844,\"caption\":\"Holly Abbarno smiles for a photo during a \u201cCentralia Back to School Supply Drive,\u201d on Friday in Chehalis.\"},{\"@type\":\"BreadcrumbList\",\"@id\":\"https:\\\/\\\/centralialaw.com\\\/es\\\/recogida-de-suministros-para-la-vuelta-al-cole-en-centralia\\\/#breadcrumb\",\"itemListElement\":[{\"@type\":\"ListItem\",\"position\":1,\"name\":\"Inicio\",\"item\":\"https:\\\/\\\/centralialaw.com\\\/es\\\/\"},{\"@type\":\"ListItem\",\"position\":2,\"name\":\"\u00a1Recogida de suministros para la vuelta al cole en Centralia!\"}]},{\"@type\":\"WebSite\",\"@id\":\"https:\\\/\\\/centralialaw.com\\\/es\\\/#website\",\"url\":\"https:\\\/\\\/centralialaw.com\\\/es\\\/\",\"name\":\"Centralia Law\",\"description\":\"Al servicio del estado de Washington desde hace m\u00e1s de 75 a\u00f1os - Althauser Rayan Abbarno \",\"publisher\":{\"@id\":\"https:\\\/\\\/centralialaw.com\\\/es\\\/#organization\"},\"potentialAction\":[{\"@type\":\"SearchAction\",\"target\":{\"@type\":\"EntryPoint\",\"urlTemplate\":\"https:\\\/\\\/centralialaw.com\\\/es\\\/?s={search_term_string}\"},\"query-input\":{\"@type\":\"PropertyValueSpecification\",\"valueRequired\":true,\"valueName\":\"search_term_string\"}}],\"inLanguage\":\"es\"},{\"@type\":\"Organization\",\"@id\":\"https:\\\/\\\/centralialaw.com\\\/es\\\/#organization\",\"name\":\"Ley Centralia\",\"url\":\"https:\\\/\\\/centralialaw.com\\\/es\\\/\",\"logo\":{\"@type\":\"ImageObject\",\"inLanguage\":\"es\",\"@id\":\"https:\\\/\\\/centralialaw.com\\\/es\\\/#\\\/schema\\\/logo\\\/image\\\/\",\"url\":\"https:\\\/\\\/centralialaw.com\\\/wp-content\\\/uploads\\\/2022\\\/05\\\/ARA-Logo.png\",\"contentUrl\":\"https:\\\/\\\/centralialaw.com\\\/wp-content\\\/uploads\\\/2022\\\/05\\\/ARA-Logo.png\",\"width\":1153,\"height\":364,\"caption\":\"Ley Centralia\"},\"image\":{\"@id\":\"https:\\\/\\\/centralialaw.com\\\/es\\\/#\\\/schema\\\/logo\\\/image\\\/\"},\"sameAs\":[\"https:\\\/\\\/www.facebook.com\\\/AlthauserRayanAbbarno\\\/\",\"https:\\\/\\\/x.com\\\/PeterAbbarno\"]},{\"@type\":\"Person\",\"@id\":\"https:\\\/\\\/centralialaw.com\\\/es\\\/#\\\/schema\\\/person\\\/df75a746547e7cef043297aef1bbba38\",\"name\":\"Peter Abbarno\",\"image\":{\"@type\":\"ImageObject\",\"inLanguage\":\"es\",\"@id\":\"https:\\\/\\\/secure.gravatar.com\\\/avatar\\\/4abfe3b7079121d1f28bfcee302a24a00532f113ebafa311593e0ebac2982d3b?s=96&d=mm&r=g\",\"url\":\"https:\\\/\\\/secure.gravatar.com\\\/avatar\\\/4abfe3b7079121d1f28bfcee302a24a00532f113ebafa311593e0ebac2982d3b?s=96&d=mm&r=g\",\"contentUrl\":\"https:\\\/\\\/secure.gravatar.com\\\/avatar\\\/4abfe3b7079121d1f28bfcee302a24a00532f113ebafa311593e0ebac2982d3b?s=96&d=mm&r=g\",\"caption\":\"Peter Abbarno\"},\"url\":\"https:\\\/\\\/centralialaw.com\\\/es\\\/author\\\/peter-abbarno\\\/\"}]}<\/script>\n<!-- \/ Yoast SEO plugin. -->","yoast_head_json":{"title":"\u00a1Recogida de suministros para la vuelta al cole en Centralia! - Ley Centralia","robots":{"index":"index","follow":"follow","max-snippet":"max-snippet:-1","max-image-preview":"max-image-preview:large","max-video-preview":"max-video-preview:-1"},"canonical":"https:\/\/centralialaw.com\/es\/recogida-de-suministros-para-la-vuelta-al-cole-en-centralia\/","og_locale":"es_ES","og_type":"article","og_title":"\u00a1Recogida de suministros para la vuelta al cole en Centralia! - Ley Centralia","og_description":"Es esa \u00e9poca del a\u00f1o en la que alumnos y profesores empiezan a pensar en volver a las aulas. Tambi\u00e9n es el momento en que los padres empiezan a pensar en el coste del material escolar. Mientras que algunas familias pueden absorber el aumento del coste del material escolar y la ropa, muchas pasan apuros [&hellip;]","og_url":"https:\/\/centralialaw.com\/es\/recogida-de-suministros-para-la-vuelta-al-cole-en-centralia\/","og_site_name":"Ley Centralia","article_publisher":"https:\/\/www.facebook.com\/AlthauserRayanAbbarno\/","article_published_time":"2023-08-10T15:57:34+00:00","article_modified_time":"2025-05-30T19:39:59+00:00","og_image":[{"width":1500,"height":844,"url":"https:\/\/centralialaw.com\/wp-content\/uploads\/2023\/08\/Stuff-the-Bus.jpg","type":"image\/jpeg"}],"author":"Peter Abbarno","twitter_card":"summary_large_image","twitter_creator":"@PeterAbbarno","twitter_site":"@PeterAbbarno","twitter_misc":{"Written by":"Peter Abbarno","Est. reading time":"4 minutos"},"schema":{"@context":"https:\/\/schema.org","@graph":[{"@type":"Article","@id":"https:\/\/centralialaw.com\/es\/recogida-de-suministros-para-la-vuelta-al-cole-en-centralia\/#article","isPartOf":{"@id":"https:\/\/centralialaw.com\/es\/recogida-de-suministros-para-la-vuelta-al-cole-en-centralia\/"},"author":{"name":"Peter Abbarno","@id":"https:\/\/centralialaw.com\/es\/#\/schema\/person\/df75a746547e7cef043297aef1bbba38"},"headline":"\u00a1Recogida de suministros para la vuelta al cole en Centralia!","datePublished":"2023-08-10T15:57:34+00:00","dateModified":"2025-05-30T19:39:59+00:00","mainEntityOfPage":{"@id":"https:\/\/centralialaw.com\/es\/recogida-de-suministros-para-la-vuelta-al-cole-en-centralia\/"},"wordCount":826,"publisher":{"@id":"https:\/\/centralialaw.com\/es\/#organization"},"image":{"@id":"https:\/\/centralialaw.com\/es\/recogida-de-suministros-para-la-vuelta-al-cole-en-centralia\/#primaryimage"},"thumbnailUrl":"https:\/\/centralialaw.com\/wp-content\/uploads\/2023\/08\/Stuff-the-Bus.jpg","keywords":["Accionamiento de suministro","Centralia","Vuelta al cole"],"articleSection":["Art\u00edculos"],"inLanguage":"es"},{"@type":"WebPage","@id":"https:\/\/centralialaw.com\/es\/recogida-de-suministros-para-la-vuelta-al-cole-en-centralia\/","url":"https:\/\/centralialaw.com\/es\/recogida-de-suministros-para-la-vuelta-al-cole-en-centralia\/","name":"\u00a1Recogida de suministros para la vuelta al cole en Centralia! - Ley Centralia","isPartOf":{"@id":"https:\/\/centralialaw.com\/es\/#website"},"primaryImageOfPage":{"@id":"https:\/\/centralialaw.com\/es\/recogida-de-suministros-para-la-vuelta-al-cole-en-centralia\/#primaryimage"},"image":{"@id":"https:\/\/centralialaw.com\/es\/recogida-de-suministros-para-la-vuelta-al-cole-en-centralia\/#primaryimage"},"thumbnailUrl":"https:\/\/centralialaw.com\/wp-content\/uploads\/2023\/08\/Stuff-the-Bus.jpg","datePublished":"2023-08-10T15:57:34+00:00","dateModified":"2025-05-30T19:39:59+00:00","breadcrumb":{"@id":"https:\/\/centralialaw.com\/es\/recogida-de-suministros-para-la-vuelta-al-cole-en-centralia\/#breadcrumb"},"inLanguage":"es","potentialAction":[{"@type":"ReadAction","target":["https:\/\/centralialaw.com\/es\/recogida-de-suministros-para-la-vuelta-al-cole-en-centralia\/"]}]},{"@type":"ImageObject","inLanguage":"es","@id":"https:\/\/centralialaw.com\/es\/recogida-de-suministros-para-la-vuelta-al-cole-en-centralia\/#primaryimage","url":"https:\/\/centralialaw.com\/wp-content\/uploads\/2023\/08\/Stuff-the-Bus.jpg","contentUrl":"https:\/\/centralialaw.com\/wp-content\/uploads\/2023\/08\/Stuff-the-Bus.jpg","width":1500,"height":844,"caption":"Holly Abbarno smiles for a photo during a \u201cCentralia Back to School Supply Drive,\u201d on Friday in Chehalis."},{"@type":"BreadcrumbList","@id":"https:\/\/centralialaw.com\/es\/recogida-de-suministros-para-la-vuelta-al-cole-en-centralia\/#breadcrumb","itemListElement":[{"@type":"ListItem","position":1,"name":"Inicio","item":"https:\/\/centralialaw.com\/es\/"},{"@type":"ListItem","position":2,"name":"\u00a1Recogida de suministros para la vuelta al cole en Centralia!"}]},{"@type":"WebSite","@id":"https:\/\/centralialaw.com\/es\/#website","url":"https:\/\/centralialaw.com\/es\/","name":"Centralia Law","description":"Al servicio del estado de Washington desde hace m\u00e1s de 75 a\u00f1os - Althauser Rayan Abbarno ","publisher":{"@id":"https:\/\/centralialaw.com\/es\/#organization"},"potentialAction":[{"@type":"SearchAction","target":{"@type":"EntryPoint","urlTemplate":"https:\/\/centralialaw.com\/es\/?s={search_term_string}"},"query-input":{"@type":"PropertyValueSpecification","valueRequired":true,"valueName":"search_term_string"}}],"inLanguage":"es"},{"@type":"Organization","@id":"https:\/\/centralialaw.com\/es\/#organization","name":"Ley Centralia","url":"https:\/\/centralialaw.com\/es\/","logo":{"@type":"ImageObject","inLanguage":"es","@id":"https:\/\/centralialaw.com\/es\/#\/schema\/logo\/image\/","url":"https:\/\/centralialaw.com\/wp-content\/uploads\/2022\/05\/ARA-Logo.png","contentUrl":"https:\/\/centralialaw.com\/wp-content\/uploads\/2022\/05\/ARA-Logo.png","width":1153,"height":364,"caption":"Ley Centralia"},"image":{"@id":"https:\/\/centralialaw.com\/es\/#\/schema\/logo\/image\/"},"sameAs":["https:\/\/www.facebook.com\/AlthauserRayanAbbarno\/","https:\/\/x.com\/PeterAbbarno"]},{"@type":"Person","@id":"https:\/\/centralialaw.com\/es\/#\/schema\/person\/df75a746547e7cef043297aef1bbba38","name":"Peter Abbarno","image":{"@type":"ImageObject","inLanguage":"es","@id":"https:\/\/secure.gravatar.com\/avatar\/4abfe3b7079121d1f28bfcee302a24a00532f113ebafa311593e0ebac2982d3b?s=96&d=mm&r=g","url":"https:\/\/secure.gravatar.com\/avatar\/4abfe3b7079121d1f28bfcee302a24a00532f113ebafa311593e0ebac2982d3b?s=96&d=mm&r=g","contentUrl":"https:\/\/secure.gravatar.com\/avatar\/4abfe3b7079121d1f28bfcee302a24a00532f113ebafa311593e0ebac2982d3b?s=96&d=mm&r=g","caption":"Peter Abbarno"},"url":"https:\/\/centralialaw.com\/es\/author\/peter-abbarno\/"}]}},"_links":{"self":[{"href":"https:\/\/centralialaw.com\/es\/wp-json\/wp\/v2\/posts\/17574","targetHints":{"allow":["GET"]}}],"collection":[{"href":"https:\/\/centralialaw.com\/es\/wp-json\/wp\/v2\/posts"}],"about":[{"href":"https:\/\/centralialaw.com\/es\/wp-json\/wp\/v2\/types\/post"}],"author":[{"embeddable":true,"href":"https:\/\/centralialaw.com\/es\/wp-json\/wp\/v2\/users\/2"}],"replies":[{"embeddable":true,"href":"https:\/\/centralialaw.com\/es\/wp-json\/wp\/v2\/comments?post=17574"}],"version-history":[{"count":0,"href":"https:\/\/centralialaw.com\/es\/wp-json\/wp\/v2\/posts\/17574\/revisions"}],"wp:featuredmedia":[{"embeddable":true,"href":"https:\/\/centralialaw.com\/es\/wp-json\/wp\/v2\/media\/17329"}],"wp:attachment":[{"href":"https:\/\/centralialaw.com\/es\/wp-json\/wp\/v2\/media?parent=17574"}],"wp:term":[{"taxonomy":"category","embeddable":true,"href":"https:\/\/centralialaw.com\/es\/wp-json\/wp\/v2\/categories?post=17574"},{"taxonomy":"post_tag","embeddable":true,"href":"https:\/\/centralialaw.com\/es\/wp-json\/wp\/v2\/tags?post=17574"}],"curies":[{"name":"wp","href":"https:\/\/api.w.org\/{rel}","templated":true}]}}