{"id":17587,"date":"2022-12-20T15:48:59","date_gmt":"2022-12-20T23:48:59","guid":{"rendered":"https:\/\/centralialaw.com\/viajes-en-vacaciones-es-epoca-de-atascos-de-trafico\/"},"modified":"2025-05-30T12:40:05","modified_gmt":"2025-05-30T19:40:05","slug":"viajes-en-vacaciones-es-epoca-de-atascos-de-trafico","status":"publish","type":"post","link":"https:\/\/centralialaw.com\/es\/viajes-en-vacaciones-es-epoca-de-atascos-de-trafico\/","title":{"rendered":"Viajes en vacaciones: es \u00e9poca de atascos de tr\u00e1fico"},"content":{"rendered":"\n<p>Es \u00e9poca de viajes navide\u00f1os, pero con ellos llega el tr\u00e1fico vacacional.<\/p>\n\n<p>Seg\u00fan la Asociaci\u00f3n Americana del Autom\u00f3vil (AAA), se espera que 2022 sea el tercer a\u00f1o con m\u00e1s viajes en vacaciones desde que la AAA empez\u00f3 a hacer el seguimiento en 2000.  <\/p>\n\n<p>La asociaci\u00f3n calcula que 112,7 millones de personas se desplazar\u00e1n a 80 km o m\u00e1s de casa entre el 23 de diciembre y el 2 de enero, lo que supone un aumento de 3,6 millones de personas respecto al a\u00f1o pasado y se acerca a las cifras anteriores a la pandemia.<\/p>\n\n<p>Tambi\u00e9n se prev\u00e9n atascos locales en el estado de Washington del 23 al 26 de diciembre en rutas principales como la I-5, la I-90 y la US 2. Puedes ayudar a evitar retrasos utilizando la <a href=\"https:\/\/wsdot.wa.gov\/travel\/holiday-weekend-travel\/\" target=\"_blank\" rel=\"noreferrer noopener\">Tabla de Viajes<\/a> del Departamento de Transportes del Estado de Washington.   <\/p>\n\n<figure class=\"wp-block-image aligncenter size-full\"><img loading=\"lazy\" decoding=\"async\" width=\"474\" height=\"316\" src=\"https:\/\/centralialaw.com\/wp-content\/uploads\/2022\/12\/ARA-Car-Accident-Lawyers.jpg\" alt=\"\" class=\"wp-image-16773\" srcset=\"https:\/\/centralialaw.com\/wp-content\/uploads\/2022\/12\/ARA-Car-Accident-Lawyers.jpg 474w, https:\/\/centralialaw.com\/wp-content\/uploads\/2022\/12\/ARA-Car-Accident-Lawyers-300x200.jpg 300w\" sizes=\"(max-width: 474px) 100vw, 474px\" \/><\/figure>\n\n<p>  El WSDOT proporciona varias herramientas para ayudar a prepararse para los viajes invernales, ya sea en veh\u00edculo, a pie o en trineo:<\/p>\n\n<ul class=\"wp-block-list\">\n<li>Consulta <a href=\"https:\/\/wsdot.com\/travel\/real-time\/\">las condiciones de viaje en tiempo real<\/a> de las autopistas estatales o rutas de ferry en l\u00ednea utilizando el sitio web <a href=\"https:\/\/wsdot.wa.gov\/travel\/travel-information-phone\">del WSDOT o haz un seguimiento en la aplicaci\u00f3n m\u00f3vil del WSDOT<\/a>.<\/li>\n\n\n\n<li>Sigue las cuentas del WSDOT en las redes sociales, como <a href=\"https:\/\/wsdot.wa.gov\/travel\/travel-information-phone\">Twitter<\/a> y <a href=\"https:\/\/www.facebook.com\/WSDOT\/\">Facebook<\/a>, para estar al d\u00eda de posibles colisiones o cierres de carreteras.<\/li>\n\n\n\n<li>Preprograma 530 AM y 1610 AM en las radios de los veh\u00edculos para recibir avisos por radio de las autopistas.<\/li>\n\n\n\n<li>Lleva cadenas y otros <a href=\"https:\/\/wsdot.com\/travel\/real-time\/mountainpasses\/emergencycarkit\">elementos esenciales para viajar en invierno<\/a>.<\/li>\n\n\n\n<li>Consulta la p\u00e1gina web <a href=\"https:\/\/wsdot.com\/travel\/real-time\/mountainpasses\/\">de los pasos de monta\u00f1a del WSDOT<\/a> para obtener informaci\u00f3n sobre las actualizaciones de los pasos o los \u00faltimos requisitos sobre cadenas o neum\u00e1ticos de tracci\u00f3n. La Patrulla del Estado de Washington tiene m\u00e1s informaci\u00f3n sobre <a href=\"https:\/\/www.wsp.wa.gov\/driver\/vehicle-equipment-requirements\/\">la normativa relativa a los neum\u00e1ticos de tracci\u00f3n y las alternativas a las cadenas<\/a>. <\/li>\n\n\n\n<li>Deja tiempo de sobra para los <a href=\"https:\/\/wsdot.com\/travel\/real-time\/mountainpasses\/winterdrivingtips\">desplazamientos en vacaciones e invierno<\/a>, reduce la velocidad, deja m\u00e1s espacio entre veh\u00edculos cuando conduzcas sobre nieve o hielo y ten cuidado con los ciclistas o quienes utilicen los pasos de peatones.<\/li>\n\n\n\n<li><a href=\"https:\/\/public.govdelivery.com\/accounts\/WADOT\/subscriber\/new\">Inscr\u00edbete<\/a> para recibir noticias espec\u00edficas de la zona sobre cierres de carreteras o incidentes, ya sea cerca de casa o en zonas que forman parte de los planes de viaje para las vacaciones.<\/li>\n<\/ul>\n\n<h3 class=\"wp-block-heading\">Viajes interestatales y puertos de monta\u00f1a<\/h3>\n\n<p>Si vas a viajar por carreteras y pasos desconocidos para visitar a amigos y familiares, aseg\u00farate de prepararte para las <a href=\"https:\/\/wsdot.wa.gov\/publications\/fulltext\/winter\/winter-driving-guide.pdf\">condiciones de conducci\u00f3n en tiempo invernal (PDF 2,3MB)<\/a> y mantente alerta.  <\/p>\n\n<p>La mayor\u00eda de los cierres de pasos, por ejemplo, se deben al mal comportamiento de los conductores, como ir demasiado deprisa para las condiciones o no llevar el equipo de conducci\u00f3n invernal adecuado. El WSDOT recuerda a los conductores que deben respetar <a href=\"https:\/\/wsdot.com\/travel\/real-time\/mountainpasses\/tiresandchains\">los requisitos de las cadenas se\u00f1alizadas<\/a> y <a href=\"https:\/\/wsdot.wa.gov\/publications\/fulltext\/winter\/winter-driving-guide.pdf\">reducir la velocidad sobre nieve y hielo (PDF 2,3MB)<\/a>.   <\/p>\n\n<p>Una buena noticia: el WSDOT informa de que no hay obras previstas en la mayor\u00eda de las carreteras estatales desde el viernes 23 de diciembre hasta el lunes 26 de diciembre, incluidas la I-90 y el paso de Snoqualmie.  <\/p>\n\n<h3 class=\"wp-block-heading\">Peajes<\/h3>\n\n<p>En Puget Sound, el lunes 26 de diciembre entrar\u00e1n en vigor las tarifas de peaje de fin de semana para el puente de la Ruta Estatal 520 y el t\u00fanel de la SR 99. Los carriles de peaje expr\u00e9s de la I-405 ser\u00e1n gratuitos y estar\u00e1n abiertos a todos los conductores el lunes. \u00a1Los viajeros de fuera de la ciudad, incluidos los que utilicen coches de alquiler, pueden informarse sobre las carreteras de peaje y las opciones de pago de cuentas temporales en la <a href=\"https:\/\/mygoodtogo.com\/EN\/learn\/how-to-pay\/visitors\">p\u00e1gina para visitantes<em>Good To Go!<\/em><\/a>  <\/p>\n\n<h3 class=\"wp-block-heading\">Viaje en ferry<\/h3>\n\n<p>Las personas que embarquen en un transbordador estatal en veh\u00edculo deben prepararse para largas esperas. Como este a\u00f1o Navidad y A\u00f1o Nuevo caen en domingo, se prev\u00e9 que el viernes y el s\u00e1bado anteriores a cada festividad sean los m\u00e1s concurridos. Es posible que se produzcan retrasos en ambas direcciones en todas las rutas. Los clientes pueden evitar las colas de los veh\u00edculos viajando como pasajeros a pie.   <\/p>\n\n<ul class=\"wp-block-list\">\n<li>Todos los viajeros deben volver a comprobar los <a href=\"https:\/\/www.wsdot.com\/ferries\/schedule\/Default.aspx\">horarios de navegaci\u00f3n<\/a>, ya que algunas rutas funcionan con horarios diferentes a los de antes de la pandemia.<\/li>\n\n\n\n<li>Visita el <a href=\"https:\/\/wsdot.wa.gov\/ferries\">sitio web de Washington State Ferries<\/a> para m\u00e1s detalles sobre reservas de veh\u00edculos, alertas de ferry por correo electr\u00f3nico, comprobaci\u00f3n de las condiciones de las terminales y actualizaciones de viaje de COVID-19.<\/li>\n\n\n\n<li>Comprueba con las agencias de transporte p\u00fablico locales si hay cambios de horario o de servicio durante las fiestas, incluidos algunos servicios de Dial-A-Ride y de ruta fija que pueden no funcionar durante las fiestas.<\/li>\n<\/ul>\n\n<h3 class=\"wp-block-heading\">Trenes, aeropuertos y tr\u00e1nsito<\/h3>\n\n<p>Los viajeros que hagan un viaje en tren, avi\u00f3n personal o autob\u00fas tambi\u00e9n deben planificarlo con antelaci\u00f3n para evitar los retrasos navide\u00f1os:<\/p>\n\n<ul class=\"wp-block-list\">\n<li>Se recomienda a los pasajeros de Amtrak Cascades que compren los billetes con antelaci\u00f3n y que prevean llegar a la estaci\u00f3n una hora antes de la salida. Los trenes circulan entre Seattle y Eugene (Oreg\u00f3n) y entre Seattle y Vancouver (Columbia Brit\u00e1nica). Tambi\u00e9n circulan autobuses entre Seattle y Vancouver (Columbia Brit\u00e1nica) y entre Seattle y Bellingham. Visita <a href=\"http:\/\/www.amtrakcascades.com\/\">www.amtrakcascades.com\/<\/a> o llama al 800-USA-RAIL para comprar billetes.   <\/li>\n\n\n\n<li>Para obtener informaci\u00f3n sobre c\u00f3mo viajar a trav\u00e9s de los aeropuertos patrocinados por el estado, visita <a href=\"https:\/\/wsdot.wa.gov\/travel\/aviation\/airports-list\">wsdot.wa.gov\/travel\/aviation\/airports-list<\/a> o env\u00eda un correo electr\u00f3nico a Paul Wolf a <a href=\"mailto:paul.wolf@wsdot.wa.gov\">paul.wolf@wsdot.wa.gov<\/a> con tus preguntas.<\/li>\n\n\n\n<li>Comprueba con las agencias de transporte p\u00fablico locales si hay cambios de horario o de servicio en d\u00edas festivos, incluidos algunos servicios de Dial-A-Ride y de ruta fija que pueden no funcionar en d\u00edas festivos.<\/li>\n<\/ul>\n\n<h2 class=\"wp-block-heading\">Accidentes y colisiones<\/h2>\n\n<p><strong>1. Llama a las fuerzas de seguridad<\/strong><br\/>El conductor culpable puede discutir su papel en la colisi\u00f3n, dejando al conductor o pasajero herido luchando por demostrar su inocencia. Las fuerzas de seguridad no est\u00e1n obligadas a elaborar un informe de accidente en todos los casos; por tanto, llama a las fuerzas de seguridad en caso de colisi\u00f3n y pide que tomen declaraci\u00f3n y elaboren un informe. No siempre se conoce el alcance de los da\u00f1os o lesiones del veh\u00edculo hasta d\u00edas despu\u00e9s, y a veces los recuerdos se desvanecen, por lo que debes hacer un registro completo del incidente en el momento en que ocurre.  <\/p>\n\n<p><strong>2. Intercambia informaci\u00f3n<\/strong><br\/>Aseg\u00farate de intercambiar informaci\u00f3n sobre el permiso de conducir, el seguro y la matr\u00edcula con los otros autom\u00f3viles implicados en la colisi\u00f3n. \u201cCon demasiada frecuencia estamos rastreando informaci\u00f3n sobre otros conductores, coches y testigos\u201d, dice Abbarno. <\/p>\n\n<p><strong>3. Consigue m\u00e1s informaci\u00f3n<\/strong><br\/>Haz fotograf\u00edas de los autom\u00f3viles y del lugar de los hechos, y consigue el nombre y los datos de contacto de los testigos de la colisi\u00f3n. Cada vez son m\u00e1s las compa\u00f1\u00edas de seguros que niegan la responsabilidad o intentan atribuir la culpa concurrente a la v\u00edctima inocente. La informaci\u00f3n de los testigos es muy valiosa en muchos casos. Incluso sin testigos, los abogados expertos en lesiones personales saben c\u00f3mo obtener informaci\u00f3n. \u201cLos veh\u00edculos m\u00e1s nuevos tienen Grabadores de Datos de Sucesos (EDR)\u201d, dice Rayan. \u201cNuestra experiencia con estos EDR marca una gran diferencia en los casos, porque registran informaci\u00f3n sobre la colisi\u00f3n que puede probar o refutar hechos del caso\u201d.     <\/p>\n\n<p><strong>4. Busca atenci\u00f3n m\u00e9dica<\/strong><br\/>Muchas p\u00f3lizas de seguro m\u00e9dico excluyen espec\u00edficamente la cobertura de lesiones sufridas en colisiones automovil\u00edsticas. Eso es un enorme agujero en tu seguro, teniendo en cuenta que aproximadamente una cuarta parte de todas las muertes accidentales en Estados Unidos son consecuencia de accidentes de tr\u00e1fico. \u201cPor desgracia para la v\u00edctima lesionada de un accidente de tr\u00e1fico, algunos seguros exigen el reembolso \u00edntegro antes de que la v\u00edctima vea un c\u00e9ntimo, como los planes ERISA\u201d, dijo Rayan. \u201cAyudamos a las v\u00edctimas y a sus familias a resarcirse y trabajamos para proteger los derechos y prestaciones de nuestros clientes\u201d.   <\/p>\n\n<p><strong>5. Informa de la<\/strong> colisi\u00f3n <strong>a tu seguro<\/strong><br\/>Aunque no tienes obligaci\u00f3n de hablar con la compa\u00f1\u00eda de seguros del conductor culpable, s\u00ed tienes la obligaci\u00f3n de cooperar con tu compa\u00f1\u00eda de seguros para proporcionar informaci\u00f3n b\u00e1sica sobre la colisi\u00f3n. \u201cHablar con la compa\u00f1\u00eda de seguros del otro conductor no ayudar\u00e1 a tu caso\u201d, dice Rayan. \u201cAconsejamos a nuestros clientes que no hablen con la compa\u00f1\u00eda de seguros del conductor culpable hasta que hayan terminado de tratarlo o est\u00e9n preparados para presentar una demanda formal por da\u00f1os y perjuicios\u201d.  <\/p>\n\n<p><strong>6. Llama a Althauser<\/strong> Rayan Abbarno <strong>para una consulta gratuita<\/strong><br\/>Los abogados de lesiones de Althauser Rayan Abbarno ofrecen consultas gratuitas a las v\u00edctimas de colisiones automovil\u00edsticas. \u201cQueremos que las v\u00edctimas de colisiones automovil\u00edsticas se centren en su salud\u201d, dice Abbarno. \u201cQueremos proporcionar toda la informaci\u00f3n posible sobre el proceso, para que los clientes potenciales puedan tomar decisiones informadas sobre su salud y su caso\u201d. Althauser Rayan Abbarno tambi\u00e9n ofrece tarjetas gratuitas sobre lesiones en la guantera a quien desee recogerlas en sus oficinas de Centralia y Olympia.   <\/p>\n\n<p>Althauser Rayan Abbarno, LLP tiene el honor de ayudar a sus clientes en una amplia gama de asuntos legales; incluyendo lesiones personales e indemnizaciones laborales. Sus experimentados y bien informados abogados est\u00e1n listos para el juicio y preparados para luchar por tus derechos y beneficios. <br\/><strong>Ponte en contacto con Althauser Rayan Abbarno llamando al (360) 736-1301 para programar una consulta GRATUITA<\/strong>. Para m\u00e1s informaci\u00f3n, visita su sitio web en CentraliaLaw.com. <\/p>\n","protected":false},"excerpt":{"rendered":"<p>Es \u00e9poca de viajes navide\u00f1os, pero con ellos llega el tr\u00e1fico vacacional. Seg\u00fan la Asociaci\u00f3n Americana del Autom\u00f3vil (AAA), se espera que 2022 sea el tercer a\u00f1o con m\u00e1s viajes en vacaciones desde que la AAA empez\u00f3 a hacer el seguimiento en 2000. La asociaci\u00f3n calcula que 112,7 millones de personas se desplazar\u00e1n a 80 [&hellip;]<\/p>\n","protected":false},"author":2,"featured_media":17313,"comment_status":"closed","ping_status":"closed","sticky":false,"template":"","format":"standard","meta":{"_et_pb_use_builder":"off","_et_pb_old_content":"","_et_gb_content_width":"","footnotes":""},"categories":[415],"tags":[371,392,520,408,373,471],"class_list":["post-17587","post","type-post","status-publish","format-standard","has-post-thumbnail","hentry","category-lesiones-personales","tag-abogado-es","tag-abogados-cerca-de-mi","tag-conduce-con-seguridad","tag-lesiones","tag-lesiones-personales","tag-viajes-de-vacaciones"],"yoast_head":"<!-- This site is optimized with the Yoast SEO plugin v27.5 - https:\/\/yoast.com\/product\/yoast-seo-wordpress\/ -->\n<title>Viajes en vacaciones: es \u00e9poca de atascos de tr\u00e1fico - Ley Centralia<\/title>\n<meta name=\"robots\" content=\"index, follow, max-snippet:-1, max-image-preview:large, max-video-preview:-1\" \/>\n<link rel=\"canonical\" href=\"https:\/\/centralialaw.com\/es\/viajes-en-vacaciones-es-epoca-de-atascos-de-trafico\/\" \/>\n<meta property=\"og:locale\" content=\"es_ES\" \/>\n<meta property=\"og:type\" content=\"article\" \/>\n<meta property=\"og:title\" content=\"Viajes en vacaciones: es \u00e9poca de atascos de tr\u00e1fico - Ley Centralia\" \/>\n<meta property=\"og:description\" content=\"Es \u00e9poca de viajes navide\u00f1os, pero con ellos llega el tr\u00e1fico vacacional. Seg\u00fan la Asociaci\u00f3n Americana del Autom\u00f3vil (AAA), se espera que 2022 sea el tercer a\u00f1o con m\u00e1s viajes en vacaciones desde que la AAA empez\u00f3 a hacer el seguimiento en 2000. La asociaci\u00f3n calcula que 112,7 millones de personas se desplazar\u00e1n a 80 [&hellip;]\" \/>\n<meta property=\"og:url\" content=\"https:\/\/centralialaw.com\/es\/viajes-en-vacaciones-es-epoca-de-atascos-de-trafico\/\" \/>\n<meta property=\"og:site_name\" content=\"Ley Centralia\" \/>\n<meta property=\"article:publisher\" content=\"https:\/\/www.facebook.com\/AlthauserRayanAbbarno\/\" \/>\n<meta property=\"article:published_time\" content=\"2022-12-20T23:48:59+00:00\" \/>\n<meta property=\"article:modified_time\" content=\"2025-05-30T19:40:05+00:00\" \/>\n<meta property=\"og:image\" content=\"https:\/\/centralialaw.com\/wp-content\/uploads\/2022\/12\/ARA-Car-Accident-Lawyers.jpg\" \/>\n\t<meta property=\"og:image:width\" content=\"474\" \/>\n\t<meta property=\"og:image:height\" content=\"316\" \/>\n\t<meta property=\"og:image:type\" content=\"image\/jpeg\" \/>\n<meta name=\"author\" content=\"Peter Abbarno\" \/>\n<meta name=\"twitter:card\" content=\"summary_large_image\" \/>\n<meta name=\"twitter:creator\" content=\"@PeterAbbarno\" \/>\n<meta name=\"twitter:site\" content=\"@PeterAbbarno\" \/>\n<meta name=\"twitter:label1\" content=\"Written by\" \/>\n\t<meta name=\"twitter:data1\" content=\"Peter Abbarno\" \/>\n\t<meta name=\"twitter:label2\" content=\"Est. reading time\" \/>\n\t<meta name=\"twitter:data2\" content=\"8 minutos\" \/>\n<script type=\"application\/ld+json\" class=\"yoast-schema-graph\">{\"@context\":\"https:\\\/\\\/schema.org\",\"@graph\":[{\"@type\":\"Article\",\"@id\":\"https:\\\/\\\/centralialaw.com\\\/es\\\/viajes-en-vacaciones-es-epoca-de-atascos-de-trafico\\\/#article\",\"isPartOf\":{\"@id\":\"https:\\\/\\\/centralialaw.com\\\/es\\\/viajes-en-vacaciones-es-epoca-de-atascos-de-trafico\\\/\"},\"author\":{\"name\":\"Peter Abbarno\",\"@id\":\"https:\\\/\\\/centralialaw.com\\\/es\\\/#\\\/schema\\\/person\\\/df75a746547e7cef043297aef1bbba38\"},\"headline\":\"Viajes en vacaciones: es \u00e9poca de atascos de tr\u00e1fico\",\"datePublished\":\"2022-12-20T23:48:59+00:00\",\"dateModified\":\"2025-05-30T19:40:05+00:00\",\"mainEntityOfPage\":{\"@id\":\"https:\\\/\\\/centralialaw.com\\\/es\\\/viajes-en-vacaciones-es-epoca-de-atascos-de-trafico\\\/\"},\"wordCount\":1669,\"publisher\":{\"@id\":\"https:\\\/\\\/centralialaw.com\\\/es\\\/#organization\"},\"image\":{\"@id\":\"https:\\\/\\\/centralialaw.com\\\/es\\\/viajes-en-vacaciones-es-epoca-de-atascos-de-trafico\\\/#primaryimage\"},\"thumbnailUrl\":\"https:\\\/\\\/centralialaw.com\\\/wp-content\\\/uploads\\\/2022\\\/12\\\/ARA-Car-Accident-Lawyers.jpg\",\"keywords\":[\"Abogado\",\"Abogados cerca de m\u00ed\",\"Conduce con seguridad\",\"Lesiones\",\"Lesiones personales\",\"Viajes de vacaciones\"],\"articleSection\":[\"Lesiones personales\"],\"inLanguage\":\"es\"},{\"@type\":\"WebPage\",\"@id\":\"https:\\\/\\\/centralialaw.com\\\/es\\\/viajes-en-vacaciones-es-epoca-de-atascos-de-trafico\\\/\",\"url\":\"https:\\\/\\\/centralialaw.com\\\/es\\\/viajes-en-vacaciones-es-epoca-de-atascos-de-trafico\\\/\",\"name\":\"Viajes en vacaciones: es \u00e9poca de atascos de tr\u00e1fico - Ley Centralia\",\"isPartOf\":{\"@id\":\"https:\\\/\\\/centralialaw.com\\\/es\\\/#website\"},\"primaryImageOfPage\":{\"@id\":\"https:\\\/\\\/centralialaw.com\\\/es\\\/viajes-en-vacaciones-es-epoca-de-atascos-de-trafico\\\/#primaryimage\"},\"image\":{\"@id\":\"https:\\\/\\\/centralialaw.com\\\/es\\\/viajes-en-vacaciones-es-epoca-de-atascos-de-trafico\\\/#primaryimage\"},\"thumbnailUrl\":\"https:\\\/\\\/centralialaw.com\\\/wp-content\\\/uploads\\\/2022\\\/12\\\/ARA-Car-Accident-Lawyers.jpg\",\"datePublished\":\"2022-12-20T23:48:59+00:00\",\"dateModified\":\"2025-05-30T19:40:05+00:00\",\"breadcrumb\":{\"@id\":\"https:\\\/\\\/centralialaw.com\\\/es\\\/viajes-en-vacaciones-es-epoca-de-atascos-de-trafico\\\/#breadcrumb\"},\"inLanguage\":\"es\",\"potentialAction\":[{\"@type\":\"ReadAction\",\"target\":[\"https:\\\/\\\/centralialaw.com\\\/es\\\/viajes-en-vacaciones-es-epoca-de-atascos-de-trafico\\\/\"]}]},{\"@type\":\"ImageObject\",\"inLanguage\":\"es\",\"@id\":\"https:\\\/\\\/centralialaw.com\\\/es\\\/viajes-en-vacaciones-es-epoca-de-atascos-de-trafico\\\/#primaryimage\",\"url\":\"https:\\\/\\\/centralialaw.com\\\/wp-content\\\/uploads\\\/2022\\\/12\\\/ARA-Car-Accident-Lawyers.jpg\",\"contentUrl\":\"https:\\\/\\\/centralialaw.com\\\/wp-content\\\/uploads\\\/2022\\\/12\\\/ARA-Car-Accident-Lawyers.jpg\",\"width\":474,\"height\":316},{\"@type\":\"BreadcrumbList\",\"@id\":\"https:\\\/\\\/centralialaw.com\\\/es\\\/viajes-en-vacaciones-es-epoca-de-atascos-de-trafico\\\/#breadcrumb\",\"itemListElement\":[{\"@type\":\"ListItem\",\"position\":1,\"name\":\"Inicio\",\"item\":\"https:\\\/\\\/centralialaw.com\\\/es\\\/\"},{\"@type\":\"ListItem\",\"position\":2,\"name\":\"Viajes en vacaciones: es \u00e9poca de atascos de tr\u00e1fico\"}]},{\"@type\":\"WebSite\",\"@id\":\"https:\\\/\\\/centralialaw.com\\\/es\\\/#website\",\"url\":\"https:\\\/\\\/centralialaw.com\\\/es\\\/\",\"name\":\"Centralia Law\",\"description\":\"Al servicio del estado de Washington desde hace m\u00e1s de 75 a\u00f1os - Althauser Rayan Abbarno \",\"publisher\":{\"@id\":\"https:\\\/\\\/centralialaw.com\\\/es\\\/#organization\"},\"potentialAction\":[{\"@type\":\"SearchAction\",\"target\":{\"@type\":\"EntryPoint\",\"urlTemplate\":\"https:\\\/\\\/centralialaw.com\\\/es\\\/?s={search_term_string}\"},\"query-input\":{\"@type\":\"PropertyValueSpecification\",\"valueRequired\":true,\"valueName\":\"search_term_string\"}}],\"inLanguage\":\"es\"},{\"@type\":\"Organization\",\"@id\":\"https:\\\/\\\/centralialaw.com\\\/es\\\/#organization\",\"name\":\"Ley Centralia\",\"url\":\"https:\\\/\\\/centralialaw.com\\\/es\\\/\",\"logo\":{\"@type\":\"ImageObject\",\"inLanguage\":\"es\",\"@id\":\"https:\\\/\\\/centralialaw.com\\\/es\\\/#\\\/schema\\\/logo\\\/image\\\/\",\"url\":\"https:\\\/\\\/centralialaw.com\\\/wp-content\\\/uploads\\\/2022\\\/05\\\/ARA-Logo.png\",\"contentUrl\":\"https:\\\/\\\/centralialaw.com\\\/wp-content\\\/uploads\\\/2022\\\/05\\\/ARA-Logo.png\",\"width\":1153,\"height\":364,\"caption\":\"Ley Centralia\"},\"image\":{\"@id\":\"https:\\\/\\\/centralialaw.com\\\/es\\\/#\\\/schema\\\/logo\\\/image\\\/\"},\"sameAs\":[\"https:\\\/\\\/www.facebook.com\\\/AlthauserRayanAbbarno\\\/\",\"https:\\\/\\\/x.com\\\/PeterAbbarno\"]},{\"@type\":\"Person\",\"@id\":\"https:\\\/\\\/centralialaw.com\\\/es\\\/#\\\/schema\\\/person\\\/df75a746547e7cef043297aef1bbba38\",\"name\":\"Peter Abbarno\",\"image\":{\"@type\":\"ImageObject\",\"inLanguage\":\"es\",\"@id\":\"https:\\\/\\\/secure.gravatar.com\\\/avatar\\\/4abfe3b7079121d1f28bfcee302a24a00532f113ebafa311593e0ebac2982d3b?s=96&d=mm&r=g\",\"url\":\"https:\\\/\\\/secure.gravatar.com\\\/avatar\\\/4abfe3b7079121d1f28bfcee302a24a00532f113ebafa311593e0ebac2982d3b?s=96&d=mm&r=g\",\"contentUrl\":\"https:\\\/\\\/secure.gravatar.com\\\/avatar\\\/4abfe3b7079121d1f28bfcee302a24a00532f113ebafa311593e0ebac2982d3b?s=96&d=mm&r=g\",\"caption\":\"Peter Abbarno\"},\"url\":\"https:\\\/\\\/centralialaw.com\\\/es\\\/author\\\/peter-abbarno\\\/\"}]}<\/script>\n<!-- \/ Yoast SEO plugin. -->","yoast_head_json":{"title":"Viajes en vacaciones: es \u00e9poca de atascos de tr\u00e1fico - Ley Centralia","robots":{"index":"index","follow":"follow","max-snippet":"max-snippet:-1","max-image-preview":"max-image-preview:large","max-video-preview":"max-video-preview:-1"},"canonical":"https:\/\/centralialaw.com\/es\/viajes-en-vacaciones-es-epoca-de-atascos-de-trafico\/","og_locale":"es_ES","og_type":"article","og_title":"Viajes en vacaciones: es \u00e9poca de atascos de tr\u00e1fico - Ley Centralia","og_description":"Es \u00e9poca de viajes navide\u00f1os, pero con ellos llega el tr\u00e1fico vacacional. Seg\u00fan la Asociaci\u00f3n Americana del Autom\u00f3vil (AAA), se espera que 2022 sea el tercer a\u00f1o con m\u00e1s viajes en vacaciones desde que la AAA empez\u00f3 a hacer el seguimiento en 2000. La asociaci\u00f3n calcula que 112,7 millones de personas se desplazar\u00e1n a 80 [&hellip;]","og_url":"https:\/\/centralialaw.com\/es\/viajes-en-vacaciones-es-epoca-de-atascos-de-trafico\/","og_site_name":"Ley Centralia","article_publisher":"https:\/\/www.facebook.com\/AlthauserRayanAbbarno\/","article_published_time":"2022-12-20T23:48:59+00:00","article_modified_time":"2025-05-30T19:40:05+00:00","og_image":[{"width":474,"height":316,"url":"https:\/\/centralialaw.com\/wp-content\/uploads\/2022\/12\/ARA-Car-Accident-Lawyers.jpg","type":"image\/jpeg"}],"author":"Peter Abbarno","twitter_card":"summary_large_image","twitter_creator":"@PeterAbbarno","twitter_site":"@PeterAbbarno","twitter_misc":{"Written by":"Peter Abbarno","Est. reading time":"8 minutos"},"schema":{"@context":"https:\/\/schema.org","@graph":[{"@type":"Article","@id":"https:\/\/centralialaw.com\/es\/viajes-en-vacaciones-es-epoca-de-atascos-de-trafico\/#article","isPartOf":{"@id":"https:\/\/centralialaw.com\/es\/viajes-en-vacaciones-es-epoca-de-atascos-de-trafico\/"},"author":{"name":"Peter Abbarno","@id":"https:\/\/centralialaw.com\/es\/#\/schema\/person\/df75a746547e7cef043297aef1bbba38"},"headline":"Viajes en vacaciones: es \u00e9poca de atascos de tr\u00e1fico","datePublished":"2022-12-20T23:48:59+00:00","dateModified":"2025-05-30T19:40:05+00:00","mainEntityOfPage":{"@id":"https:\/\/centralialaw.com\/es\/viajes-en-vacaciones-es-epoca-de-atascos-de-trafico\/"},"wordCount":1669,"publisher":{"@id":"https:\/\/centralialaw.com\/es\/#organization"},"image":{"@id":"https:\/\/centralialaw.com\/es\/viajes-en-vacaciones-es-epoca-de-atascos-de-trafico\/#primaryimage"},"thumbnailUrl":"https:\/\/centralialaw.com\/wp-content\/uploads\/2022\/12\/ARA-Car-Accident-Lawyers.jpg","keywords":["Abogado","Abogados cerca de m\u00ed","Conduce con seguridad","Lesiones","Lesiones personales","Viajes de vacaciones"],"articleSection":["Lesiones personales"],"inLanguage":"es"},{"@type":"WebPage","@id":"https:\/\/centralialaw.com\/es\/viajes-en-vacaciones-es-epoca-de-atascos-de-trafico\/","url":"https:\/\/centralialaw.com\/es\/viajes-en-vacaciones-es-epoca-de-atascos-de-trafico\/","name":"Viajes en vacaciones: es \u00e9poca de atascos de tr\u00e1fico - Ley Centralia","isPartOf":{"@id":"https:\/\/centralialaw.com\/es\/#website"},"primaryImageOfPage":{"@id":"https:\/\/centralialaw.com\/es\/viajes-en-vacaciones-es-epoca-de-atascos-de-trafico\/#primaryimage"},"image":{"@id":"https:\/\/centralialaw.com\/es\/viajes-en-vacaciones-es-epoca-de-atascos-de-trafico\/#primaryimage"},"thumbnailUrl":"https:\/\/centralialaw.com\/wp-content\/uploads\/2022\/12\/ARA-Car-Accident-Lawyers.jpg","datePublished":"2022-12-20T23:48:59+00:00","dateModified":"2025-05-30T19:40:05+00:00","breadcrumb":{"@id":"https:\/\/centralialaw.com\/es\/viajes-en-vacaciones-es-epoca-de-atascos-de-trafico\/#breadcrumb"},"inLanguage":"es","potentialAction":[{"@type":"ReadAction","target":["https:\/\/centralialaw.com\/es\/viajes-en-vacaciones-es-epoca-de-atascos-de-trafico\/"]}]},{"@type":"ImageObject","inLanguage":"es","@id":"https:\/\/centralialaw.com\/es\/viajes-en-vacaciones-es-epoca-de-atascos-de-trafico\/#primaryimage","url":"https:\/\/centralialaw.com\/wp-content\/uploads\/2022\/12\/ARA-Car-Accident-Lawyers.jpg","contentUrl":"https:\/\/centralialaw.com\/wp-content\/uploads\/2022\/12\/ARA-Car-Accident-Lawyers.jpg","width":474,"height":316},{"@type":"BreadcrumbList","@id":"https:\/\/centralialaw.com\/es\/viajes-en-vacaciones-es-epoca-de-atascos-de-trafico\/#breadcrumb","itemListElement":[{"@type":"ListItem","position":1,"name":"Inicio","item":"https:\/\/centralialaw.com\/es\/"},{"@type":"ListItem","position":2,"name":"Viajes en vacaciones: es \u00e9poca de atascos de tr\u00e1fico"}]},{"@type":"WebSite","@id":"https:\/\/centralialaw.com\/es\/#website","url":"https:\/\/centralialaw.com\/es\/","name":"Centralia Law","description":"Al servicio del estado de Washington desde hace m\u00e1s de 75 a\u00f1os - Althauser Rayan Abbarno ","publisher":{"@id":"https:\/\/centralialaw.com\/es\/#organization"},"potentialAction":[{"@type":"SearchAction","target":{"@type":"EntryPoint","urlTemplate":"https:\/\/centralialaw.com\/es\/?s={search_term_string}"},"query-input":{"@type":"PropertyValueSpecification","valueRequired":true,"valueName":"search_term_string"}}],"inLanguage":"es"},{"@type":"Organization","@id":"https:\/\/centralialaw.com\/es\/#organization","name":"Ley Centralia","url":"https:\/\/centralialaw.com\/es\/","logo":{"@type":"ImageObject","inLanguage":"es","@id":"https:\/\/centralialaw.com\/es\/#\/schema\/logo\/image\/","url":"https:\/\/centralialaw.com\/wp-content\/uploads\/2022\/05\/ARA-Logo.png","contentUrl":"https:\/\/centralialaw.com\/wp-content\/uploads\/2022\/05\/ARA-Logo.png","width":1153,"height":364,"caption":"Ley Centralia"},"image":{"@id":"https:\/\/centralialaw.com\/es\/#\/schema\/logo\/image\/"},"sameAs":["https:\/\/www.facebook.com\/AlthauserRayanAbbarno\/","https:\/\/x.com\/PeterAbbarno"]},{"@type":"Person","@id":"https:\/\/centralialaw.com\/es\/#\/schema\/person\/df75a746547e7cef043297aef1bbba38","name":"Peter Abbarno","image":{"@type":"ImageObject","inLanguage":"es","@id":"https:\/\/secure.gravatar.com\/avatar\/4abfe3b7079121d1f28bfcee302a24a00532f113ebafa311593e0ebac2982d3b?s=96&d=mm&r=g","url":"https:\/\/secure.gravatar.com\/avatar\/4abfe3b7079121d1f28bfcee302a24a00532f113ebafa311593e0ebac2982d3b?s=96&d=mm&r=g","contentUrl":"https:\/\/secure.gravatar.com\/avatar\/4abfe3b7079121d1f28bfcee302a24a00532f113ebafa311593e0ebac2982d3b?s=96&d=mm&r=g","caption":"Peter Abbarno"},"url":"https:\/\/centralialaw.com\/es\/author\/peter-abbarno\/"}]}},"_links":{"self":[{"href":"https:\/\/centralialaw.com\/es\/wp-json\/wp\/v2\/posts\/17587","targetHints":{"allow":["GET"]}}],"collection":[{"href":"https:\/\/centralialaw.com\/es\/wp-json\/wp\/v2\/posts"}],"about":[{"href":"https:\/\/centralialaw.com\/es\/wp-json\/wp\/v2\/types\/post"}],"author":[{"embeddable":true,"href":"https:\/\/centralialaw.com\/es\/wp-json\/wp\/v2\/users\/2"}],"replies":[{"embeddable":true,"href":"https:\/\/centralialaw.com\/es\/wp-json\/wp\/v2\/comments?post=17587"}],"version-history":[{"count":0,"href":"https:\/\/centralialaw.com\/es\/wp-json\/wp\/v2\/posts\/17587\/revisions"}],"wp:featuredmedia":[{"embeddable":true,"href":"https:\/\/centralialaw.com\/es\/wp-json\/wp\/v2\/media\/17313"}],"wp:attachment":[{"href":"https:\/\/centralialaw.com\/es\/wp-json\/wp\/v2\/media?parent=17587"}],"wp:term":[{"taxonomy":"category","embeddable":true,"href":"https:\/\/centralialaw.com\/es\/wp-json\/wp\/v2\/categories?post=17587"},{"taxonomy":"post_tag","embeddable":true,"href":"https:\/\/centralialaw.com\/es\/wp-json\/wp\/v2\/tags?post=17587"}],"curies":[{"name":"wp","href":"https:\/\/api.w.org\/{rel}","templated":true}]}}