{"id":17606,"date":"2022-01-31T23:20:12","date_gmt":"2022-02-01T07:20:12","guid":{"rendered":"https:\/\/centralialaw.com\/es-ilegal-llevarse-un-carrito-de-la-compra\/"},"modified":"2025-05-30T12:40:15","modified_gmt":"2025-05-30T19:40:15","slug":"es-ilegal-llevarse-un-carrito-de-la-compra","status":"publish","type":"post","link":"https:\/\/centralialaw.com\/es\/es-ilegal-llevarse-un-carrito-de-la-compra\/","title":{"rendered":"\u00bfEs ilegal llevarse un carrito de la compra?"},"content":{"rendered":"\n<p>No es raro ver un carrito de la compra en un arc\u00e9n, en un parque o en una v\u00eda p\u00fablica. No ha llegado all\u00ed por accidente. Una pregunta habitual es si sacar un carrito de la compra de una tienda o del aparcamiento de origen es delito. Hemos preguntado a los abogados penalistas de Althauser Rayan Abbarno.     <\/p>\n\n<p>La respuesta es que el \u201cRobo del Carro de la Compra\u201d es un delito menor en la siguiente circunstancia.<\/p>\n\n<p>Seg\u00fan la RCW 9A.56.270,  <\/p>\n\n<p><strong>(1) Es ilegal realizar cualquiera de los siguientes actos, si un carro de la compra tiene una se\u00f1al fijada permanentemente seg\u00fan lo dispuesto en el apartado (2) de esta secci\u00f3n:<\/strong><\/p>\n\n<p>(a) Retirar un carro de la compra de la zona de aparcamiento de un establecimiento minorista con la intenci\u00f3n de privar al propietario del carro de la compra del uso del mismo; o<\/p>\n\n<p>(b) Estar en posesi\u00f3n de cualquier carrito de la compra que haya sido retirado de la zona de aparcamiento de un establecimiento minorista con la intenci\u00f3n de privar al propietario del carrito del uso del mismo.<\/p>\n\n<p><strong>(2) Esta secci\u00f3n s\u00f3lo se aplicar\u00e1 cuando un carro de la compra:  <\/strong><\/p>\n\n<p>(a) Lleva una se\u00f1al fijada de forma permanente que identifica al propietario del carro o al minorista, o a ambos;  <\/p>\n\n<p>(b) notifica al p\u00fablico el procedimiento que se utilizar\u00e1 para la retirada autorizada del carro de las instalaciones;  <\/p>\n\n<p>(c) notifica al p\u00fablico que la retirada no autorizada del carrito del local o zona de aparcamiento del establecimiento minorista, o la posesi\u00f3n no autorizada del carrito, es ilegal; y  <\/p>\n\n<p>(d) indique un n\u00famero de tel\u00e9fono o una direcci\u00f3n para devolver los carros retirados de los locales o de la zona de aparcamiento al propietario o al minorista.<\/p>\n\n<p><strong>(3) Toda persona que infrinja cualquier disposici\u00f3n de esta secci\u00f3n es culpable de un delito menor.<\/strong><\/p>\n\n<div class=\"wp-block-image\"><figure class=\"aligncenter size-large\"><a href=\"https:\/\/centralialaw.com\/wp-content\/uploads\/2020\/12\/ARA_anniversary_print_logo.png\"><img decoding=\"async\" src=\"https:\/\/centralialaw.com\/wp-content\/uploads\/2020\/12\/ARA_anniversary_print_logo-1024x472.png\" alt=\"\" class=\"wp-image-15679\"\/><\/a><\/figure><\/div>\n\n<h2 class=\"has-text-align-center wp-block-heading\">Abogados de Centralia y Olympia<\/h2>\n\n<p>Para una consulta con nuestros abogados de Althauser Rayan Abbarno en Olympia o Centralia, llama al (360) 736-1301 o visita CentraliaLaw.com<\/p>\n","protected":false},"excerpt":{"rendered":"<p>No es raro ver un carrito de la compra en un arc\u00e9n, en un parque o en una v\u00eda p\u00fablica. No ha llegado all\u00ed por accidente. Una pregunta habitual es si sacar un carrito de la compra de una tienda o del aparcamiento de origen es delito. Hemos preguntado a los abogados penalistas de Althauser [&hellip;]<\/p>\n","protected":false},"author":1,"featured_media":17257,"comment_status":"closed","ping_status":"closed","sticky":false,"template":"","format":"standard","meta":{"_et_pb_use_builder":"","_et_pb_old_content":"","_et_gb_content_width":"","footnotes":""},"categories":[375],"tags":[371,392,369,372],"class_list":["post-17606","post","type-post","status-publish","format-standard","has-post-thumbnail","hentry","category-defensa-penal","tag-abogado-es","tag-abogados-cerca-de-mi","tag-centralia-es","tag-olimpia"],"yoast_head":"<!-- This site is optimized with the Yoast SEO plugin v27.4 - https:\/\/yoast.com\/product\/yoast-seo-wordpress\/ -->\n<title>\u00bfEs ilegal llevarse un carrito de la compra? - Ley Centralia<\/title>\n<meta name=\"description\" content=\"Una pregunta habitual es si sacar un carrito de la compra de una tienda o del aparcamiento de origen es delito. Hemos preguntado a los abogados penalistas de Althauser Rayan Abbarno.\" \/>\n<meta name=\"robots\" content=\"index, follow, max-snippet:-1, max-image-preview:large, max-video-preview:-1\" \/>\n<link rel=\"canonical\" href=\"https:\/\/centralialaw.com\/es\/es-ilegal-llevarse-un-carrito-de-la-compra\/\" \/>\n<meta property=\"og:locale\" content=\"es_ES\" \/>\n<meta property=\"og:type\" content=\"article\" \/>\n<meta property=\"og:title\" content=\"\u00bfEs ilegal llevarse un carrito de la compra? - Ley Centralia\" \/>\n<meta property=\"og:description\" content=\"Una pregunta habitual es si sacar un carrito de la compra de una tienda o del aparcamiento de origen es delito. Hemos preguntado a los abogados penalistas de Althauser Rayan Abbarno.\" \/>\n<meta property=\"og:url\" content=\"https:\/\/centralialaw.com\/es\/es-ilegal-llevarse-un-carrito-de-la-compra\/\" \/>\n<meta property=\"og:site_name\" content=\"Ley Centralia\" \/>\n<meta property=\"article:publisher\" content=\"https:\/\/www.facebook.com\/AlthauserRayanAbbarno\/\" \/>\n<meta property=\"article:published_time\" content=\"2022-02-01T07:20:12+00:00\" \/>\n<meta property=\"article:modified_time\" content=\"2025-05-30T19:40:15+00:00\" \/>\n<meta property=\"og:image\" content=\"https:\/\/centralialaw.com\/wp-content\/uploads\/2022\/03\/Group-Shot2.jpg\" \/>\n\t<meta property=\"og:image:width\" content=\"533\" \/>\n\t<meta property=\"og:image:height\" content=\"800\" \/>\n\t<meta property=\"og:image:type\" content=\"image\/jpeg\" \/>\n<meta name=\"author\" content=\"silveragency\" \/>\n<meta name=\"twitter:card\" content=\"summary_large_image\" \/>\n<meta name=\"twitter:creator\" content=\"@PeterAbbarno\" \/>\n<meta name=\"twitter:site\" content=\"@PeterAbbarno\" \/>\n<meta name=\"twitter:label1\" content=\"Written by\" \/>\n\t<meta name=\"twitter:data1\" content=\"silveragency\" \/>\n\t<meta name=\"twitter:label2\" content=\"Est. reading time\" \/>\n\t<meta name=\"twitter:data2\" content=\"2 minutos\" \/>\n<script type=\"application\/ld+json\" class=\"yoast-schema-graph\">{\"@context\":\"https:\\\/\\\/schema.org\",\"@graph\":[{\"@type\":\"Article\",\"@id\":\"https:\\\/\\\/centralialaw.com\\\/es\\\/es-ilegal-llevarse-un-carrito-de-la-compra\\\/#article\",\"isPartOf\":{\"@id\":\"https:\\\/\\\/centralialaw.com\\\/es\\\/es-ilegal-llevarse-un-carrito-de-la-compra\\\/\"},\"author\":{\"name\":\"silveragency\",\"@id\":\"https:\\\/\\\/centralialaw.com\\\/es\\\/#\\\/schema\\\/person\\\/c90a306e6cec19446363bb73622e38f0\"},\"headline\":\"\u00bfEs ilegal llevarse un carrito de la compra?\",\"datePublished\":\"2022-02-01T07:20:12+00:00\",\"dateModified\":\"2025-05-30T19:40:15+00:00\",\"mainEntityOfPage\":{\"@id\":\"https:\\\/\\\/centralialaw.com\\\/es\\\/es-ilegal-llevarse-un-carrito-de-la-compra\\\/\"},\"wordCount\":354,\"publisher\":{\"@id\":\"https:\\\/\\\/centralialaw.com\\\/es\\\/#organization\"},\"image\":{\"@id\":\"https:\\\/\\\/centralialaw.com\\\/es\\\/es-ilegal-llevarse-un-carrito-de-la-compra\\\/#primaryimage\"},\"thumbnailUrl\":\"https:\\\/\\\/centralialaw.com\\\/wp-content\\\/uploads\\\/2022\\\/03\\\/Group-Shot2.jpg\",\"keywords\":[\"Abogado\",\"Abogados cerca de m\u00ed\",\"Centralia\",\"Olimpia\"],\"articleSection\":[\"Defensa Penal\"],\"inLanguage\":\"es\"},{\"@type\":\"WebPage\",\"@id\":\"https:\\\/\\\/centralialaw.com\\\/es\\\/es-ilegal-llevarse-un-carrito-de-la-compra\\\/\",\"url\":\"https:\\\/\\\/centralialaw.com\\\/es\\\/es-ilegal-llevarse-un-carrito-de-la-compra\\\/\",\"name\":\"\u00bfEs ilegal llevarse un carrito de la compra? - Ley Centralia\",\"isPartOf\":{\"@id\":\"https:\\\/\\\/centralialaw.com\\\/es\\\/#website\"},\"primaryImageOfPage\":{\"@id\":\"https:\\\/\\\/centralialaw.com\\\/es\\\/es-ilegal-llevarse-un-carrito-de-la-compra\\\/#primaryimage\"},\"image\":{\"@id\":\"https:\\\/\\\/centralialaw.com\\\/es\\\/es-ilegal-llevarse-un-carrito-de-la-compra\\\/#primaryimage\"},\"thumbnailUrl\":\"https:\\\/\\\/centralialaw.com\\\/wp-content\\\/uploads\\\/2022\\\/03\\\/Group-Shot2.jpg\",\"datePublished\":\"2022-02-01T07:20:12+00:00\",\"dateModified\":\"2025-05-30T19:40:15+00:00\",\"description\":\"Una pregunta habitual es si sacar un carrito de la compra de una tienda o del aparcamiento de origen es delito. Hemos preguntado a los abogados penalistas de Althauser Rayan Abbarno.\",\"breadcrumb\":{\"@id\":\"https:\\\/\\\/centralialaw.com\\\/es\\\/es-ilegal-llevarse-un-carrito-de-la-compra\\\/#breadcrumb\"},\"inLanguage\":\"es\",\"potentialAction\":[{\"@type\":\"ReadAction\",\"target\":[\"https:\\\/\\\/centralialaw.com\\\/es\\\/es-ilegal-llevarse-un-carrito-de-la-compra\\\/\"]}]},{\"@type\":\"ImageObject\",\"inLanguage\":\"es\",\"@id\":\"https:\\\/\\\/centralialaw.com\\\/es\\\/es-ilegal-llevarse-un-carrito-de-la-compra\\\/#primaryimage\",\"url\":\"https:\\\/\\\/centralialaw.com\\\/wp-content\\\/uploads\\\/2022\\\/03\\\/Group-Shot2.jpg\",\"contentUrl\":\"https:\\\/\\\/centralialaw.com\\\/wp-content\\\/uploads\\\/2022\\\/03\\\/Group-Shot2.jpg\",\"width\":533,\"height\":800},{\"@type\":\"BreadcrumbList\",\"@id\":\"https:\\\/\\\/centralialaw.com\\\/es\\\/es-ilegal-llevarse-un-carrito-de-la-compra\\\/#breadcrumb\",\"itemListElement\":[{\"@type\":\"ListItem\",\"position\":1,\"name\":\"Inicio\",\"item\":\"https:\\\/\\\/centralialaw.com\\\/es\\\/\"},{\"@type\":\"ListItem\",\"position\":2,\"name\":\"\u00bfEs ilegal llevarse un carrito de la compra?\"}]},{\"@type\":\"WebSite\",\"@id\":\"https:\\\/\\\/centralialaw.com\\\/es\\\/#website\",\"url\":\"https:\\\/\\\/centralialaw.com\\\/es\\\/\",\"name\":\"Centralia Law\",\"description\":\"Al servicio del estado de Washington desde hace m\u00e1s de 75 a\u00f1os - Althauser Rayan Abbarno \",\"publisher\":{\"@id\":\"https:\\\/\\\/centralialaw.com\\\/es\\\/#organization\"},\"potentialAction\":[{\"@type\":\"SearchAction\",\"target\":{\"@type\":\"EntryPoint\",\"urlTemplate\":\"https:\\\/\\\/centralialaw.com\\\/es\\\/?s={search_term_string}\"},\"query-input\":{\"@type\":\"PropertyValueSpecification\",\"valueRequired\":true,\"valueName\":\"search_term_string\"}}],\"inLanguage\":\"es\"},{\"@type\":\"Organization\",\"@id\":\"https:\\\/\\\/centralialaw.com\\\/es\\\/#organization\",\"name\":\"Ley Centralia\",\"url\":\"https:\\\/\\\/centralialaw.com\\\/es\\\/\",\"logo\":{\"@type\":\"ImageObject\",\"inLanguage\":\"es\",\"@id\":\"https:\\\/\\\/centralialaw.com\\\/es\\\/#\\\/schema\\\/logo\\\/image\\\/\",\"url\":\"https:\\\/\\\/centralialaw.com\\\/wp-content\\\/uploads\\\/2022\\\/05\\\/ARA-Logo.png\",\"contentUrl\":\"https:\\\/\\\/centralialaw.com\\\/wp-content\\\/uploads\\\/2022\\\/05\\\/ARA-Logo.png\",\"width\":1153,\"height\":364,\"caption\":\"Ley Centralia\"},\"image\":{\"@id\":\"https:\\\/\\\/centralialaw.com\\\/es\\\/#\\\/schema\\\/logo\\\/image\\\/\"},\"sameAs\":[\"https:\\\/\\\/www.facebook.com\\\/AlthauserRayanAbbarno\\\/\",\"https:\\\/\\\/x.com\\\/PeterAbbarno\"]},{\"@type\":\"Person\",\"@id\":\"https:\\\/\\\/centralialaw.com\\\/es\\\/#\\\/schema\\\/person\\\/c90a306e6cec19446363bb73622e38f0\",\"name\":\"silveragency\",\"image\":{\"@type\":\"ImageObject\",\"inLanguage\":\"es\",\"@id\":\"https:\\\/\\\/secure.gravatar.com\\\/avatar\\\/4651f4f7a0b935cb1de39e18a57f11b714fe08c8958a68707e471418252972e5?s=96&d=mm&r=g\",\"url\":\"https:\\\/\\\/secure.gravatar.com\\\/avatar\\\/4651f4f7a0b935cb1de39e18a57f11b714fe08c8958a68707e471418252972e5?s=96&d=mm&r=g\",\"contentUrl\":\"https:\\\/\\\/secure.gravatar.com\\\/avatar\\\/4651f4f7a0b935cb1de39e18a57f11b714fe08c8958a68707e471418252972e5?s=96&d=mm&r=g\",\"caption\":\"silveragency\"},\"sameAs\":[\"http:\\\/\\\/centralialaw.com\"],\"url\":\"https:\\\/\\\/centralialaw.com\\\/es\\\/author\\\/silveragency\\\/\"}]}<\/script>\n<!-- \/ Yoast SEO plugin. -->","yoast_head_json":{"title":"\u00bfEs ilegal llevarse un carrito de la compra? - Ley Centralia","description":"Una pregunta habitual es si sacar un carrito de la compra de una tienda o del aparcamiento de origen es delito. Hemos preguntado a los abogados penalistas de Althauser Rayan Abbarno.","robots":{"index":"index","follow":"follow","max-snippet":"max-snippet:-1","max-image-preview":"max-image-preview:large","max-video-preview":"max-video-preview:-1"},"canonical":"https:\/\/centralialaw.com\/es\/es-ilegal-llevarse-un-carrito-de-la-compra\/","og_locale":"es_ES","og_type":"article","og_title":"\u00bfEs ilegal llevarse un carrito de la compra? - Ley Centralia","og_description":"Una pregunta habitual es si sacar un carrito de la compra de una tienda o del aparcamiento de origen es delito. Hemos preguntado a los abogados penalistas de Althauser Rayan Abbarno.","og_url":"https:\/\/centralialaw.com\/es\/es-ilegal-llevarse-un-carrito-de-la-compra\/","og_site_name":"Ley Centralia","article_publisher":"https:\/\/www.facebook.com\/AlthauserRayanAbbarno\/","article_published_time":"2022-02-01T07:20:12+00:00","article_modified_time":"2025-05-30T19:40:15+00:00","og_image":[{"width":533,"height":800,"url":"https:\/\/centralialaw.com\/wp-content\/uploads\/2022\/03\/Group-Shot2.jpg","type":"image\/jpeg"}],"author":"silveragency","twitter_card":"summary_large_image","twitter_creator":"@PeterAbbarno","twitter_site":"@PeterAbbarno","twitter_misc":{"Written by":"silveragency","Est. reading time":"2 minutos"},"schema":{"@context":"https:\/\/schema.org","@graph":[{"@type":"Article","@id":"https:\/\/centralialaw.com\/es\/es-ilegal-llevarse-un-carrito-de-la-compra\/#article","isPartOf":{"@id":"https:\/\/centralialaw.com\/es\/es-ilegal-llevarse-un-carrito-de-la-compra\/"},"author":{"name":"silveragency","@id":"https:\/\/centralialaw.com\/es\/#\/schema\/person\/c90a306e6cec19446363bb73622e38f0"},"headline":"\u00bfEs ilegal llevarse un carrito de la compra?","datePublished":"2022-02-01T07:20:12+00:00","dateModified":"2025-05-30T19:40:15+00:00","mainEntityOfPage":{"@id":"https:\/\/centralialaw.com\/es\/es-ilegal-llevarse-un-carrito-de-la-compra\/"},"wordCount":354,"publisher":{"@id":"https:\/\/centralialaw.com\/es\/#organization"},"image":{"@id":"https:\/\/centralialaw.com\/es\/es-ilegal-llevarse-un-carrito-de-la-compra\/#primaryimage"},"thumbnailUrl":"https:\/\/centralialaw.com\/wp-content\/uploads\/2022\/03\/Group-Shot2.jpg","keywords":["Abogado","Abogados cerca de m\u00ed","Centralia","Olimpia"],"articleSection":["Defensa Penal"],"inLanguage":"es"},{"@type":"WebPage","@id":"https:\/\/centralialaw.com\/es\/es-ilegal-llevarse-un-carrito-de-la-compra\/","url":"https:\/\/centralialaw.com\/es\/es-ilegal-llevarse-un-carrito-de-la-compra\/","name":"\u00bfEs ilegal llevarse un carrito de la compra? - Ley Centralia","isPartOf":{"@id":"https:\/\/centralialaw.com\/es\/#website"},"primaryImageOfPage":{"@id":"https:\/\/centralialaw.com\/es\/es-ilegal-llevarse-un-carrito-de-la-compra\/#primaryimage"},"image":{"@id":"https:\/\/centralialaw.com\/es\/es-ilegal-llevarse-un-carrito-de-la-compra\/#primaryimage"},"thumbnailUrl":"https:\/\/centralialaw.com\/wp-content\/uploads\/2022\/03\/Group-Shot2.jpg","datePublished":"2022-02-01T07:20:12+00:00","dateModified":"2025-05-30T19:40:15+00:00","description":"Una pregunta habitual es si sacar un carrito de la compra de una tienda o del aparcamiento de origen es delito. Hemos preguntado a los abogados penalistas de Althauser Rayan Abbarno.","breadcrumb":{"@id":"https:\/\/centralialaw.com\/es\/es-ilegal-llevarse-un-carrito-de-la-compra\/#breadcrumb"},"inLanguage":"es","potentialAction":[{"@type":"ReadAction","target":["https:\/\/centralialaw.com\/es\/es-ilegal-llevarse-un-carrito-de-la-compra\/"]}]},{"@type":"ImageObject","inLanguage":"es","@id":"https:\/\/centralialaw.com\/es\/es-ilegal-llevarse-un-carrito-de-la-compra\/#primaryimage","url":"https:\/\/centralialaw.com\/wp-content\/uploads\/2022\/03\/Group-Shot2.jpg","contentUrl":"https:\/\/centralialaw.com\/wp-content\/uploads\/2022\/03\/Group-Shot2.jpg","width":533,"height":800},{"@type":"BreadcrumbList","@id":"https:\/\/centralialaw.com\/es\/es-ilegal-llevarse-un-carrito-de-la-compra\/#breadcrumb","itemListElement":[{"@type":"ListItem","position":1,"name":"Inicio","item":"https:\/\/centralialaw.com\/es\/"},{"@type":"ListItem","position":2,"name":"\u00bfEs ilegal llevarse un carrito de la compra?"}]},{"@type":"WebSite","@id":"https:\/\/centralialaw.com\/es\/#website","url":"https:\/\/centralialaw.com\/es\/","name":"Centralia Law","description":"Al servicio del estado de Washington desde hace m\u00e1s de 75 a\u00f1os - Althauser Rayan Abbarno ","publisher":{"@id":"https:\/\/centralialaw.com\/es\/#organization"},"potentialAction":[{"@type":"SearchAction","target":{"@type":"EntryPoint","urlTemplate":"https:\/\/centralialaw.com\/es\/?s={search_term_string}"},"query-input":{"@type":"PropertyValueSpecification","valueRequired":true,"valueName":"search_term_string"}}],"inLanguage":"es"},{"@type":"Organization","@id":"https:\/\/centralialaw.com\/es\/#organization","name":"Ley Centralia","url":"https:\/\/centralialaw.com\/es\/","logo":{"@type":"ImageObject","inLanguage":"es","@id":"https:\/\/centralialaw.com\/es\/#\/schema\/logo\/image\/","url":"https:\/\/centralialaw.com\/wp-content\/uploads\/2022\/05\/ARA-Logo.png","contentUrl":"https:\/\/centralialaw.com\/wp-content\/uploads\/2022\/05\/ARA-Logo.png","width":1153,"height":364,"caption":"Ley Centralia"},"image":{"@id":"https:\/\/centralialaw.com\/es\/#\/schema\/logo\/image\/"},"sameAs":["https:\/\/www.facebook.com\/AlthauserRayanAbbarno\/","https:\/\/x.com\/PeterAbbarno"]},{"@type":"Person","@id":"https:\/\/centralialaw.com\/es\/#\/schema\/person\/c90a306e6cec19446363bb73622e38f0","name":"silveragency","image":{"@type":"ImageObject","inLanguage":"es","@id":"https:\/\/secure.gravatar.com\/avatar\/4651f4f7a0b935cb1de39e18a57f11b714fe08c8958a68707e471418252972e5?s=96&d=mm&r=g","url":"https:\/\/secure.gravatar.com\/avatar\/4651f4f7a0b935cb1de39e18a57f11b714fe08c8958a68707e471418252972e5?s=96&d=mm&r=g","contentUrl":"https:\/\/secure.gravatar.com\/avatar\/4651f4f7a0b935cb1de39e18a57f11b714fe08c8958a68707e471418252972e5?s=96&d=mm&r=g","caption":"silveragency"},"sameAs":["http:\/\/centralialaw.com"],"url":"https:\/\/centralialaw.com\/es\/author\/silveragency\/"}]}},"_links":{"self":[{"href":"https:\/\/centralialaw.com\/es\/wp-json\/wp\/v2\/posts\/17606","targetHints":{"allow":["GET"]}}],"collection":[{"href":"https:\/\/centralialaw.com\/es\/wp-json\/wp\/v2\/posts"}],"about":[{"href":"https:\/\/centralialaw.com\/es\/wp-json\/wp\/v2\/types\/post"}],"author":[{"embeddable":true,"href":"https:\/\/centralialaw.com\/es\/wp-json\/wp\/v2\/users\/1"}],"replies":[{"embeddable":true,"href":"https:\/\/centralialaw.com\/es\/wp-json\/wp\/v2\/comments?post=17606"}],"version-history":[{"count":0,"href":"https:\/\/centralialaw.com\/es\/wp-json\/wp\/v2\/posts\/17606\/revisions"}],"wp:featuredmedia":[{"embeddable":true,"href":"https:\/\/centralialaw.com\/es\/wp-json\/wp\/v2\/media\/17257"}],"wp:attachment":[{"href":"https:\/\/centralialaw.com\/es\/wp-json\/wp\/v2\/media?parent=17606"}],"wp:term":[{"taxonomy":"category","embeddable":true,"href":"https:\/\/centralialaw.com\/es\/wp-json\/wp\/v2\/categories?post=17606"},{"taxonomy":"post_tag","embeddable":true,"href":"https:\/\/centralialaw.com\/es\/wp-json\/wp\/v2\/tags?post=17606"}],"curies":[{"name":"wp","href":"https:\/\/api.w.org\/{rel}","templated":true}]}}