{"id":17628,"date":"2023-05-08T12:16:47","date_gmt":"2023-05-08T19:16:47","guid":{"rendered":"https:\/\/centralialaw.com\/la-divulgacion-de-imagenes-intimas-esta-protegida-por-las-leyes-de-washington\/"},"modified":"2025-05-30T12:40:24","modified_gmt":"2025-05-30T19:40:24","slug":"la-divulgacion-de-imagenes-intimas-esta-protegida-por-las-leyes-de-washington","status":"publish","type":"post","link":"https:\/\/centralialaw.com\/es\/la-divulgacion-de-imagenes-intimas-esta-protegida-por-las-leyes-de-washington\/","title":{"rendered":"La divulgaci\u00f3n de im\u00e1genes \u00edntimas est\u00e1 protegida por las leyes de Washington"},"content":{"rendered":"\n<p>Seg\u00fan los abogados de Althauser Rayan Abbarno, la Asamblea Legislativa del estado de Washington aprob\u00f3 por unanimidad, y el gobernador Inslee firm\u00f3, una nueva que deroga la ley actual que impone responsabilidad civil por divulgaci\u00f3n il\u00edcita de im\u00e1genes \u00edntimas y la sustituye por la Ley de Recursos Civiles Uniformes para la Divulgaci\u00f3n No Autorizada de Im\u00e1genes \u00cdntimas (UCRUDIIA).<\/p>\n\n<h2 class=\"wp-block-heading\">Ley de Recursos Civiles Uniformes contra la Revelaci\u00f3n No Autorizada de Im\u00e1genes \u00cdntimas.  <\/h2>\n\n<p>En 2018, la Comisi\u00f3n de Derecho Uniforme (ULC) promulg\u00f3 la Ley de Recursos Civiles Uniformes por la Divulgaci\u00f3n No Autorizada de Im\u00e1genes \u00cdntimas (UCRUDIIA), que aborda la divulgaci\u00f3n de im\u00e1genes privadas de desnudez o conducta sexual sin consentimiento. La UCRUDIIA crea una causa de acci\u00f3n civil por la divulgaci\u00f3n no autorizada de im\u00e1genes \u00edntimas, especifica excepciones a la responsabilidad, establece disposiciones para abordar la intimidad de las v\u00edctimas y prev\u00e9 diversos recursos, incluidos da\u00f1os punitivos.   <\/p>\n\n<h2 class=\"wp-block-heading\">Causas de acci\u00f3n en virtud de la UCRUDIIA<\/h2>\n\n<p>Una persona representada que sea identificable en una imagen \u00edntima privada, y que sufra da\u00f1os por la divulgaci\u00f3n intencionada o la amenaza de divulgaci\u00f3n de la imagen por parte de una persona<br\/>sin el consentimiento de la persona representada, tiene una causa de acci\u00f3n contra la persona divulgadora si dicha persona sab\u00eda o actu\u00f3 con imprudencia temeraria respecto a si:<\/p>\n\n<ul class=\"wp-block-list\">\n<li>el individuo representado no dio su consentimiento a la divulgaci\u00f3n;<\/li>\n\n\n\n<li>la imagen \u00edntima era privada<\/li>\n\n\n\n<li>el individuo representado era identificable.<\/li>\n<\/ul>\n\n<p>Una persona no es responsable en virtud de la UCRUDIIA si la divulgaci\u00f3n de una imagen \u00edntima fue:<\/p>\n\n<ul class=\"wp-block-list\">\n<li>realizadas de buena fe en actividades policiales, procedimientos judiciales o educaci\u00f3n o tratamiento m\u00e9dicos;<\/li>\n\n\n\n<li>realizadas de buena fe al denunciar o investigar una conducta il\u00edcita o una conducta no solicitada y no deseada;<\/li>\n\n\n\n<li>relacionados con un asunto de inter\u00e9s p\u00fablico o de preocupaci\u00f3n p\u00fablica; o<\/li>\n\n\n\n<li>razonablemente destinados a ayudar al individuo representado.<\/li>\n\n\n\n<li><\/li>\n<\/ul>\n\n<p>La divulgaci\u00f3n de im\u00e1genes \u00edntimas no es una cuesti\u00f3n de preocupaci\u00f3n o inter\u00e9s p\u00fablicos por el mero hecho de que la persona retratada sea una figura p\u00fablica.<\/p>\n\n<p>Un acusado que sea padre, tutor legal o persona con custodia legal de un menor no es responsable de la divulgaci\u00f3n de una imagen \u00edntima del menor. Esta excepci\u00f3n no se aplica si la divulgaci\u00f3n estaba prohibida por una ley distinta de la UCRUDIIA, o se hizo con fines de excitaci\u00f3n sexual, gratificaci\u00f3n sexual, humillaci\u00f3n, degradaci\u00f3n o ganancia monetaria o comercial. <br\/><br\/>Un demandante que prevalezca puede recuperar la mayor cantidad de:<\/p>\n\n<ul class=\"wp-block-list\">\n<li>da\u00f1os y perjuicios econ\u00f3micos y no econ\u00f3micos causados directamente por la revelaci\u00f3n o amenaza de revelaci\u00f3n por parte del demandado, incluidos los da\u00f1os y perjuicios por angustia emocional, vayan o no acompa\u00f1ados de otros da\u00f1os; o<\/li>\n\n\n\n<li>da\u00f1os y perjuicios legales no superiores a 10.000 $ contra cada demandado responsable de todas las revelaciones o amenazas de revelaci\u00f3n.<\/li>\n<\/ul>\n\n<h2 class=\"wp-block-heading\">Contacta con un abogado de Althauser Rayan Abbarno<\/h2>\n\n<p>Para una consulta con nuestros abogados en Centralia u Olympia, llama al (360) 736-1301 o www.CentraliaLaw.com.<\/p>\n","protected":false},"excerpt":{"rendered":"<p>Seg\u00fan los abogados de Althauser Rayan Abbarno, la Asamblea Legislativa del estado de Washington aprob\u00f3 por unanimidad, y el gobernador Inslee firm\u00f3, una nueva que deroga la ley actual que impone responsabilidad civil por divulgaci\u00f3n il\u00edcita de im\u00e1genes \u00edntimas y la sustituye por la Ley de Recursos Civiles Uniformes para la Divulgaci\u00f3n No Autorizada de [&hellip;]<\/p>\n","protected":false},"author":2,"featured_media":17290,"comment_status":"closed","ping_status":"closed","sticky":false,"template":"","format":"standard","meta":{"_et_pb_use_builder":"off","_et_pb_old_content":"","_et_gb_content_width":"","footnotes":""},"categories":[375],"tags":[371,389,392,369,407,567,566,568,372],"class_list":["post-17628","post","type-post","status-publish","format-standard","has-post-thumbnail","hentry","category-defensa-penal","tag-abogado-es","tag-abogado-es-2","tag-abogados-cerca-de-mi","tag-centralia-es","tag-chehalis-es","tag-derecho-a-la-intimidad","tag-imagenes-intimas","tag-imagenes-privadas","tag-olimpia"],"yoast_head":"<!-- This site is optimized with the Yoast SEO plugin v27.4 - https:\/\/yoast.com\/product\/yoast-seo-wordpress\/ -->\n<title>La divulgaci\u00f3n de im\u00e1genes \u00edntimas est\u00e1 protegida por las leyes de Washington - Ley Centralia<\/title>\n<meta name=\"robots\" content=\"index, follow, max-snippet:-1, max-image-preview:large, max-video-preview:-1\" \/>\n<link rel=\"canonical\" href=\"https:\/\/centralialaw.com\/es\/la-divulgacion-de-imagenes-intimas-esta-protegida-por-las-leyes-de-washington\/\" \/>\n<meta property=\"og:locale\" content=\"es_ES\" \/>\n<meta property=\"og:type\" content=\"article\" \/>\n<meta property=\"og:title\" content=\"La divulgaci\u00f3n de im\u00e1genes \u00edntimas est\u00e1 protegida por las leyes de Washington - Ley Centralia\" \/>\n<meta property=\"og:description\" content=\"Seg\u00fan los abogados de Althauser Rayan Abbarno, la Asamblea Legislativa del estado de Washington aprob\u00f3 por unanimidad, y el gobernador Inslee firm\u00f3, una nueva que deroga la ley actual que impone responsabilidad civil por divulgaci\u00f3n il\u00edcita de im\u00e1genes \u00edntimas y la sustituye por la Ley de Recursos Civiles Uniformes para la Divulgaci\u00f3n No Autorizada de [&hellip;]\" \/>\n<meta property=\"og:url\" content=\"https:\/\/centralialaw.com\/es\/la-divulgacion-de-imagenes-intimas-esta-protegida-por-las-leyes-de-washington\/\" \/>\n<meta property=\"og:site_name\" content=\"Ley Centralia\" \/>\n<meta property=\"article:publisher\" content=\"https:\/\/www.facebook.com\/AlthauserRayanAbbarno\/\" \/>\n<meta property=\"article:published_time\" content=\"2023-05-08T19:16:47+00:00\" \/>\n<meta property=\"article:modified_time\" content=\"2025-05-30T19:40:24+00:00\" \/>\n<meta property=\"og:image\" content=\"https:\/\/centralialaw.com\/wp-content\/uploads\/2022\/05\/cyberharassment.jpg\" \/>\n\t<meta property=\"og:image:width\" content=\"1920\" \/>\n\t<meta property=\"og:image:height\" content=\"1080\" \/>\n\t<meta property=\"og:image:type\" content=\"image\/jpeg\" \/>\n<meta name=\"author\" content=\"Peter Abbarno\" \/>\n<meta name=\"twitter:card\" content=\"summary_large_image\" \/>\n<meta name=\"twitter:creator\" content=\"@PeterAbbarno\" \/>\n<meta name=\"twitter:site\" content=\"@PeterAbbarno\" \/>\n<meta name=\"twitter:label1\" content=\"Written by\" \/>\n\t<meta name=\"twitter:data1\" content=\"Peter Abbarno\" \/>\n\t<meta name=\"twitter:label2\" content=\"Est. reading time\" \/>\n\t<meta name=\"twitter:data2\" content=\"3 minutos\" \/>\n<script type=\"application\/ld+json\" class=\"yoast-schema-graph\">{\"@context\":\"https:\\\/\\\/schema.org\",\"@graph\":[{\"@type\":\"Article\",\"@id\":\"https:\\\/\\\/centralialaw.com\\\/es\\\/la-divulgacion-de-imagenes-intimas-esta-protegida-por-las-leyes-de-washington\\\/#article\",\"isPartOf\":{\"@id\":\"https:\\\/\\\/centralialaw.com\\\/es\\\/la-divulgacion-de-imagenes-intimas-esta-protegida-por-las-leyes-de-washington\\\/\"},\"author\":{\"name\":\"Peter Abbarno\",\"@id\":\"https:\\\/\\\/centralialaw.com\\\/es\\\/#\\\/schema\\\/person\\\/df75a746547e7cef043297aef1bbba38\"},\"headline\":\"La divulgaci\u00f3n de im\u00e1genes \u00edntimas est\u00e1 protegida por las leyes de Washington\",\"datePublished\":\"2023-05-08T19:16:47+00:00\",\"dateModified\":\"2025-05-30T19:40:24+00:00\",\"mainEntityOfPage\":{\"@id\":\"https:\\\/\\\/centralialaw.com\\\/es\\\/la-divulgacion-de-imagenes-intimas-esta-protegida-por-las-leyes-de-washington\\\/\"},\"wordCount\":551,\"publisher\":{\"@id\":\"https:\\\/\\\/centralialaw.com\\\/es\\\/#organization\"},\"image\":{\"@id\":\"https:\\\/\\\/centralialaw.com\\\/es\\\/la-divulgacion-de-imagenes-intimas-esta-protegida-por-las-leyes-de-washington\\\/#primaryimage\"},\"thumbnailUrl\":\"https:\\\/\\\/centralialaw.com\\\/wp-content\\\/uploads\\\/2022\\\/05\\\/cyberharassment.jpg\",\"keywords\":[\"Abogado\",\"Abogado\",\"Abogados cerca de m\u00ed\",\"Centralia\",\"Chehalis\",\"Derecho a la intimidad\",\"Im\u00e1genes \u00edntimas\",\"Im\u00e1genes privadas\",\"Olimpia\"],\"articleSection\":[\"Defensa Penal\"],\"inLanguage\":\"es\"},{\"@type\":\"WebPage\",\"@id\":\"https:\\\/\\\/centralialaw.com\\\/es\\\/la-divulgacion-de-imagenes-intimas-esta-protegida-por-las-leyes-de-washington\\\/\",\"url\":\"https:\\\/\\\/centralialaw.com\\\/es\\\/la-divulgacion-de-imagenes-intimas-esta-protegida-por-las-leyes-de-washington\\\/\",\"name\":\"La divulgaci\u00f3n de im\u00e1genes \u00edntimas est\u00e1 protegida por las leyes de Washington - Ley Centralia\",\"isPartOf\":{\"@id\":\"https:\\\/\\\/centralialaw.com\\\/es\\\/#website\"},\"primaryImageOfPage\":{\"@id\":\"https:\\\/\\\/centralialaw.com\\\/es\\\/la-divulgacion-de-imagenes-intimas-esta-protegida-por-las-leyes-de-washington\\\/#primaryimage\"},\"image\":{\"@id\":\"https:\\\/\\\/centralialaw.com\\\/es\\\/la-divulgacion-de-imagenes-intimas-esta-protegida-por-las-leyes-de-washington\\\/#primaryimage\"},\"thumbnailUrl\":\"https:\\\/\\\/centralialaw.com\\\/wp-content\\\/uploads\\\/2022\\\/05\\\/cyberharassment.jpg\",\"datePublished\":\"2023-05-08T19:16:47+00:00\",\"dateModified\":\"2025-05-30T19:40:24+00:00\",\"breadcrumb\":{\"@id\":\"https:\\\/\\\/centralialaw.com\\\/es\\\/la-divulgacion-de-imagenes-intimas-esta-protegida-por-las-leyes-de-washington\\\/#breadcrumb\"},\"inLanguage\":\"es\",\"potentialAction\":[{\"@type\":\"ReadAction\",\"target\":[\"https:\\\/\\\/centralialaw.com\\\/es\\\/la-divulgacion-de-imagenes-intimas-esta-protegida-por-las-leyes-de-washington\\\/\"]}]},{\"@type\":\"ImageObject\",\"inLanguage\":\"es\",\"@id\":\"https:\\\/\\\/centralialaw.com\\\/es\\\/la-divulgacion-de-imagenes-intimas-esta-protegida-por-las-leyes-de-washington\\\/#primaryimage\",\"url\":\"https:\\\/\\\/centralialaw.com\\\/wp-content\\\/uploads\\\/2022\\\/05\\\/cyberharassment.jpg\",\"contentUrl\":\"https:\\\/\\\/centralialaw.com\\\/wp-content\\\/uploads\\\/2022\\\/05\\\/cyberharassment.jpg\",\"width\":1920,\"height\":1080},{\"@type\":\"BreadcrumbList\",\"@id\":\"https:\\\/\\\/centralialaw.com\\\/es\\\/la-divulgacion-de-imagenes-intimas-esta-protegida-por-las-leyes-de-washington\\\/#breadcrumb\",\"itemListElement\":[{\"@type\":\"ListItem\",\"position\":1,\"name\":\"Inicio\",\"item\":\"https:\\\/\\\/centralialaw.com\\\/es\\\/\"},{\"@type\":\"ListItem\",\"position\":2,\"name\":\"La divulgaci\u00f3n de im\u00e1genes \u00edntimas est\u00e1 protegida por las leyes de Washington\"}]},{\"@type\":\"WebSite\",\"@id\":\"https:\\\/\\\/centralialaw.com\\\/es\\\/#website\",\"url\":\"https:\\\/\\\/centralialaw.com\\\/es\\\/\",\"name\":\"Centralia Law\",\"description\":\"Al servicio del estado de Washington desde hace m\u00e1s de 75 a\u00f1os - Althauser Rayan Abbarno \",\"publisher\":{\"@id\":\"https:\\\/\\\/centralialaw.com\\\/es\\\/#organization\"},\"potentialAction\":[{\"@type\":\"SearchAction\",\"target\":{\"@type\":\"EntryPoint\",\"urlTemplate\":\"https:\\\/\\\/centralialaw.com\\\/es\\\/?s={search_term_string}\"},\"query-input\":{\"@type\":\"PropertyValueSpecification\",\"valueRequired\":true,\"valueName\":\"search_term_string\"}}],\"inLanguage\":\"es\"},{\"@type\":\"Organization\",\"@id\":\"https:\\\/\\\/centralialaw.com\\\/es\\\/#organization\",\"name\":\"Ley Centralia\",\"url\":\"https:\\\/\\\/centralialaw.com\\\/es\\\/\",\"logo\":{\"@type\":\"ImageObject\",\"inLanguage\":\"es\",\"@id\":\"https:\\\/\\\/centralialaw.com\\\/es\\\/#\\\/schema\\\/logo\\\/image\\\/\",\"url\":\"https:\\\/\\\/centralialaw.com\\\/wp-content\\\/uploads\\\/2022\\\/05\\\/ARA-Logo.png\",\"contentUrl\":\"https:\\\/\\\/centralialaw.com\\\/wp-content\\\/uploads\\\/2022\\\/05\\\/ARA-Logo.png\",\"width\":1153,\"height\":364,\"caption\":\"Ley Centralia\"},\"image\":{\"@id\":\"https:\\\/\\\/centralialaw.com\\\/es\\\/#\\\/schema\\\/logo\\\/image\\\/\"},\"sameAs\":[\"https:\\\/\\\/www.facebook.com\\\/AlthauserRayanAbbarno\\\/\",\"https:\\\/\\\/x.com\\\/PeterAbbarno\"]},{\"@type\":\"Person\",\"@id\":\"https:\\\/\\\/centralialaw.com\\\/es\\\/#\\\/schema\\\/person\\\/df75a746547e7cef043297aef1bbba38\",\"name\":\"Peter Abbarno\",\"image\":{\"@type\":\"ImageObject\",\"inLanguage\":\"es\",\"@id\":\"https:\\\/\\\/secure.gravatar.com\\\/avatar\\\/4abfe3b7079121d1f28bfcee302a24a00532f113ebafa311593e0ebac2982d3b?s=96&d=mm&r=g\",\"url\":\"https:\\\/\\\/secure.gravatar.com\\\/avatar\\\/4abfe3b7079121d1f28bfcee302a24a00532f113ebafa311593e0ebac2982d3b?s=96&d=mm&r=g\",\"contentUrl\":\"https:\\\/\\\/secure.gravatar.com\\\/avatar\\\/4abfe3b7079121d1f28bfcee302a24a00532f113ebafa311593e0ebac2982d3b?s=96&d=mm&r=g\",\"caption\":\"Peter Abbarno\"},\"url\":\"https:\\\/\\\/centralialaw.com\\\/es\\\/author\\\/peter-abbarno\\\/\"}]}<\/script>\n<!-- \/ Yoast SEO plugin. -->","yoast_head_json":{"title":"La divulgaci\u00f3n de im\u00e1genes \u00edntimas est\u00e1 protegida por las leyes de Washington - Ley Centralia","robots":{"index":"index","follow":"follow","max-snippet":"max-snippet:-1","max-image-preview":"max-image-preview:large","max-video-preview":"max-video-preview:-1"},"canonical":"https:\/\/centralialaw.com\/es\/la-divulgacion-de-imagenes-intimas-esta-protegida-por-las-leyes-de-washington\/","og_locale":"es_ES","og_type":"article","og_title":"La divulgaci\u00f3n de im\u00e1genes \u00edntimas est\u00e1 protegida por las leyes de Washington - Ley Centralia","og_description":"Seg\u00fan los abogados de Althauser Rayan Abbarno, la Asamblea Legislativa del estado de Washington aprob\u00f3 por unanimidad, y el gobernador Inslee firm\u00f3, una nueva que deroga la ley actual que impone responsabilidad civil por divulgaci\u00f3n il\u00edcita de im\u00e1genes \u00edntimas y la sustituye por la Ley de Recursos Civiles Uniformes para la Divulgaci\u00f3n No Autorizada de [&hellip;]","og_url":"https:\/\/centralialaw.com\/es\/la-divulgacion-de-imagenes-intimas-esta-protegida-por-las-leyes-de-washington\/","og_site_name":"Ley Centralia","article_publisher":"https:\/\/www.facebook.com\/AlthauserRayanAbbarno\/","article_published_time":"2023-05-08T19:16:47+00:00","article_modified_time":"2025-05-30T19:40:24+00:00","og_image":[{"width":1920,"height":1080,"url":"https:\/\/centralialaw.com\/wp-content\/uploads\/2022\/05\/cyberharassment.jpg","type":"image\/jpeg"}],"author":"Peter Abbarno","twitter_card":"summary_large_image","twitter_creator":"@PeterAbbarno","twitter_site":"@PeterAbbarno","twitter_misc":{"Written by":"Peter Abbarno","Est. reading time":"3 minutos"},"schema":{"@context":"https:\/\/schema.org","@graph":[{"@type":"Article","@id":"https:\/\/centralialaw.com\/es\/la-divulgacion-de-imagenes-intimas-esta-protegida-por-las-leyes-de-washington\/#article","isPartOf":{"@id":"https:\/\/centralialaw.com\/es\/la-divulgacion-de-imagenes-intimas-esta-protegida-por-las-leyes-de-washington\/"},"author":{"name":"Peter Abbarno","@id":"https:\/\/centralialaw.com\/es\/#\/schema\/person\/df75a746547e7cef043297aef1bbba38"},"headline":"La divulgaci\u00f3n de im\u00e1genes \u00edntimas est\u00e1 protegida por las leyes de Washington","datePublished":"2023-05-08T19:16:47+00:00","dateModified":"2025-05-30T19:40:24+00:00","mainEntityOfPage":{"@id":"https:\/\/centralialaw.com\/es\/la-divulgacion-de-imagenes-intimas-esta-protegida-por-las-leyes-de-washington\/"},"wordCount":551,"publisher":{"@id":"https:\/\/centralialaw.com\/es\/#organization"},"image":{"@id":"https:\/\/centralialaw.com\/es\/la-divulgacion-de-imagenes-intimas-esta-protegida-por-las-leyes-de-washington\/#primaryimage"},"thumbnailUrl":"https:\/\/centralialaw.com\/wp-content\/uploads\/2022\/05\/cyberharassment.jpg","keywords":["Abogado","Abogado","Abogados cerca de m\u00ed","Centralia","Chehalis","Derecho a la intimidad","Im\u00e1genes \u00edntimas","Im\u00e1genes privadas","Olimpia"],"articleSection":["Defensa Penal"],"inLanguage":"es"},{"@type":"WebPage","@id":"https:\/\/centralialaw.com\/es\/la-divulgacion-de-imagenes-intimas-esta-protegida-por-las-leyes-de-washington\/","url":"https:\/\/centralialaw.com\/es\/la-divulgacion-de-imagenes-intimas-esta-protegida-por-las-leyes-de-washington\/","name":"La divulgaci\u00f3n de im\u00e1genes \u00edntimas est\u00e1 protegida por las leyes de Washington - Ley Centralia","isPartOf":{"@id":"https:\/\/centralialaw.com\/es\/#website"},"primaryImageOfPage":{"@id":"https:\/\/centralialaw.com\/es\/la-divulgacion-de-imagenes-intimas-esta-protegida-por-las-leyes-de-washington\/#primaryimage"},"image":{"@id":"https:\/\/centralialaw.com\/es\/la-divulgacion-de-imagenes-intimas-esta-protegida-por-las-leyes-de-washington\/#primaryimage"},"thumbnailUrl":"https:\/\/centralialaw.com\/wp-content\/uploads\/2022\/05\/cyberharassment.jpg","datePublished":"2023-05-08T19:16:47+00:00","dateModified":"2025-05-30T19:40:24+00:00","breadcrumb":{"@id":"https:\/\/centralialaw.com\/es\/la-divulgacion-de-imagenes-intimas-esta-protegida-por-las-leyes-de-washington\/#breadcrumb"},"inLanguage":"es","potentialAction":[{"@type":"ReadAction","target":["https:\/\/centralialaw.com\/es\/la-divulgacion-de-imagenes-intimas-esta-protegida-por-las-leyes-de-washington\/"]}]},{"@type":"ImageObject","inLanguage":"es","@id":"https:\/\/centralialaw.com\/es\/la-divulgacion-de-imagenes-intimas-esta-protegida-por-las-leyes-de-washington\/#primaryimage","url":"https:\/\/centralialaw.com\/wp-content\/uploads\/2022\/05\/cyberharassment.jpg","contentUrl":"https:\/\/centralialaw.com\/wp-content\/uploads\/2022\/05\/cyberharassment.jpg","width":1920,"height":1080},{"@type":"BreadcrumbList","@id":"https:\/\/centralialaw.com\/es\/la-divulgacion-de-imagenes-intimas-esta-protegida-por-las-leyes-de-washington\/#breadcrumb","itemListElement":[{"@type":"ListItem","position":1,"name":"Inicio","item":"https:\/\/centralialaw.com\/es\/"},{"@type":"ListItem","position":2,"name":"La divulgaci\u00f3n de im\u00e1genes \u00edntimas est\u00e1 protegida por las leyes de Washington"}]},{"@type":"WebSite","@id":"https:\/\/centralialaw.com\/es\/#website","url":"https:\/\/centralialaw.com\/es\/","name":"Centralia Law","description":"Al servicio del estado de Washington desde hace m\u00e1s de 75 a\u00f1os - Althauser Rayan Abbarno ","publisher":{"@id":"https:\/\/centralialaw.com\/es\/#organization"},"potentialAction":[{"@type":"SearchAction","target":{"@type":"EntryPoint","urlTemplate":"https:\/\/centralialaw.com\/es\/?s={search_term_string}"},"query-input":{"@type":"PropertyValueSpecification","valueRequired":true,"valueName":"search_term_string"}}],"inLanguage":"es"},{"@type":"Organization","@id":"https:\/\/centralialaw.com\/es\/#organization","name":"Ley Centralia","url":"https:\/\/centralialaw.com\/es\/","logo":{"@type":"ImageObject","inLanguage":"es","@id":"https:\/\/centralialaw.com\/es\/#\/schema\/logo\/image\/","url":"https:\/\/centralialaw.com\/wp-content\/uploads\/2022\/05\/ARA-Logo.png","contentUrl":"https:\/\/centralialaw.com\/wp-content\/uploads\/2022\/05\/ARA-Logo.png","width":1153,"height":364,"caption":"Ley Centralia"},"image":{"@id":"https:\/\/centralialaw.com\/es\/#\/schema\/logo\/image\/"},"sameAs":["https:\/\/www.facebook.com\/AlthauserRayanAbbarno\/","https:\/\/x.com\/PeterAbbarno"]},{"@type":"Person","@id":"https:\/\/centralialaw.com\/es\/#\/schema\/person\/df75a746547e7cef043297aef1bbba38","name":"Peter Abbarno","image":{"@type":"ImageObject","inLanguage":"es","@id":"https:\/\/secure.gravatar.com\/avatar\/4abfe3b7079121d1f28bfcee302a24a00532f113ebafa311593e0ebac2982d3b?s=96&d=mm&r=g","url":"https:\/\/secure.gravatar.com\/avatar\/4abfe3b7079121d1f28bfcee302a24a00532f113ebafa311593e0ebac2982d3b?s=96&d=mm&r=g","contentUrl":"https:\/\/secure.gravatar.com\/avatar\/4abfe3b7079121d1f28bfcee302a24a00532f113ebafa311593e0ebac2982d3b?s=96&d=mm&r=g","caption":"Peter Abbarno"},"url":"https:\/\/centralialaw.com\/es\/author\/peter-abbarno\/"}]}},"_links":{"self":[{"href":"https:\/\/centralialaw.com\/es\/wp-json\/wp\/v2\/posts\/17628","targetHints":{"allow":["GET"]}}],"collection":[{"href":"https:\/\/centralialaw.com\/es\/wp-json\/wp\/v2\/posts"}],"about":[{"href":"https:\/\/centralialaw.com\/es\/wp-json\/wp\/v2\/types\/post"}],"author":[{"embeddable":true,"href":"https:\/\/centralialaw.com\/es\/wp-json\/wp\/v2\/users\/2"}],"replies":[{"embeddable":true,"href":"https:\/\/centralialaw.com\/es\/wp-json\/wp\/v2\/comments?post=17628"}],"version-history":[{"count":0,"href":"https:\/\/centralialaw.com\/es\/wp-json\/wp\/v2\/posts\/17628\/revisions"}],"wp:featuredmedia":[{"embeddable":true,"href":"https:\/\/centralialaw.com\/es\/wp-json\/wp\/v2\/media\/17290"}],"wp:attachment":[{"href":"https:\/\/centralialaw.com\/es\/wp-json\/wp\/v2\/media?parent=17628"}],"wp:term":[{"taxonomy":"category","embeddable":true,"href":"https:\/\/centralialaw.com\/es\/wp-json\/wp\/v2\/categories?post=17628"},{"taxonomy":"post_tag","embeddable":true,"href":"https:\/\/centralialaw.com\/es\/wp-json\/wp\/v2\/tags?post=17628"}],"curies":[{"name":"wp","href":"https:\/\/api.w.org\/{rel}","templated":true}]}}