{"id":17633,"date":"2021-10-07T15:04:13","date_gmt":"2021-10-07T22:04:13","guid":{"rendered":"https:\/\/centralialaw.com\/estado-de-vacunacion-y-planes-de-readaptacion-laboral\/"},"modified":"2025-05-30T12:40:27","modified_gmt":"2025-05-30T19:40:27","slug":"estado-de-vacunacion-y-planes-de-readaptacion-laboral","status":"publish","type":"post","link":"https:\/\/centralialaw.com\/es\/estado-de-vacunacion-y-planes-de-readaptacion-laboral\/","title":{"rendered":"Estado de vacunaci\u00f3n y planes de readaptaci\u00f3n laboral"},"content":{"rendered":"\n<p>Los trabajadores lesionados en el Estado de Washington pueden optar a la readaptaci\u00f3n profesional. Los trabajadores y un consejero de readaptaci\u00f3n profesional (CRP) elaboran un plan de formaci\u00f3n para un nuevo empleo, si el trabajador no puede volver al puesto de trabajo en el que se lesion\u00f3. <\/p>\n\n<p>Tus abogados de indemnizaci\u00f3n por accidente laboral de Althauser Rayan Abbarno est\u00e1n aqu\u00ed para ayudarte.  <\/p>\n\n<h2 class=\"wp-block-heading\">\u00bfC\u00f3mo afecta el estado de vacunaci\u00f3n COVID al plan de reciclaje de un trabajador?<\/h2>\n\n<!--more-->\n\n<p>Las recientes orientaciones del Departamento de Trabajo e Industrias indican que los CRV deben ser \u201cproactivos\u201d al abordar el plan y tener en cuenta lo siguiente:<\/p>\n\n<ul class=\"wp-block-list\"><li>Si el plan de reciclaje propuesto incluye formaci\u00f3n presencial, \u00bfexige el lugar de formaci\u00f3n la vacunaci\u00f3n? \u00bfPodr\u00e1 el trabajador cumplir el requisito de empezar el primer d\u00eda? <\/li><li>\u00bfHa tomado el trabajador medidas para cumplir los requisitos espec\u00edficos de las exenciones, si procede?<\/li><li>\u00bfEl centro de formaci\u00f3n ya ha concedido una exenci\u00f3n al trabajador?<\/li><li>Si un trabajador se niega a recibir la vacuna, \u00bfqu\u00e9 otras opciones de readaptaci\u00f3n existen?<\/li><li>\u00bfSigue siendo factible el objetivo de reciclaje?<\/li><\/ul>\n\n<div class=\"wp-block-image\"><figure class=\"aligncenter size-large\"><a href=\"https:\/\/centralialaw.com\/wp-content\/uploads\/2021\/10\/Retraining-Plans-COVID-page-001-1.jpg\"><img loading=\"lazy\" decoding=\"async\" width=\"791\" height=\"1024\" src=\"https:\/\/centralialaw.com\/wp-content\/uploads\/2021\/10\/Retraining-Plans-COVID-page-001-1-791x1024.jpg\" alt=\"\" class=\"wp-image-16143\"\/><\/a><\/figure><\/div>\n\n<div class=\"wp-block-image\"><figure class=\"aligncenter size-large\"><a href=\"https:\/\/centralialaw.com\/wp-content\/uploads\/2021\/10\/Retraining-Plans-COVID-page-002.jpg\"><img loading=\"lazy\" decoding=\"async\" width=\"791\" height=\"1024\" src=\"https:\/\/centralialaw.com\/wp-content\/uploads\/2021\/10\/Retraining-Plans-COVID-page-002-791x1024.jpg\" alt=\"\" class=\"wp-image-16144\"\/><\/a><\/figure><\/div>\n\n<h2 class=\"has-text-align-center wp-block-heading\">Abogados expertos en Indemnizaci\u00f3n Laboral<\/h2>\n\n<figure class=\"wp-block-gallery columns-1 is-cropped wp-block-gallery-1 is-layout-flex wp-block-gallery-is-layout-flex\"><ul class=\"blocks-gallery-grid\"><li class=\"blocks-gallery-item\"><figure><a href=\"https:\/\/centralialaw.com\/wp-content\/uploads\/2021\/05\/ARA_anniversary_logo_FB.jpg\"><img decoding=\"async\" src=\"https:\/\/centralialaw.com\/wp-content\/uploads\/2021\/05\/ARA_anniversary_logo_FB.jpg\" alt=\"\" data-id=\"15904\" class=\"wp-image-15904\"\/><\/a><\/figure><\/li><\/ul><\/figure>\n\n<p>Los escenarios pueden complicarse y existe mucho riesgo para los trabajadores lesionados en un programa de readaptaci\u00f3n. En Althauser Rayan Abbarno, nuestros abogados luchar\u00e1n por los derechos y prestaciones de todos y cada uno de los trabajadores lesionados a los que representamos. Los programas de readaptaci\u00f3n son una parte esencial del proceso de indemnizaci\u00f3n de los trabajadores.    <\/p>\n\n<p>Para m\u00e1s informaci\u00f3n, ponte en contacto con un abogado experto en indemnizaci\u00f3n por accidente laboral de Althauser Rayan Abbarno en el tel\u00e9fono (360) 736-1301 o visita CentraliaLaw.com.  <\/p>\n\n<p>Althauser Rayan Abbarno tiene dos sedes en Olympia y Centralia y representa a trabajadores lesionados en todo el estrecho de Puget y el suroeste de Washington.<\/p>\n","protected":false},"excerpt":{"rendered":"<p>Los trabajadores lesionados en el Estado de Washington pueden optar a la readaptaci\u00f3n profesional. Los trabajadores y un consejero de readaptaci\u00f3n profesional (CRP) elaboran un plan de formaci\u00f3n para un nuevo empleo, si el trabajador no puede volver al puesto de trabajo en el que se lesion\u00f3. Tus abogados de indemnizaci\u00f3n por accidente laboral de [&hellip;]<\/p>\n","protected":false},"author":1,"featured_media":0,"comment_status":"closed","ping_status":"closed","sticky":false,"template":"","format":"standard","meta":{"_et_pb_use_builder":"","_et_pb_old_content":"","_et_gb_content_width":"","footnotes":""},"categories":[368],"tags":[371,392,369,407,370,372],"class_list":["post-17633","post","type-post","status-publish","format-standard","hentry","category-indemnizacion-por-accidente-laboral","tag-abogado-es","tag-abogados-cerca-de-mi","tag-centralia-es","tag-chehalis-es","tag-indemnizacion-por-accidente-laboral","tag-olimpia"],"yoast_head":"<!-- This site is optimized with the Yoast SEO plugin v27.4 - https:\/\/yoast.com\/product\/yoast-seo-wordpress\/ -->\n<title>Estado de vacunaci\u00f3n y planes de readaptaci\u00f3n laboral - Ley Centralia<\/title>\n<meta name=\"description\" content=\"Los trabajadores lesionados en el Estado de Washington pueden optar a la readaptaci\u00f3n profesional. Los trabajadores y un consejero de readaptaci\u00f3n profesional (CRP) elaboran un plan de formaci\u00f3n para un nuevo empleo, si el trabajador no puede volver al puesto de trabajo en el que se lesion\u00f3. \u00a1Los abogados de Althauser Rayan Abbarno pueden ayudarte!\" \/>\n<meta name=\"robots\" content=\"index, follow, max-snippet:-1, max-image-preview:large, max-video-preview:-1\" \/>\n<link rel=\"canonical\" href=\"https:\/\/centralialaw.com\/es\/estado-de-vacunacion-y-planes-de-readaptacion-laboral\/\" \/>\n<meta property=\"og:locale\" content=\"es_ES\" \/>\n<meta property=\"og:type\" content=\"article\" \/>\n<meta property=\"og:title\" content=\"Estado de vacunaci\u00f3n y planes de readaptaci\u00f3n laboral - Ley Centralia\" \/>\n<meta property=\"og:description\" content=\"Los trabajadores lesionados en el Estado de Washington pueden optar a la readaptaci\u00f3n profesional. Los trabajadores y un consejero de readaptaci\u00f3n profesional (CRP) elaboran un plan de formaci\u00f3n para un nuevo empleo, si el trabajador no puede volver al puesto de trabajo en el que se lesion\u00f3. \u00a1Los abogados de Althauser Rayan Abbarno pueden ayudarte!\" \/>\n<meta property=\"og:url\" content=\"https:\/\/centralialaw.com\/es\/estado-de-vacunacion-y-planes-de-readaptacion-laboral\/\" \/>\n<meta property=\"og:site_name\" content=\"Ley Centralia\" \/>\n<meta property=\"article:publisher\" content=\"https:\/\/www.facebook.com\/AlthauserRayanAbbarno\/\" \/>\n<meta property=\"article:published_time\" content=\"2021-10-07T22:04:13+00:00\" \/>\n<meta property=\"article:modified_time\" content=\"2025-05-30T19:40:27+00:00\" \/>\n<meta property=\"og:image\" content=\"https:\/\/centralialaw.com\/wp-content\/uploads\/2021\/10\/Retraining-Plans-COVID-page-001-1.jpg\" \/>\n\t<meta property=\"og:image:width\" content=\"1275\" \/>\n\t<meta property=\"og:image:height\" content=\"1650\" \/>\n\t<meta property=\"og:image:type\" content=\"image\/jpeg\" \/>\n<meta name=\"author\" content=\"silveragency\" \/>\n<meta name=\"twitter:card\" content=\"summary_large_image\" \/>\n<meta name=\"twitter:creator\" content=\"@PeterAbbarno\" \/>\n<meta name=\"twitter:site\" content=\"@PeterAbbarno\" \/>\n<meta name=\"twitter:label1\" content=\"Written by\" \/>\n\t<meta name=\"twitter:data1\" content=\"silveragency\" \/>\n\t<meta name=\"twitter:label2\" content=\"Est. reading time\" \/>\n\t<meta name=\"twitter:data2\" content=\"2 minutos\" \/>\n<script type=\"application\/ld+json\" class=\"yoast-schema-graph\">{\"@context\":\"https:\\\/\\\/schema.org\",\"@graph\":[{\"@type\":\"Article\",\"@id\":\"https:\\\/\\\/centralialaw.com\\\/es\\\/estado-de-vacunacion-y-planes-de-readaptacion-laboral\\\/#article\",\"isPartOf\":{\"@id\":\"https:\\\/\\\/centralialaw.com\\\/es\\\/estado-de-vacunacion-y-planes-de-readaptacion-laboral\\\/\"},\"author\":{\"name\":\"silveragency\",\"@id\":\"https:\\\/\\\/centralialaw.com\\\/es\\\/#\\\/schema\\\/person\\\/c90a306e6cec19446363bb73622e38f0\"},\"headline\":\"Estado de vacunaci\u00f3n y planes de readaptaci\u00f3n laboral\",\"datePublished\":\"2021-10-07T22:04:13+00:00\",\"dateModified\":\"2025-05-30T19:40:27+00:00\",\"mainEntityOfPage\":{\"@id\":\"https:\\\/\\\/centralialaw.com\\\/es\\\/estado-de-vacunacion-y-planes-de-readaptacion-laboral\\\/\"},\"wordCount\":326,\"publisher\":{\"@id\":\"https:\\\/\\\/centralialaw.com\\\/es\\\/#organization\"},\"image\":{\"@id\":\"https:\\\/\\\/centralialaw.com\\\/es\\\/estado-de-vacunacion-y-planes-de-readaptacion-laboral\\\/#primaryimage\"},\"thumbnailUrl\":\"https:\\\/\\\/centralialaw.com\\\/wp-content\\\/uploads\\\/2021\\\/10\\\/Retraining-Plans-COVID-page-001-1-791x1024.jpg\",\"keywords\":[\"Abogado\",\"Abogados cerca de m\u00ed\",\"Centralia\",\"Chehalis\",\"Indemnizaci\u00f3n por accidente laboral\",\"Olimpia\"],\"articleSection\":[\"Indemnizaci\u00f3n por accidente laboral\"],\"inLanguage\":\"es\"},{\"@type\":\"WebPage\",\"@id\":\"https:\\\/\\\/centralialaw.com\\\/es\\\/estado-de-vacunacion-y-planes-de-readaptacion-laboral\\\/\",\"url\":\"https:\\\/\\\/centralialaw.com\\\/es\\\/estado-de-vacunacion-y-planes-de-readaptacion-laboral\\\/\",\"name\":\"Estado de vacunaci\u00f3n y planes de readaptaci\u00f3n laboral - Ley Centralia\",\"isPartOf\":{\"@id\":\"https:\\\/\\\/centralialaw.com\\\/es\\\/#website\"},\"primaryImageOfPage\":{\"@id\":\"https:\\\/\\\/centralialaw.com\\\/es\\\/estado-de-vacunacion-y-planes-de-readaptacion-laboral\\\/#primaryimage\"},\"image\":{\"@id\":\"https:\\\/\\\/centralialaw.com\\\/es\\\/estado-de-vacunacion-y-planes-de-readaptacion-laboral\\\/#primaryimage\"},\"thumbnailUrl\":\"https:\\\/\\\/centralialaw.com\\\/wp-content\\\/uploads\\\/2021\\\/10\\\/Retraining-Plans-COVID-page-001-1-791x1024.jpg\",\"datePublished\":\"2021-10-07T22:04:13+00:00\",\"dateModified\":\"2025-05-30T19:40:27+00:00\",\"description\":\"Los trabajadores lesionados en el Estado de Washington pueden optar a la readaptaci\u00f3n profesional. Los trabajadores y un consejero de readaptaci\u00f3n profesional (CRP) elaboran un plan de formaci\u00f3n para un nuevo empleo, si el trabajador no puede volver al puesto de trabajo en el que se lesion\u00f3. \u00a1Los abogados de Althauser Rayan Abbarno pueden ayudarte!\",\"breadcrumb\":{\"@id\":\"https:\\\/\\\/centralialaw.com\\\/es\\\/estado-de-vacunacion-y-planes-de-readaptacion-laboral\\\/#breadcrumb\"},\"inLanguage\":\"es\",\"potentialAction\":[{\"@type\":\"ReadAction\",\"target\":[\"https:\\\/\\\/centralialaw.com\\\/es\\\/estado-de-vacunacion-y-planes-de-readaptacion-laboral\\\/\"]}]},{\"@type\":\"ImageObject\",\"inLanguage\":\"es\",\"@id\":\"https:\\\/\\\/centralialaw.com\\\/es\\\/estado-de-vacunacion-y-planes-de-readaptacion-laboral\\\/#primaryimage\",\"url\":\"https:\\\/\\\/centralialaw.com\\\/wp-content\\\/uploads\\\/2021\\\/10\\\/Retraining-Plans-COVID-page-001-1-791x1024.jpg\",\"contentUrl\":\"https:\\\/\\\/centralialaw.com\\\/wp-content\\\/uploads\\\/2021\\\/10\\\/Retraining-Plans-COVID-page-001-1-791x1024.jpg\"},{\"@type\":\"BreadcrumbList\",\"@id\":\"https:\\\/\\\/centralialaw.com\\\/es\\\/estado-de-vacunacion-y-planes-de-readaptacion-laboral\\\/#breadcrumb\",\"itemListElement\":[{\"@type\":\"ListItem\",\"position\":1,\"name\":\"Inicio\",\"item\":\"https:\\\/\\\/centralialaw.com\\\/es\\\/\"},{\"@type\":\"ListItem\",\"position\":2,\"name\":\"Estado de vacunaci\u00f3n y planes de readaptaci\u00f3n laboral\"}]},{\"@type\":\"WebSite\",\"@id\":\"https:\\\/\\\/centralialaw.com\\\/es\\\/#website\",\"url\":\"https:\\\/\\\/centralialaw.com\\\/es\\\/\",\"name\":\"Centralia Law\",\"description\":\"Al servicio del estado de Washington desde hace m\u00e1s de 75 a\u00f1os - Althauser Rayan Abbarno \",\"publisher\":{\"@id\":\"https:\\\/\\\/centralialaw.com\\\/es\\\/#organization\"},\"potentialAction\":[{\"@type\":\"SearchAction\",\"target\":{\"@type\":\"EntryPoint\",\"urlTemplate\":\"https:\\\/\\\/centralialaw.com\\\/es\\\/?s={search_term_string}\"},\"query-input\":{\"@type\":\"PropertyValueSpecification\",\"valueRequired\":true,\"valueName\":\"search_term_string\"}}],\"inLanguage\":\"es\"},{\"@type\":\"Organization\",\"@id\":\"https:\\\/\\\/centralialaw.com\\\/es\\\/#organization\",\"name\":\"Ley Centralia\",\"url\":\"https:\\\/\\\/centralialaw.com\\\/es\\\/\",\"logo\":{\"@type\":\"ImageObject\",\"inLanguage\":\"es\",\"@id\":\"https:\\\/\\\/centralialaw.com\\\/es\\\/#\\\/schema\\\/logo\\\/image\\\/\",\"url\":\"https:\\\/\\\/centralialaw.com\\\/wp-content\\\/uploads\\\/2022\\\/05\\\/ARA-Logo.png\",\"contentUrl\":\"https:\\\/\\\/centralialaw.com\\\/wp-content\\\/uploads\\\/2022\\\/05\\\/ARA-Logo.png\",\"width\":1153,\"height\":364,\"caption\":\"Ley Centralia\"},\"image\":{\"@id\":\"https:\\\/\\\/centralialaw.com\\\/es\\\/#\\\/schema\\\/logo\\\/image\\\/\"},\"sameAs\":[\"https:\\\/\\\/www.facebook.com\\\/AlthauserRayanAbbarno\\\/\",\"https:\\\/\\\/x.com\\\/PeterAbbarno\"]},{\"@type\":\"Person\",\"@id\":\"https:\\\/\\\/centralialaw.com\\\/es\\\/#\\\/schema\\\/person\\\/c90a306e6cec19446363bb73622e38f0\",\"name\":\"silveragency\",\"image\":{\"@type\":\"ImageObject\",\"inLanguage\":\"es\",\"@id\":\"https:\\\/\\\/secure.gravatar.com\\\/avatar\\\/4651f4f7a0b935cb1de39e18a57f11b714fe08c8958a68707e471418252972e5?s=96&d=mm&r=g\",\"url\":\"https:\\\/\\\/secure.gravatar.com\\\/avatar\\\/4651f4f7a0b935cb1de39e18a57f11b714fe08c8958a68707e471418252972e5?s=96&d=mm&r=g\",\"contentUrl\":\"https:\\\/\\\/secure.gravatar.com\\\/avatar\\\/4651f4f7a0b935cb1de39e18a57f11b714fe08c8958a68707e471418252972e5?s=96&d=mm&r=g\",\"caption\":\"silveragency\"},\"sameAs\":[\"http:\\\/\\\/centralialaw.com\"],\"url\":\"https:\\\/\\\/centralialaw.com\\\/es\\\/author\\\/silveragency\\\/\"}]}<\/script>\n<!-- \/ Yoast SEO plugin. -->","yoast_head_json":{"title":"Estado de vacunaci\u00f3n y planes de readaptaci\u00f3n laboral - Ley Centralia","description":"Los trabajadores lesionados en el Estado de Washington pueden optar a la readaptaci\u00f3n profesional. Los trabajadores y un consejero de readaptaci\u00f3n profesional (CRP) elaboran un plan de formaci\u00f3n para un nuevo empleo, si el trabajador no puede volver al puesto de trabajo en el que se lesion\u00f3. \u00a1Los abogados de Althauser Rayan Abbarno pueden ayudarte!","robots":{"index":"index","follow":"follow","max-snippet":"max-snippet:-1","max-image-preview":"max-image-preview:large","max-video-preview":"max-video-preview:-1"},"canonical":"https:\/\/centralialaw.com\/es\/estado-de-vacunacion-y-planes-de-readaptacion-laboral\/","og_locale":"es_ES","og_type":"article","og_title":"Estado de vacunaci\u00f3n y planes de readaptaci\u00f3n laboral - Ley Centralia","og_description":"Los trabajadores lesionados en el Estado de Washington pueden optar a la readaptaci\u00f3n profesional. Los trabajadores y un consejero de readaptaci\u00f3n profesional (CRP) elaboran un plan de formaci\u00f3n para un nuevo empleo, si el trabajador no puede volver al puesto de trabajo en el que se lesion\u00f3. \u00a1Los abogados de Althauser Rayan Abbarno pueden ayudarte!","og_url":"https:\/\/centralialaw.com\/es\/estado-de-vacunacion-y-planes-de-readaptacion-laboral\/","og_site_name":"Ley Centralia","article_publisher":"https:\/\/www.facebook.com\/AlthauserRayanAbbarno\/","article_published_time":"2021-10-07T22:04:13+00:00","article_modified_time":"2025-05-30T19:40:27+00:00","og_image":[{"width":1275,"height":1650,"url":"https:\/\/centralialaw.com\/wp-content\/uploads\/2021\/10\/Retraining-Plans-COVID-page-001-1.jpg","type":"image\/jpeg"}],"author":"silveragency","twitter_card":"summary_large_image","twitter_creator":"@PeterAbbarno","twitter_site":"@PeterAbbarno","twitter_misc":{"Written by":"silveragency","Est. reading time":"2 minutos"},"schema":{"@context":"https:\/\/schema.org","@graph":[{"@type":"Article","@id":"https:\/\/centralialaw.com\/es\/estado-de-vacunacion-y-planes-de-readaptacion-laboral\/#article","isPartOf":{"@id":"https:\/\/centralialaw.com\/es\/estado-de-vacunacion-y-planes-de-readaptacion-laboral\/"},"author":{"name":"silveragency","@id":"https:\/\/centralialaw.com\/es\/#\/schema\/person\/c90a306e6cec19446363bb73622e38f0"},"headline":"Estado de vacunaci\u00f3n y planes de readaptaci\u00f3n laboral","datePublished":"2021-10-07T22:04:13+00:00","dateModified":"2025-05-30T19:40:27+00:00","mainEntityOfPage":{"@id":"https:\/\/centralialaw.com\/es\/estado-de-vacunacion-y-planes-de-readaptacion-laboral\/"},"wordCount":326,"publisher":{"@id":"https:\/\/centralialaw.com\/es\/#organization"},"image":{"@id":"https:\/\/centralialaw.com\/es\/estado-de-vacunacion-y-planes-de-readaptacion-laboral\/#primaryimage"},"thumbnailUrl":"https:\/\/centralialaw.com\/wp-content\/uploads\/2021\/10\/Retraining-Plans-COVID-page-001-1-791x1024.jpg","keywords":["Abogado","Abogados cerca de m\u00ed","Centralia","Chehalis","Indemnizaci\u00f3n por accidente laboral","Olimpia"],"articleSection":["Indemnizaci\u00f3n por accidente laboral"],"inLanguage":"es"},{"@type":"WebPage","@id":"https:\/\/centralialaw.com\/es\/estado-de-vacunacion-y-planes-de-readaptacion-laboral\/","url":"https:\/\/centralialaw.com\/es\/estado-de-vacunacion-y-planes-de-readaptacion-laboral\/","name":"Estado de vacunaci\u00f3n y planes de readaptaci\u00f3n laboral - Ley Centralia","isPartOf":{"@id":"https:\/\/centralialaw.com\/es\/#website"},"primaryImageOfPage":{"@id":"https:\/\/centralialaw.com\/es\/estado-de-vacunacion-y-planes-de-readaptacion-laboral\/#primaryimage"},"image":{"@id":"https:\/\/centralialaw.com\/es\/estado-de-vacunacion-y-planes-de-readaptacion-laboral\/#primaryimage"},"thumbnailUrl":"https:\/\/centralialaw.com\/wp-content\/uploads\/2021\/10\/Retraining-Plans-COVID-page-001-1-791x1024.jpg","datePublished":"2021-10-07T22:04:13+00:00","dateModified":"2025-05-30T19:40:27+00:00","description":"Los trabajadores lesionados en el Estado de Washington pueden optar a la readaptaci\u00f3n profesional. Los trabajadores y un consejero de readaptaci\u00f3n profesional (CRP) elaboran un plan de formaci\u00f3n para un nuevo empleo, si el trabajador no puede volver al puesto de trabajo en el que se lesion\u00f3. \u00a1Los abogados de Althauser Rayan Abbarno pueden ayudarte!","breadcrumb":{"@id":"https:\/\/centralialaw.com\/es\/estado-de-vacunacion-y-planes-de-readaptacion-laboral\/#breadcrumb"},"inLanguage":"es","potentialAction":[{"@type":"ReadAction","target":["https:\/\/centralialaw.com\/es\/estado-de-vacunacion-y-planes-de-readaptacion-laboral\/"]}]},{"@type":"ImageObject","inLanguage":"es","@id":"https:\/\/centralialaw.com\/es\/estado-de-vacunacion-y-planes-de-readaptacion-laboral\/#primaryimage","url":"https:\/\/centralialaw.com\/wp-content\/uploads\/2021\/10\/Retraining-Plans-COVID-page-001-1-791x1024.jpg","contentUrl":"https:\/\/centralialaw.com\/wp-content\/uploads\/2021\/10\/Retraining-Plans-COVID-page-001-1-791x1024.jpg"},{"@type":"BreadcrumbList","@id":"https:\/\/centralialaw.com\/es\/estado-de-vacunacion-y-planes-de-readaptacion-laboral\/#breadcrumb","itemListElement":[{"@type":"ListItem","position":1,"name":"Inicio","item":"https:\/\/centralialaw.com\/es\/"},{"@type":"ListItem","position":2,"name":"Estado de vacunaci\u00f3n y planes de readaptaci\u00f3n laboral"}]},{"@type":"WebSite","@id":"https:\/\/centralialaw.com\/es\/#website","url":"https:\/\/centralialaw.com\/es\/","name":"Centralia Law","description":"Al servicio del estado de Washington desde hace m\u00e1s de 75 a\u00f1os - Althauser Rayan Abbarno ","publisher":{"@id":"https:\/\/centralialaw.com\/es\/#organization"},"potentialAction":[{"@type":"SearchAction","target":{"@type":"EntryPoint","urlTemplate":"https:\/\/centralialaw.com\/es\/?s={search_term_string}"},"query-input":{"@type":"PropertyValueSpecification","valueRequired":true,"valueName":"search_term_string"}}],"inLanguage":"es"},{"@type":"Organization","@id":"https:\/\/centralialaw.com\/es\/#organization","name":"Ley Centralia","url":"https:\/\/centralialaw.com\/es\/","logo":{"@type":"ImageObject","inLanguage":"es","@id":"https:\/\/centralialaw.com\/es\/#\/schema\/logo\/image\/","url":"https:\/\/centralialaw.com\/wp-content\/uploads\/2022\/05\/ARA-Logo.png","contentUrl":"https:\/\/centralialaw.com\/wp-content\/uploads\/2022\/05\/ARA-Logo.png","width":1153,"height":364,"caption":"Ley Centralia"},"image":{"@id":"https:\/\/centralialaw.com\/es\/#\/schema\/logo\/image\/"},"sameAs":["https:\/\/www.facebook.com\/AlthauserRayanAbbarno\/","https:\/\/x.com\/PeterAbbarno"]},{"@type":"Person","@id":"https:\/\/centralialaw.com\/es\/#\/schema\/person\/c90a306e6cec19446363bb73622e38f0","name":"silveragency","image":{"@type":"ImageObject","inLanguage":"es","@id":"https:\/\/secure.gravatar.com\/avatar\/4651f4f7a0b935cb1de39e18a57f11b714fe08c8958a68707e471418252972e5?s=96&d=mm&r=g","url":"https:\/\/secure.gravatar.com\/avatar\/4651f4f7a0b935cb1de39e18a57f11b714fe08c8958a68707e471418252972e5?s=96&d=mm&r=g","contentUrl":"https:\/\/secure.gravatar.com\/avatar\/4651f4f7a0b935cb1de39e18a57f11b714fe08c8958a68707e471418252972e5?s=96&d=mm&r=g","caption":"silveragency"},"sameAs":["http:\/\/centralialaw.com"],"url":"https:\/\/centralialaw.com\/es\/author\/silveragency\/"}]}},"_links":{"self":[{"href":"https:\/\/centralialaw.com\/es\/wp-json\/wp\/v2\/posts\/17633","targetHints":{"allow":["GET"]}}],"collection":[{"href":"https:\/\/centralialaw.com\/es\/wp-json\/wp\/v2\/posts"}],"about":[{"href":"https:\/\/centralialaw.com\/es\/wp-json\/wp\/v2\/types\/post"}],"author":[{"embeddable":true,"href":"https:\/\/centralialaw.com\/es\/wp-json\/wp\/v2\/users\/1"}],"replies":[{"embeddable":true,"href":"https:\/\/centralialaw.com\/es\/wp-json\/wp\/v2\/comments?post=17633"}],"version-history":[{"count":0,"href":"https:\/\/centralialaw.com\/es\/wp-json\/wp\/v2\/posts\/17633\/revisions"}],"wp:attachment":[{"href":"https:\/\/centralialaw.com\/es\/wp-json\/wp\/v2\/media?parent=17633"}],"wp:term":[{"taxonomy":"category","embeddable":true,"href":"https:\/\/centralialaw.com\/es\/wp-json\/wp\/v2\/categories?post=17633"},{"taxonomy":"post_tag","embeddable":true,"href":"https:\/\/centralialaw.com\/es\/wp-json\/wp\/v2\/tags?post=17633"}],"curies":[{"name":"wp","href":"https:\/\/api.w.org\/{rel}","templated":true}]}}