{"id":17644,"date":"2020-06-10T15:21:00","date_gmt":"2020-06-10T22:21:00","guid":{"rendered":"https:\/\/centralialaw.com\/se-deniega-la-defensa-por-necesidad-a-un-manifestante-que-invadio-una-propiedad-privada\/"},"modified":"2020-06-10T15:21:00","modified_gmt":"2020-06-10T22:21:00","slug":"se-deniega-la-defensa-por-necesidad-a-un-manifestante-que-invadio-una-propiedad-privada","status":"publish","type":"post","link":"https:\/\/centralialaw.com\/es\/se-deniega-la-defensa-por-necesidad-a-un-manifestante-que-invadio-una-propiedad-privada\/","title":{"rendered":"Se deniega la \u201cdefensa por necesidad\u201d a un manifestante que invadi\u00f3 una propiedad privada"},"content":{"rendered":"<p>El Tribunal de Apelaciones del Estado de Washington, Divisi\u00f3n 3, ha denegado recientemente la alegaci\u00f3n de un manifestante de que su invasi\u00f3n de una v\u00eda principal de la compa\u00f1\u00eda ferroviaria BNSF era \u201cnecesaria\u201d para poner fin al transporte de carb\u00f3n y acabar con el calentamiento global. <a href=\"http:\/\/www.courts.wa.gov\/opinions\/pdf\/365069_pub.PDF\">La decisi\u00f3n<\/a>, hecha p\u00fablica el 9 de junio de 2020, llega en un momento muy relevante, ya que los manifestantes ocupan edificios, incluido el Ayuntamiento de Seattle.<\/p>\n<blockquote><p>\u201cUn acto est\u00e1 justificado si se toma por necesidad en la creencia razonable de que el da\u00f1o o el mal que debe evitarse con el acto es mayor que el da\u00f1o causado por la violaci\u00f3n del estatuto penal\u201d. Estado contra Aver, 109 Wn.2d 303 (1987). <\/p><\/blockquote>\n<h4 style=\"text-align: center;\">\u00bfQu\u00e9 dice la ley?<\/h4>\n<p><strong>Para plantear la defensa de necesidad, el acusado debe demostrar mediante una preponderancia de pruebas lo siguiente:<\/strong><\/p>\n<p><!--more--><\/p>\n<ul>\n<li>El Acusado cre\u00eda razonablemente que la comisi\u00f3n del delito era necesaria para evitar o minimizar el da\u00f1o;<\/li>\n<li>El perjuicio que se pretend\u00eda evitar era mayor que el derivado de una infracci\u00f3n de la ley;<\/li>\n<li>El da\u00f1o amenazado no fue provocado por el demandado, y<\/li>\n<li>No exist\u00eda ninguna alternativa legal razonable.<\/li>\n<\/ul>\n<p><a href=\"https:\/\/centralialaw.com\/wp-content\/uploads\/2020\/06\/Necessity-Defense-Case-page-001.jpg\"><img loading=\"lazy\" decoding=\"async\" class=\" wp-image-15458 alignleft\" src=\"https:\/\/centralialaw.com\/wp-content\/uploads\/2020\/06\/Necessity-Defense-Case-page-001-232x300.jpg\" alt=\"\" width=\"205\" height=\"265\"><\/a>Los tribunales de Washington han adoptado los elementos del derecho consuetudinario de la \u201cdefensa de necesidad\u201d sin acci\u00f3n legislativa. Presumiblemente, la Legislatura de Washington podr\u00eda a\u00f1adir elementos a la \u201cdefensa de necesidad\u201d m\u00e1s all\u00e1 del derecho consuetudinario o incluso abolir la defensa. <\/p>\n<p>La Ley de Washington nunca ha abordado directamente si un acusado tiene \u00e9xito al establecer que <em>cree que<\/em> no hay alternativas legales razonables disponibles.<\/p>\n<p>El demandado aleg\u00f3 que su protesta en las v\u00edas de la BNSF, y su posterior detenci\u00f3n y acusaci\u00f3n por allanamiento de morada, eran necesarias porque sus acciones anteriores \u201cno provocaron un cambio legislativo\u201d.  <em>\u00bfLa creencia de que no hay alternativas legales razonables disponibles es objetiva o subjetiva? La respuesta parece ser objetiva. <\/em><\/p>\n<p>El Tribunal sostuvo que el Demandado, que invadi\u00f3 las v\u00edas de la BNSF para protestar contra el cambio clim\u00e1tico, ten\u00eda alternativas legales razonables para protestar contra el uso de vagones de ferrocarril para transportar carb\u00f3n y petr\u00f3leo. El mero hecho de que estas alternativas no produjeran cambios legislativos no permite al Demandado cometer delitos ni a los tribunales ignorar las leyes constitucionales. <\/p>\n<blockquote><p>El Tribunal se mostr\u00f3 en desacuerdo con autorizar a la gente a violar intencionadamente las leyes constitucionales cuando las protestas y peticiones no tienen \u00e9xito.<\/p><\/blockquote>\n<p>A la luz de las recientes protestas, incluida la entrada ilegal de manifestantes en el Ayuntamiento de Seattle, nuestros abogados de Althauser Rayan Abbarno seguir\u00e1n muy de cerca estas cuestiones.<\/p>\n<h3 style=\"text-align: center;\">Contacto Althauser Rayan Abbarno<\/h3>\n<div id=\"attachment_1927\" style=\"width: 201px\" class=\"wp-caption alignleft\"><a href=\"https:\/\/centralialaw.com\/wp-content\/uploads\/2018\/09\/DSC09179.jpg\"><img loading=\"lazy\" decoding=\"async\" aria-describedby=\"caption-attachment-1927\" class=\" wp-image-1927\" src=\"https:\/\/centralialaw.com\/wp-content\/uploads\/2018\/09\/DSC09179-300x200.jpg\" alt=\"\" width=\"191\" height=\"127\"><\/a><p id=\"caption-attachment-1927\" class=\"wp-caption-text\">En Centralia u Olympia: (360) 736-1301<\/p><\/div>\n<p>Para reunirte con nuestros abogados de Althauser Rayan Abbarno en Centralia u Olympia, llama al (360) 736-1301 o visita <a href=\"https:\/\/centralialaw.com\/es\/\">CentraliaLaw.com<\/a><\/p>\n","protected":false},"excerpt":{"rendered":"<p>El Tribunal de Apelaciones del Estado de Washington, Divisi\u00f3n 3, ha denegado recientemente la alegaci\u00f3n de un manifestante de que su invasi\u00f3n de una v\u00eda principal de la compa\u00f1\u00eda ferroviaria BNSF era \u201cnecesaria\u201d para poner fin al transporte de carb\u00f3n y acabar con el calentamiento global. La decisi\u00f3n, hecha p\u00fablica el 9 de junio de [&hellip;]<\/p>\n","protected":false},"author":1,"featured_media":0,"comment_status":"closed","ping_status":"closed","sticky":false,"template":"","format":"standard","meta":{"_et_pb_use_builder":"","_et_pb_old_content":"","_et_gb_content_width":"","footnotes":""},"categories":[406],"tags":[],"class_list":["post-17644","post","type-post","status-publish","format-standard","hentry","category-articulos-2"],"yoast_head":"<!-- This site is optimized with the Yoast SEO plugin v27.4 - https:\/\/yoast.com\/product\/yoast-seo-wordpress\/ -->\n<title>Se deniega la \u201cdefensa por necesidad\u201d a un manifestante que invadi\u00f3 una propiedad privada - Ley Centralia<\/title>\n<meta name=\"description\" content=\"El Tribunal no estuvo de acuerdo con autorizar a un intruso a violar intencionadamente las leyes constitucionales y cometer delitos cuando las protestas y peticiones no tienen \u00e9xito. A la luz de las recientes protestas, nuestros abogados de Althauser Rayan Abbarno seguir\u00e1n muy de cerca estas cuestiones.\" \/>\n<meta name=\"robots\" content=\"index, follow, max-snippet:-1, max-image-preview:large, max-video-preview:-1\" \/>\n<link rel=\"canonical\" href=\"https:\/\/centralialaw.com\/es\/se-deniega-la-defensa-por-necesidad-a-un-manifestante-que-invadio-una-propiedad-privada\/\" \/>\n<meta property=\"og:locale\" content=\"es_ES\" \/>\n<meta property=\"og:type\" content=\"article\" \/>\n<meta property=\"og:title\" content=\"Se deniega la \u201cdefensa por necesidad\u201d a un manifestante que invadi\u00f3 una propiedad privada - Ley Centralia\" \/>\n<meta property=\"og:description\" content=\"El Tribunal no estuvo de acuerdo con autorizar a un intruso a violar intencionadamente las leyes constitucionales y cometer delitos cuando las protestas y peticiones no tienen \u00e9xito. A la luz de las recientes protestas, nuestros abogados de Althauser Rayan Abbarno seguir\u00e1n muy de cerca estas cuestiones.\" \/>\n<meta property=\"og:url\" content=\"https:\/\/centralialaw.com\/es\/se-deniega-la-defensa-por-necesidad-a-un-manifestante-que-invadio-una-propiedad-privada\/\" \/>\n<meta property=\"og:site_name\" content=\"Ley Centralia\" \/>\n<meta property=\"article:publisher\" content=\"https:\/\/www.facebook.com\/AlthauserRayanAbbarno\/\" \/>\n<meta property=\"article:published_time\" content=\"2020-06-10T22:21:00+00:00\" \/>\n<meta name=\"author\" content=\"silveragency\" \/>\n<meta name=\"twitter:card\" content=\"summary_large_image\" \/>\n<meta name=\"twitter:creator\" content=\"@PeterAbbarno\" \/>\n<meta name=\"twitter:site\" content=\"@PeterAbbarno\" \/>\n<meta name=\"twitter:label1\" content=\"Written by\" \/>\n\t<meta name=\"twitter:data1\" content=\"silveragency\" \/>\n\t<meta name=\"twitter:label2\" content=\"Est. reading time\" \/>\n\t<meta name=\"twitter:data2\" content=\"2 minutos\" \/>\n<script type=\"application\/ld+json\" class=\"yoast-schema-graph\">{\"@context\":\"https:\\\/\\\/schema.org\",\"@graph\":[{\"@type\":\"Article\",\"@id\":\"https:\\\/\\\/centralialaw.com\\\/es\\\/se-deniega-la-defensa-por-necesidad-a-un-manifestante-que-invadio-una-propiedad-privada\\\/#article\",\"isPartOf\":{\"@id\":\"https:\\\/\\\/centralialaw.com\\\/es\\\/se-deniega-la-defensa-por-necesidad-a-un-manifestante-que-invadio-una-propiedad-privada\\\/\"},\"author\":{\"name\":\"silveragency\",\"@id\":\"https:\\\/\\\/centralialaw.com\\\/es\\\/#\\\/schema\\\/person\\\/c90a306e6cec19446363bb73622e38f0\"},\"headline\":\"Se deniega la \u201cdefensa por necesidad\u201d a un manifestante que invadi\u00f3 una propiedad privada\",\"datePublished\":\"2020-06-10T22:21:00+00:00\",\"mainEntityOfPage\":{\"@id\":\"https:\\\/\\\/centralialaw.com\\\/es\\\/se-deniega-la-defensa-por-necesidad-a-un-manifestante-que-invadio-una-propiedad-privada\\\/\"},\"wordCount\":500,\"publisher\":{\"@id\":\"https:\\\/\\\/centralialaw.com\\\/es\\\/#organization\"},\"image\":{\"@id\":\"https:\\\/\\\/centralialaw.com\\\/es\\\/se-deniega-la-defensa-por-necesidad-a-un-manifestante-que-invadio-una-propiedad-privada\\\/#primaryimage\"},\"thumbnailUrl\":\"https:\\\/\\\/centralialaw.com\\\/wp-content\\\/uploads\\\/2020\\\/06\\\/Necessity-Defense-Case-page-001-232x300.jpg\",\"articleSection\":[\"Art\u00edculos\"],\"inLanguage\":\"es\"},{\"@type\":\"WebPage\",\"@id\":\"https:\\\/\\\/centralialaw.com\\\/es\\\/se-deniega-la-defensa-por-necesidad-a-un-manifestante-que-invadio-una-propiedad-privada\\\/\",\"url\":\"https:\\\/\\\/centralialaw.com\\\/es\\\/se-deniega-la-defensa-por-necesidad-a-un-manifestante-que-invadio-una-propiedad-privada\\\/\",\"name\":\"Se deniega la \u201cdefensa por necesidad\u201d a un manifestante que invadi\u00f3 una propiedad privada - Ley Centralia\",\"isPartOf\":{\"@id\":\"https:\\\/\\\/centralialaw.com\\\/es\\\/#website\"},\"primaryImageOfPage\":{\"@id\":\"https:\\\/\\\/centralialaw.com\\\/es\\\/se-deniega-la-defensa-por-necesidad-a-un-manifestante-que-invadio-una-propiedad-privada\\\/#primaryimage\"},\"image\":{\"@id\":\"https:\\\/\\\/centralialaw.com\\\/es\\\/se-deniega-la-defensa-por-necesidad-a-un-manifestante-que-invadio-una-propiedad-privada\\\/#primaryimage\"},\"thumbnailUrl\":\"https:\\\/\\\/centralialaw.com\\\/wp-content\\\/uploads\\\/2020\\\/06\\\/Necessity-Defense-Case-page-001-232x300.jpg\",\"datePublished\":\"2020-06-10T22:21:00+00:00\",\"description\":\"El Tribunal no estuvo de acuerdo con autorizar a un intruso a violar intencionadamente las leyes constitucionales y cometer delitos cuando las protestas y peticiones no tienen \u00e9xito. A la luz de las recientes protestas, nuestros abogados de Althauser Rayan Abbarno seguir\u00e1n muy de cerca estas cuestiones.\",\"breadcrumb\":{\"@id\":\"https:\\\/\\\/centralialaw.com\\\/es\\\/se-deniega-la-defensa-por-necesidad-a-un-manifestante-que-invadio-una-propiedad-privada\\\/#breadcrumb\"},\"inLanguage\":\"es\",\"potentialAction\":[{\"@type\":\"ReadAction\",\"target\":[\"https:\\\/\\\/centralialaw.com\\\/es\\\/se-deniega-la-defensa-por-necesidad-a-un-manifestante-que-invadio-una-propiedad-privada\\\/\"]}]},{\"@type\":\"ImageObject\",\"inLanguage\":\"es\",\"@id\":\"https:\\\/\\\/centralialaw.com\\\/es\\\/se-deniega-la-defensa-por-necesidad-a-un-manifestante-que-invadio-una-propiedad-privada\\\/#primaryimage\",\"url\":\"https:\\\/\\\/centralialaw.com\\\/wp-content\\\/uploads\\\/2020\\\/06\\\/Necessity-Defense-Case-page-001-232x300.jpg\",\"contentUrl\":\"https:\\\/\\\/centralialaw.com\\\/wp-content\\\/uploads\\\/2020\\\/06\\\/Necessity-Defense-Case-page-001-232x300.jpg\"},{\"@type\":\"BreadcrumbList\",\"@id\":\"https:\\\/\\\/centralialaw.com\\\/es\\\/se-deniega-la-defensa-por-necesidad-a-un-manifestante-que-invadio-una-propiedad-privada\\\/#breadcrumb\",\"itemListElement\":[{\"@type\":\"ListItem\",\"position\":1,\"name\":\"Inicio\",\"item\":\"https:\\\/\\\/centralialaw.com\\\/es\\\/\"},{\"@type\":\"ListItem\",\"position\":2,\"name\":\"Se deniega la \u201cdefensa por necesidad\u201d a un manifestante que invadi\u00f3 una propiedad privada\"}]},{\"@type\":\"WebSite\",\"@id\":\"https:\\\/\\\/centralialaw.com\\\/es\\\/#website\",\"url\":\"https:\\\/\\\/centralialaw.com\\\/es\\\/\",\"name\":\"Centralia Law\",\"description\":\"Al servicio del estado de Washington desde hace m\u00e1s de 75 a\u00f1os - Althauser Rayan Abbarno \",\"publisher\":{\"@id\":\"https:\\\/\\\/centralialaw.com\\\/es\\\/#organization\"},\"potentialAction\":[{\"@type\":\"SearchAction\",\"target\":{\"@type\":\"EntryPoint\",\"urlTemplate\":\"https:\\\/\\\/centralialaw.com\\\/es\\\/?s={search_term_string}\"},\"query-input\":{\"@type\":\"PropertyValueSpecification\",\"valueRequired\":true,\"valueName\":\"search_term_string\"}}],\"inLanguage\":\"es\"},{\"@type\":\"Organization\",\"@id\":\"https:\\\/\\\/centralialaw.com\\\/es\\\/#organization\",\"name\":\"Ley Centralia\",\"url\":\"https:\\\/\\\/centralialaw.com\\\/es\\\/\",\"logo\":{\"@type\":\"ImageObject\",\"inLanguage\":\"es\",\"@id\":\"https:\\\/\\\/centralialaw.com\\\/es\\\/#\\\/schema\\\/logo\\\/image\\\/\",\"url\":\"https:\\\/\\\/centralialaw.com\\\/wp-content\\\/uploads\\\/2022\\\/05\\\/ARA-Logo.png\",\"contentUrl\":\"https:\\\/\\\/centralialaw.com\\\/wp-content\\\/uploads\\\/2022\\\/05\\\/ARA-Logo.png\",\"width\":1153,\"height\":364,\"caption\":\"Ley Centralia\"},\"image\":{\"@id\":\"https:\\\/\\\/centralialaw.com\\\/es\\\/#\\\/schema\\\/logo\\\/image\\\/\"},\"sameAs\":[\"https:\\\/\\\/www.facebook.com\\\/AlthauserRayanAbbarno\\\/\",\"https:\\\/\\\/x.com\\\/PeterAbbarno\"]},{\"@type\":\"Person\",\"@id\":\"https:\\\/\\\/centralialaw.com\\\/es\\\/#\\\/schema\\\/person\\\/c90a306e6cec19446363bb73622e38f0\",\"name\":\"silveragency\",\"image\":{\"@type\":\"ImageObject\",\"inLanguage\":\"es\",\"@id\":\"https:\\\/\\\/secure.gravatar.com\\\/avatar\\\/4651f4f7a0b935cb1de39e18a57f11b714fe08c8958a68707e471418252972e5?s=96&d=mm&r=g\",\"url\":\"https:\\\/\\\/secure.gravatar.com\\\/avatar\\\/4651f4f7a0b935cb1de39e18a57f11b714fe08c8958a68707e471418252972e5?s=96&d=mm&r=g\",\"contentUrl\":\"https:\\\/\\\/secure.gravatar.com\\\/avatar\\\/4651f4f7a0b935cb1de39e18a57f11b714fe08c8958a68707e471418252972e5?s=96&d=mm&r=g\",\"caption\":\"silveragency\"},\"sameAs\":[\"http:\\\/\\\/centralialaw.com\"],\"url\":\"https:\\\/\\\/centralialaw.com\\\/es\\\/author\\\/silveragency\\\/\"}]}<\/script>\n<!-- \/ Yoast SEO plugin. -->","yoast_head_json":{"title":"Se deniega la \u201cdefensa por necesidad\u201d a un manifestante que invadi\u00f3 una propiedad privada - Ley Centralia","description":"El Tribunal no estuvo de acuerdo con autorizar a un intruso a violar intencionadamente las leyes constitucionales y cometer delitos cuando las protestas y peticiones no tienen \u00e9xito. A la luz de las recientes protestas, nuestros abogados de Althauser Rayan Abbarno seguir\u00e1n muy de cerca estas cuestiones.","robots":{"index":"index","follow":"follow","max-snippet":"max-snippet:-1","max-image-preview":"max-image-preview:large","max-video-preview":"max-video-preview:-1"},"canonical":"https:\/\/centralialaw.com\/es\/se-deniega-la-defensa-por-necesidad-a-un-manifestante-que-invadio-una-propiedad-privada\/","og_locale":"es_ES","og_type":"article","og_title":"Se deniega la \u201cdefensa por necesidad\u201d a un manifestante que invadi\u00f3 una propiedad privada - Ley Centralia","og_description":"El Tribunal no estuvo de acuerdo con autorizar a un intruso a violar intencionadamente las leyes constitucionales y cometer delitos cuando las protestas y peticiones no tienen \u00e9xito. A la luz de las recientes protestas, nuestros abogados de Althauser Rayan Abbarno seguir\u00e1n muy de cerca estas cuestiones.","og_url":"https:\/\/centralialaw.com\/es\/se-deniega-la-defensa-por-necesidad-a-un-manifestante-que-invadio-una-propiedad-privada\/","og_site_name":"Ley Centralia","article_publisher":"https:\/\/www.facebook.com\/AlthauserRayanAbbarno\/","article_published_time":"2020-06-10T22:21:00+00:00","author":"silveragency","twitter_card":"summary_large_image","twitter_creator":"@PeterAbbarno","twitter_site":"@PeterAbbarno","twitter_misc":{"Written by":"silveragency","Est. reading time":"2 minutos"},"schema":{"@context":"https:\/\/schema.org","@graph":[{"@type":"Article","@id":"https:\/\/centralialaw.com\/es\/se-deniega-la-defensa-por-necesidad-a-un-manifestante-que-invadio-una-propiedad-privada\/#article","isPartOf":{"@id":"https:\/\/centralialaw.com\/es\/se-deniega-la-defensa-por-necesidad-a-un-manifestante-que-invadio-una-propiedad-privada\/"},"author":{"name":"silveragency","@id":"https:\/\/centralialaw.com\/es\/#\/schema\/person\/c90a306e6cec19446363bb73622e38f0"},"headline":"Se deniega la \u201cdefensa por necesidad\u201d a un manifestante que invadi\u00f3 una propiedad privada","datePublished":"2020-06-10T22:21:00+00:00","mainEntityOfPage":{"@id":"https:\/\/centralialaw.com\/es\/se-deniega-la-defensa-por-necesidad-a-un-manifestante-que-invadio-una-propiedad-privada\/"},"wordCount":500,"publisher":{"@id":"https:\/\/centralialaw.com\/es\/#organization"},"image":{"@id":"https:\/\/centralialaw.com\/es\/se-deniega-la-defensa-por-necesidad-a-un-manifestante-que-invadio-una-propiedad-privada\/#primaryimage"},"thumbnailUrl":"https:\/\/centralialaw.com\/wp-content\/uploads\/2020\/06\/Necessity-Defense-Case-page-001-232x300.jpg","articleSection":["Art\u00edculos"],"inLanguage":"es"},{"@type":"WebPage","@id":"https:\/\/centralialaw.com\/es\/se-deniega-la-defensa-por-necesidad-a-un-manifestante-que-invadio-una-propiedad-privada\/","url":"https:\/\/centralialaw.com\/es\/se-deniega-la-defensa-por-necesidad-a-un-manifestante-que-invadio-una-propiedad-privada\/","name":"Se deniega la \u201cdefensa por necesidad\u201d a un manifestante que invadi\u00f3 una propiedad privada - Ley Centralia","isPartOf":{"@id":"https:\/\/centralialaw.com\/es\/#website"},"primaryImageOfPage":{"@id":"https:\/\/centralialaw.com\/es\/se-deniega-la-defensa-por-necesidad-a-un-manifestante-que-invadio-una-propiedad-privada\/#primaryimage"},"image":{"@id":"https:\/\/centralialaw.com\/es\/se-deniega-la-defensa-por-necesidad-a-un-manifestante-que-invadio-una-propiedad-privada\/#primaryimage"},"thumbnailUrl":"https:\/\/centralialaw.com\/wp-content\/uploads\/2020\/06\/Necessity-Defense-Case-page-001-232x300.jpg","datePublished":"2020-06-10T22:21:00+00:00","description":"El Tribunal no estuvo de acuerdo con autorizar a un intruso a violar intencionadamente las leyes constitucionales y cometer delitos cuando las protestas y peticiones no tienen \u00e9xito. A la luz de las recientes protestas, nuestros abogados de Althauser Rayan Abbarno seguir\u00e1n muy de cerca estas cuestiones.","breadcrumb":{"@id":"https:\/\/centralialaw.com\/es\/se-deniega-la-defensa-por-necesidad-a-un-manifestante-que-invadio-una-propiedad-privada\/#breadcrumb"},"inLanguage":"es","potentialAction":[{"@type":"ReadAction","target":["https:\/\/centralialaw.com\/es\/se-deniega-la-defensa-por-necesidad-a-un-manifestante-que-invadio-una-propiedad-privada\/"]}]},{"@type":"ImageObject","inLanguage":"es","@id":"https:\/\/centralialaw.com\/es\/se-deniega-la-defensa-por-necesidad-a-un-manifestante-que-invadio-una-propiedad-privada\/#primaryimage","url":"https:\/\/centralialaw.com\/wp-content\/uploads\/2020\/06\/Necessity-Defense-Case-page-001-232x300.jpg","contentUrl":"https:\/\/centralialaw.com\/wp-content\/uploads\/2020\/06\/Necessity-Defense-Case-page-001-232x300.jpg"},{"@type":"BreadcrumbList","@id":"https:\/\/centralialaw.com\/es\/se-deniega-la-defensa-por-necesidad-a-un-manifestante-que-invadio-una-propiedad-privada\/#breadcrumb","itemListElement":[{"@type":"ListItem","position":1,"name":"Inicio","item":"https:\/\/centralialaw.com\/es\/"},{"@type":"ListItem","position":2,"name":"Se deniega la \u201cdefensa por necesidad\u201d a un manifestante que invadi\u00f3 una propiedad privada"}]},{"@type":"WebSite","@id":"https:\/\/centralialaw.com\/es\/#website","url":"https:\/\/centralialaw.com\/es\/","name":"Centralia Law","description":"Al servicio del estado de Washington desde hace m\u00e1s de 75 a\u00f1os - Althauser Rayan Abbarno ","publisher":{"@id":"https:\/\/centralialaw.com\/es\/#organization"},"potentialAction":[{"@type":"SearchAction","target":{"@type":"EntryPoint","urlTemplate":"https:\/\/centralialaw.com\/es\/?s={search_term_string}"},"query-input":{"@type":"PropertyValueSpecification","valueRequired":true,"valueName":"search_term_string"}}],"inLanguage":"es"},{"@type":"Organization","@id":"https:\/\/centralialaw.com\/es\/#organization","name":"Ley Centralia","url":"https:\/\/centralialaw.com\/es\/","logo":{"@type":"ImageObject","inLanguage":"es","@id":"https:\/\/centralialaw.com\/es\/#\/schema\/logo\/image\/","url":"https:\/\/centralialaw.com\/wp-content\/uploads\/2022\/05\/ARA-Logo.png","contentUrl":"https:\/\/centralialaw.com\/wp-content\/uploads\/2022\/05\/ARA-Logo.png","width":1153,"height":364,"caption":"Ley Centralia"},"image":{"@id":"https:\/\/centralialaw.com\/es\/#\/schema\/logo\/image\/"},"sameAs":["https:\/\/www.facebook.com\/AlthauserRayanAbbarno\/","https:\/\/x.com\/PeterAbbarno"]},{"@type":"Person","@id":"https:\/\/centralialaw.com\/es\/#\/schema\/person\/c90a306e6cec19446363bb73622e38f0","name":"silveragency","image":{"@type":"ImageObject","inLanguage":"es","@id":"https:\/\/secure.gravatar.com\/avatar\/4651f4f7a0b935cb1de39e18a57f11b714fe08c8958a68707e471418252972e5?s=96&d=mm&r=g","url":"https:\/\/secure.gravatar.com\/avatar\/4651f4f7a0b935cb1de39e18a57f11b714fe08c8958a68707e471418252972e5?s=96&d=mm&r=g","contentUrl":"https:\/\/secure.gravatar.com\/avatar\/4651f4f7a0b935cb1de39e18a57f11b714fe08c8958a68707e471418252972e5?s=96&d=mm&r=g","caption":"silveragency"},"sameAs":["http:\/\/centralialaw.com"],"url":"https:\/\/centralialaw.com\/es\/author\/silveragency\/"}]}},"_links":{"self":[{"href":"https:\/\/centralialaw.com\/es\/wp-json\/wp\/v2\/posts\/17644","targetHints":{"allow":["GET"]}}],"collection":[{"href":"https:\/\/centralialaw.com\/es\/wp-json\/wp\/v2\/posts"}],"about":[{"href":"https:\/\/centralialaw.com\/es\/wp-json\/wp\/v2\/types\/post"}],"author":[{"embeddable":true,"href":"https:\/\/centralialaw.com\/es\/wp-json\/wp\/v2\/users\/1"}],"replies":[{"embeddable":true,"href":"https:\/\/centralialaw.com\/es\/wp-json\/wp\/v2\/comments?post=17644"}],"version-history":[{"count":0,"href":"https:\/\/centralialaw.com\/es\/wp-json\/wp\/v2\/posts\/17644\/revisions"}],"wp:attachment":[{"href":"https:\/\/centralialaw.com\/es\/wp-json\/wp\/v2\/media?parent=17644"}],"wp:term":[{"taxonomy":"category","embeddable":true,"href":"https:\/\/centralialaw.com\/es\/wp-json\/wp\/v2\/categories?post=17644"},{"taxonomy":"post_tag","embeddable":true,"href":"https:\/\/centralialaw.com\/es\/wp-json\/wp\/v2\/tags?post=17644"}],"curies":[{"name":"wp","href":"https:\/\/api.w.org\/{rel}","templated":true}]}}