{"id":17645,"date":"2020-06-26T15:49:04","date_gmt":"2020-06-26T22:49:04","guid":{"rendered":"https:\/\/centralialaw.com\/explicacion-de-la-orden-de-la-mascara-y-excepciones-del-gobernador-inslee\/"},"modified":"2020-06-26T15:49:04","modified_gmt":"2020-06-26T22:49:04","slug":"explicacion-de-la-orden-de-la-mascara-y-excepciones-del-gobernador-inslee","status":"publish","type":"post","link":"https:\/\/centralialaw.com\/es\/explicacion-de-la-orden-de-la-mascara-y-excepciones-del-gobernador-inslee\/","title":{"rendered":"\u00a1Explicaci\u00f3n de la Orden de la M\u00e1scara y Excepciones del Gobernador Inslee!"},"content":{"rendered":"<p>El gobernador Inslee y el Secretario de Sanidad han firmado una <a href=\"https:\/\/www.governor.wa.gov\/office-governor\/official-actions\/executive-orders\">proclamaci\u00f3n<\/a> por la que se exige a todas las personas que lleven la cara cubierta en p\u00fablico en respuesta al creciente n\u00famero de casos de COVID-19 en el estado de Washington, <strong>a partir del viernes 26 de junio de 2020.<\/strong><\/p>\n<p>Sin embargo, la orden no se aplica a todas las personas, y contiene algunas excepciones. La orden establece lo siguiente: <\/p>\n<blockquote><p><em><strong>En el estado de Washington, toda persona debe llevar un protector facial que le cubra la nariz y la boca cuando se encuentre en cualquier lugar p\u00fablico interior o exterior, incluidos, entre otros, los siguientes<\/strong><\/em><\/p><\/blockquote>\n<ul>\n<li>En el interior de cualquier edificio, incluido, entre otros, cualquier negocio, que est\u00e9 abierto al p\u00fablico;<\/li>\n<li>En entornos sanitarios, incluidos, entre otros, un hospital, una farmacia, una cl\u00ednica m\u00e9dica, un laboratorio, la consulta de un m\u00e9dico o dentista, una cl\u00ednica veterinaria o un banco de sangre;<\/li>\n<li>Mientras est\u00e1s en la cola esperando o viajando en transporte p\u00fablico o paratr\u00e1nsito, o mientras viajas en taxi, servicio de asistencia privada, veh\u00edculo de transporte compartido u otro veh\u00edculo de alquiler; y<\/li>\n<li>En zonas p\u00fablicas al aire libre, incluidos, entre otros, parques p\u00fablicos, senderos, calles, aceras, l\u00edneas de entrada, salida o servicio y zonas de recreo, cuando no pueda mantenerse una distancia de al menos dos metros de cualquier persona ajena al hogar.<\/li>\n<\/ul>\n<blockquote><p><em><strong>Las personas pueden quitarse el velo cuando est\u00e9n en lugares p\u00fablicos en las siguientes circunstancias:<\/strong><\/em><\/p><\/blockquote>\n<p><!--more--><\/p>\n<ul>\n<li>Mientras est\u00e9n sentados en un restaurante u otro establecimiento que ofrezca servicio de comidas o bebidas, mientras est\u00e9n comiendo o bebiendo, siempre que puedan mantener una distancia de al menos dos metros de los comensales sentados en otras mesas;<\/li>\n<li>Mientras se realicen actividades de ejercicio en interiores o al aire libre, como pasear, hacer senderismo, montar en bicicleta o correr, siempre que se mantenga una distancia de al menos dos metros de las personas que no pertenezcan al hogar, salvo que los requisitos de cubrirse la cara para las personas que participen en actividades deportivas de equipo se rijan por los requisitos emitidos por el Gobernador;<\/li>\n<li>Mientras te encuentres en una zona p\u00fablica al aire libre, siempre que se mantenga una distancia de al menos dos metros de los miembros que no pertenezcan al hogar;<\/li>\n<li>Cuando alguna de las partes de una comunicaci\u00f3n es sorda o tiene dificultades auditivas y no llevar la cara cubierta es esencial para la comunicaci\u00f3n;<\/li>\n<li>Al obtener un servicio que requiera la retirada temporal de la cobertura facial;<\/li>\n<li>Mientras duermes;<\/li>\n<li>Cuando sea necesario para confirmar la identidad del individuo; y<\/li>\n<li>Cuando la ley federal o estatal proh\u00edba llevar la cara cubierta o exija quit\u00e1rsela.<\/li>\n<\/ul>\n<p>La orden no exige que los ni\u00f1os <strong>menores de cinco<\/strong> a\u00f1os lleven mascarilla, ni que una persona lleve la cara cubierta si padece una <strong>afecci\u00f3n m\u00e9dica<\/strong>, <strong>mental<\/strong> o <strong>discapacidad<\/strong> que le impida llevarla.<\/p>\n<p><a href=\"https:\/\/centralialaw.com\/wp-content\/uploads\/2020\/06\/smiley-facemask.jpg\"><img loading=\"lazy\" decoding=\"async\" class=\" wp-image-15496 alignleft\" src=\"https:\/\/centralialaw.com\/wp-content\/uploads\/2020\/06\/smiley-facemask-300x300.jpg\" alt=\"\" width=\"131\" height=\"131\"><\/a>La orden no ordena qu\u00e9 tipo de cubierta lleva una persona, s\u00f3lo que sea de tela y que cubra la nariz y la boca de la persona.<\/p>\n<p>Esta orden difiere de otras que han emanado de la oficina del Gobernador durante la pandemia de COVID-19, porque ha sido emitida bajo la autoridad del Secretario de Salud del Estado de Washington. Sin embargo, al igual que la Proclamaci\u00f3n de Emergencia del Gobernador, esta orden es ejecutable como ley. <\/p>\n<h5 style=\"text-align: center;\">\u00bfEs ejecutable la Orden Ejecutiva?<\/h5>\n<p><a href=\"https:\/\/centralialaw.com\/wp-content\/uploads\/2020\/06\/open-Jail.jpg\"><img loading=\"lazy\" decoding=\"async\" class=\" wp-image-15498 alignleft\" src=\"https:\/\/centralialaw.com\/wp-content\/uploads\/2020\/06\/open-Jail-300x169.jpg\" alt=\"\" width=\"137\" height=\"77\"><\/a>De acuerdo con<a href=\"https:\/\/apps.leg.wa.gov\/RCW\/default.aspx?cite=70\"> la RCW 70.05.120<\/a>, violar una orden o norma del secretario relacionada con la supresi\u00f3n o el control de una enfermedad contagiosa e infecciosa se castiga con penas criminales. En este caso, el incumplimiento de esta orden de cubrirse la cara podr\u00eda castigarse con hasta noventa (90) d\u00edas de c\u00e1rcel, o hasta 100,00 d\u00f3lares de multa. <\/p>\n<h5 style=\"text-align: center;\">\u00bfTienes preguntas? \u00a1Llama a Althauser Rayan Abbarno en Centralia u Olympia! <\/h5>\n<p><a href=\"https:\/\/centralialaw.com\/wp-content\/uploads\/2019\/09\/Crimnal-.jpg\"><img loading=\"lazy\" decoding=\"async\" class=\"wp-image-11356 alignright\" src=\"https:\/\/centralialaw.com\/wp-content\/uploads\/2019\/09\/Crimnal--300x150.jpg\" alt=\"\" width=\"130\" height=\"65\"><\/a>Si tienes alguna pregunta sobre alguna de las proclamaciones COVID-19 del Gobernador Inslee, o cualquier otra cuesti\u00f3n de derecho, los abogados de <a href=\"https:\/\/centralialaw.com\/es\/\">Althauser Rayan Abbarno<\/a> se mantienen al d\u00eda y pueden ayudarte. Llama hoy para una consulta al 360-736-1301. <\/p>\n<h5 style=\"text-align: center;\"><strong>M\u00e1scara DIY (sin m\u00e1quina de coser)<\/strong><\/h5>\n<p><iframe loading=\"lazy\" title=\"Make Fabric Face Mask at home | DIY Face Mask No Sewing Machine | Easy Face Mask Pattern\" width=\"1080\" height=\"608\" src=\"https:\/\/www.youtube.com\/embed\/uRfhuRNua_E?feature=oembed\"  allow=\"accelerometer; autoplay; clipboard-write; encrypted-media; gyroscope; picture-in-picture; web-share\" referrerpolicy=\"strict-origin-when-cross-origin\" allowfullscreen><\/iframe><\/p>\n","protected":false},"excerpt":{"rendered":"<p>El gobernador Inslee y el Secretario de Sanidad han firmado una proclamaci\u00f3n por la que se exige a todas las personas que lleven la cara cubierta en p\u00fablico en respuesta al creciente n\u00famero de casos de COVID-19 en el estado de Washington, a partir del viernes 26 de junio de 2020. Sin embargo, la orden [&hellip;]<\/p>\n","protected":false},"author":1,"featured_media":0,"comment_status":"closed","ping_status":"closed","sticky":false,"template":"","format":"standard","meta":{"_et_pb_use_builder":"","_et_pb_old_content":"","_et_gb_content_width":"","footnotes":""},"categories":[406,361],"tags":[371,584,585,583],"class_list":["post-17645","post","type-post","status-publish","format-standard","hentry","category-articulos-2","category-sin-categoria","tag-abogado-es","tag-gobernador-inslee","tag-mascara","tag-mascara-facial"],"yoast_head":"<!-- This site is optimized with the Yoast SEO plugin v27.5 - https:\/\/yoast.com\/product\/yoast-seo-wordpress\/ -->\n<title>\u00a1Explicaci\u00f3n de la Orden de la M\u00e1scara y Excepciones del Gobernador Inslee! - Ley Centralia<\/title>\n<meta name=\"description\" content=\"Los abogados de Althauser Rayan Abbarno explican la Orden de la M\u00e1scara del Gobernador Inslee. Llama a nuestros abogados de Althauser Rayan Abbarno en Centralia u Olympia al (360) 736-1301 o CentraliaLaw.com\" \/>\n<meta name=\"robots\" content=\"index, follow, max-snippet:-1, max-image-preview:large, max-video-preview:-1\" \/>\n<link rel=\"canonical\" href=\"https:\/\/centralialaw.com\/es\/explicacion-de-la-orden-de-la-mascara-y-excepciones-del-gobernador-inslee\/\" \/>\n<meta property=\"og:locale\" content=\"es_ES\" \/>\n<meta property=\"og:type\" content=\"article\" \/>\n<meta property=\"og:title\" content=\"\u00a1Explicaci\u00f3n de la Orden de la M\u00e1scara y Excepciones del Gobernador Inslee! - Ley Centralia\" \/>\n<meta property=\"og:description\" content=\"Los abogados de Althauser Rayan Abbarno explican la Orden de la M\u00e1scara del Gobernador Inslee. Llama a nuestros abogados de Althauser Rayan Abbarno en Centralia u Olympia al (360) 736-1301 o CentraliaLaw.com\" \/>\n<meta property=\"og:url\" content=\"https:\/\/centralialaw.com\/es\/explicacion-de-la-orden-de-la-mascara-y-excepciones-del-gobernador-inslee\/\" \/>\n<meta property=\"og:site_name\" content=\"Ley Centralia\" \/>\n<meta property=\"article:publisher\" content=\"https:\/\/www.facebook.com\/AlthauserRayanAbbarno\/\" \/>\n<meta property=\"article:published_time\" content=\"2020-06-26T22:49:04+00:00\" \/>\n<meta name=\"author\" content=\"silveragency\" \/>\n<meta name=\"twitter:card\" content=\"summary_large_image\" \/>\n<meta name=\"twitter:creator\" content=\"@PeterAbbarno\" \/>\n<meta name=\"twitter:site\" content=\"@PeterAbbarno\" \/>\n<meta name=\"twitter:label1\" content=\"Written by\" \/>\n\t<meta name=\"twitter:data1\" content=\"silveragency\" \/>\n\t<meta name=\"twitter:label2\" content=\"Est. reading time\" \/>\n\t<meta name=\"twitter:data2\" content=\"4 minutos\" \/>\n<script type=\"application\/ld+json\" class=\"yoast-schema-graph\">{\"@context\":\"https:\\\/\\\/schema.org\",\"@graph\":[{\"@type\":\"Article\",\"@id\":\"https:\\\/\\\/centralialaw.com\\\/es\\\/explicacion-de-la-orden-de-la-mascara-y-excepciones-del-gobernador-inslee\\\/#article\",\"isPartOf\":{\"@id\":\"https:\\\/\\\/centralialaw.com\\\/es\\\/explicacion-de-la-orden-de-la-mascara-y-excepciones-del-gobernador-inslee\\\/\"},\"author\":{\"name\":\"silveragency\",\"@id\":\"https:\\\/\\\/centralialaw.com\\\/es\\\/#\\\/schema\\\/person\\\/c90a306e6cec19446363bb73622e38f0\"},\"headline\":\"\u00a1Explicaci\u00f3n de la Orden de la M\u00e1scara y Excepciones del Gobernador Inslee!\",\"datePublished\":\"2020-06-26T22:49:04+00:00\",\"mainEntityOfPage\":{\"@id\":\"https:\\\/\\\/centralialaw.com\\\/es\\\/explicacion-de-la-orden-de-la-mascara-y-excepciones-del-gobernador-inslee\\\/\"},\"wordCount\":724,\"publisher\":{\"@id\":\"https:\\\/\\\/centralialaw.com\\\/es\\\/#organization\"},\"image\":{\"@id\":\"https:\\\/\\\/centralialaw.com\\\/es\\\/explicacion-de-la-orden-de-la-mascara-y-excepciones-del-gobernador-inslee\\\/#primaryimage\"},\"thumbnailUrl\":\"https:\\\/\\\/centralialaw.com\\\/wp-content\\\/uploads\\\/2020\\\/06\\\/smiley-facemask-300x300.jpg\",\"keywords\":[\"Abogado\",\"Gobernador Inslee\",\"M\u00e1scara\",\"M\u00e1scara facial\"],\"articleSection\":[\"Art\u00edculos\"],\"inLanguage\":\"es\"},{\"@type\":\"WebPage\",\"@id\":\"https:\\\/\\\/centralialaw.com\\\/es\\\/explicacion-de-la-orden-de-la-mascara-y-excepciones-del-gobernador-inslee\\\/\",\"url\":\"https:\\\/\\\/centralialaw.com\\\/es\\\/explicacion-de-la-orden-de-la-mascara-y-excepciones-del-gobernador-inslee\\\/\",\"name\":\"\u00a1Explicaci\u00f3n de la Orden de la M\u00e1scara y Excepciones del Gobernador Inslee! - Ley Centralia\",\"isPartOf\":{\"@id\":\"https:\\\/\\\/centralialaw.com\\\/es\\\/#website\"},\"primaryImageOfPage\":{\"@id\":\"https:\\\/\\\/centralialaw.com\\\/es\\\/explicacion-de-la-orden-de-la-mascara-y-excepciones-del-gobernador-inslee\\\/#primaryimage\"},\"image\":{\"@id\":\"https:\\\/\\\/centralialaw.com\\\/es\\\/explicacion-de-la-orden-de-la-mascara-y-excepciones-del-gobernador-inslee\\\/#primaryimage\"},\"thumbnailUrl\":\"https:\\\/\\\/centralialaw.com\\\/wp-content\\\/uploads\\\/2020\\\/06\\\/smiley-facemask-300x300.jpg\",\"datePublished\":\"2020-06-26T22:49:04+00:00\",\"description\":\"Los abogados de Althauser Rayan Abbarno explican la Orden de la M\u00e1scara del Gobernador Inslee. Llama a nuestros abogados de Althauser Rayan Abbarno en Centralia u Olympia al (360) 736-1301 o CentraliaLaw.com\",\"breadcrumb\":{\"@id\":\"https:\\\/\\\/centralialaw.com\\\/es\\\/explicacion-de-la-orden-de-la-mascara-y-excepciones-del-gobernador-inslee\\\/#breadcrumb\"},\"inLanguage\":\"es\",\"potentialAction\":[{\"@type\":\"ReadAction\",\"target\":[\"https:\\\/\\\/centralialaw.com\\\/es\\\/explicacion-de-la-orden-de-la-mascara-y-excepciones-del-gobernador-inslee\\\/\"]}]},{\"@type\":\"ImageObject\",\"inLanguage\":\"es\",\"@id\":\"https:\\\/\\\/centralialaw.com\\\/es\\\/explicacion-de-la-orden-de-la-mascara-y-excepciones-del-gobernador-inslee\\\/#primaryimage\",\"url\":\"https:\\\/\\\/centralialaw.com\\\/wp-content\\\/uploads\\\/2020\\\/06\\\/smiley-facemask-300x300.jpg\",\"contentUrl\":\"https:\\\/\\\/centralialaw.com\\\/wp-content\\\/uploads\\\/2020\\\/06\\\/smiley-facemask-300x300.jpg\"},{\"@type\":\"BreadcrumbList\",\"@id\":\"https:\\\/\\\/centralialaw.com\\\/es\\\/explicacion-de-la-orden-de-la-mascara-y-excepciones-del-gobernador-inslee\\\/#breadcrumb\",\"itemListElement\":[{\"@type\":\"ListItem\",\"position\":1,\"name\":\"Inicio\",\"item\":\"https:\\\/\\\/centralialaw.com\\\/es\\\/\"},{\"@type\":\"ListItem\",\"position\":2,\"name\":\"\u00a1Explicaci\u00f3n de la Orden de la M\u00e1scara y Excepciones del Gobernador Inslee!\"}]},{\"@type\":\"WebSite\",\"@id\":\"https:\\\/\\\/centralialaw.com\\\/es\\\/#website\",\"url\":\"https:\\\/\\\/centralialaw.com\\\/es\\\/\",\"name\":\"Centralia Law\",\"description\":\"Al servicio del estado de Washington desde hace m\u00e1s de 75 a\u00f1os - Althauser Rayan Abbarno \",\"publisher\":{\"@id\":\"https:\\\/\\\/centralialaw.com\\\/es\\\/#organization\"},\"potentialAction\":[{\"@type\":\"SearchAction\",\"target\":{\"@type\":\"EntryPoint\",\"urlTemplate\":\"https:\\\/\\\/centralialaw.com\\\/es\\\/?s={search_term_string}\"},\"query-input\":{\"@type\":\"PropertyValueSpecification\",\"valueRequired\":true,\"valueName\":\"search_term_string\"}}],\"inLanguage\":\"es\"},{\"@type\":\"Organization\",\"@id\":\"https:\\\/\\\/centralialaw.com\\\/es\\\/#organization\",\"name\":\"Ley Centralia\",\"url\":\"https:\\\/\\\/centralialaw.com\\\/es\\\/\",\"logo\":{\"@type\":\"ImageObject\",\"inLanguage\":\"es\",\"@id\":\"https:\\\/\\\/centralialaw.com\\\/es\\\/#\\\/schema\\\/logo\\\/image\\\/\",\"url\":\"https:\\\/\\\/centralialaw.com\\\/wp-content\\\/uploads\\\/2022\\\/05\\\/ARA-Logo.png\",\"contentUrl\":\"https:\\\/\\\/centralialaw.com\\\/wp-content\\\/uploads\\\/2022\\\/05\\\/ARA-Logo.png\",\"width\":1153,\"height\":364,\"caption\":\"Ley Centralia\"},\"image\":{\"@id\":\"https:\\\/\\\/centralialaw.com\\\/es\\\/#\\\/schema\\\/logo\\\/image\\\/\"},\"sameAs\":[\"https:\\\/\\\/www.facebook.com\\\/AlthauserRayanAbbarno\\\/\",\"https:\\\/\\\/x.com\\\/PeterAbbarno\"]},{\"@type\":\"Person\",\"@id\":\"https:\\\/\\\/centralialaw.com\\\/es\\\/#\\\/schema\\\/person\\\/c90a306e6cec19446363bb73622e38f0\",\"name\":\"silveragency\",\"image\":{\"@type\":\"ImageObject\",\"inLanguage\":\"es\",\"@id\":\"https:\\\/\\\/secure.gravatar.com\\\/avatar\\\/4651f4f7a0b935cb1de39e18a57f11b714fe08c8958a68707e471418252972e5?s=96&d=mm&r=g\",\"url\":\"https:\\\/\\\/secure.gravatar.com\\\/avatar\\\/4651f4f7a0b935cb1de39e18a57f11b714fe08c8958a68707e471418252972e5?s=96&d=mm&r=g\",\"contentUrl\":\"https:\\\/\\\/secure.gravatar.com\\\/avatar\\\/4651f4f7a0b935cb1de39e18a57f11b714fe08c8958a68707e471418252972e5?s=96&d=mm&r=g\",\"caption\":\"silveragency\"},\"sameAs\":[\"http:\\\/\\\/centralialaw.com\"],\"url\":\"https:\\\/\\\/centralialaw.com\\\/es\\\/author\\\/silveragency\\\/\"}]}<\/script>\n<!-- \/ Yoast SEO plugin. -->","yoast_head_json":{"title":"\u00a1Explicaci\u00f3n de la Orden de la M\u00e1scara y Excepciones del Gobernador Inslee! - Ley Centralia","description":"Los abogados de Althauser Rayan Abbarno explican la Orden de la M\u00e1scara del Gobernador Inslee. Llama a nuestros abogados de Althauser Rayan Abbarno en Centralia u Olympia al (360) 736-1301 o CentraliaLaw.com","robots":{"index":"index","follow":"follow","max-snippet":"max-snippet:-1","max-image-preview":"max-image-preview:large","max-video-preview":"max-video-preview:-1"},"canonical":"https:\/\/centralialaw.com\/es\/explicacion-de-la-orden-de-la-mascara-y-excepciones-del-gobernador-inslee\/","og_locale":"es_ES","og_type":"article","og_title":"\u00a1Explicaci\u00f3n de la Orden de la M\u00e1scara y Excepciones del Gobernador Inslee! - Ley Centralia","og_description":"Los abogados de Althauser Rayan Abbarno explican la Orden de la M\u00e1scara del Gobernador Inslee. Llama a nuestros abogados de Althauser Rayan Abbarno en Centralia u Olympia al (360) 736-1301 o CentraliaLaw.com","og_url":"https:\/\/centralialaw.com\/es\/explicacion-de-la-orden-de-la-mascara-y-excepciones-del-gobernador-inslee\/","og_site_name":"Ley Centralia","article_publisher":"https:\/\/www.facebook.com\/AlthauserRayanAbbarno\/","article_published_time":"2020-06-26T22:49:04+00:00","author":"silveragency","twitter_card":"summary_large_image","twitter_creator":"@PeterAbbarno","twitter_site":"@PeterAbbarno","twitter_misc":{"Written by":"silveragency","Est. reading time":"4 minutos"},"schema":{"@context":"https:\/\/schema.org","@graph":[{"@type":"Article","@id":"https:\/\/centralialaw.com\/es\/explicacion-de-la-orden-de-la-mascara-y-excepciones-del-gobernador-inslee\/#article","isPartOf":{"@id":"https:\/\/centralialaw.com\/es\/explicacion-de-la-orden-de-la-mascara-y-excepciones-del-gobernador-inslee\/"},"author":{"name":"silveragency","@id":"https:\/\/centralialaw.com\/es\/#\/schema\/person\/c90a306e6cec19446363bb73622e38f0"},"headline":"\u00a1Explicaci\u00f3n de la Orden de la M\u00e1scara y Excepciones del Gobernador Inslee!","datePublished":"2020-06-26T22:49:04+00:00","mainEntityOfPage":{"@id":"https:\/\/centralialaw.com\/es\/explicacion-de-la-orden-de-la-mascara-y-excepciones-del-gobernador-inslee\/"},"wordCount":724,"publisher":{"@id":"https:\/\/centralialaw.com\/es\/#organization"},"image":{"@id":"https:\/\/centralialaw.com\/es\/explicacion-de-la-orden-de-la-mascara-y-excepciones-del-gobernador-inslee\/#primaryimage"},"thumbnailUrl":"https:\/\/centralialaw.com\/wp-content\/uploads\/2020\/06\/smiley-facemask-300x300.jpg","keywords":["Abogado","Gobernador Inslee","M\u00e1scara","M\u00e1scara facial"],"articleSection":["Art\u00edculos"],"inLanguage":"es"},{"@type":"WebPage","@id":"https:\/\/centralialaw.com\/es\/explicacion-de-la-orden-de-la-mascara-y-excepciones-del-gobernador-inslee\/","url":"https:\/\/centralialaw.com\/es\/explicacion-de-la-orden-de-la-mascara-y-excepciones-del-gobernador-inslee\/","name":"\u00a1Explicaci\u00f3n de la Orden de la M\u00e1scara y Excepciones del Gobernador Inslee! - Ley Centralia","isPartOf":{"@id":"https:\/\/centralialaw.com\/es\/#website"},"primaryImageOfPage":{"@id":"https:\/\/centralialaw.com\/es\/explicacion-de-la-orden-de-la-mascara-y-excepciones-del-gobernador-inslee\/#primaryimage"},"image":{"@id":"https:\/\/centralialaw.com\/es\/explicacion-de-la-orden-de-la-mascara-y-excepciones-del-gobernador-inslee\/#primaryimage"},"thumbnailUrl":"https:\/\/centralialaw.com\/wp-content\/uploads\/2020\/06\/smiley-facemask-300x300.jpg","datePublished":"2020-06-26T22:49:04+00:00","description":"Los abogados de Althauser Rayan Abbarno explican la Orden de la M\u00e1scara del Gobernador Inslee. Llama a nuestros abogados de Althauser Rayan Abbarno en Centralia u Olympia al (360) 736-1301 o CentraliaLaw.com","breadcrumb":{"@id":"https:\/\/centralialaw.com\/es\/explicacion-de-la-orden-de-la-mascara-y-excepciones-del-gobernador-inslee\/#breadcrumb"},"inLanguage":"es","potentialAction":[{"@type":"ReadAction","target":["https:\/\/centralialaw.com\/es\/explicacion-de-la-orden-de-la-mascara-y-excepciones-del-gobernador-inslee\/"]}]},{"@type":"ImageObject","inLanguage":"es","@id":"https:\/\/centralialaw.com\/es\/explicacion-de-la-orden-de-la-mascara-y-excepciones-del-gobernador-inslee\/#primaryimage","url":"https:\/\/centralialaw.com\/wp-content\/uploads\/2020\/06\/smiley-facemask-300x300.jpg","contentUrl":"https:\/\/centralialaw.com\/wp-content\/uploads\/2020\/06\/smiley-facemask-300x300.jpg"},{"@type":"BreadcrumbList","@id":"https:\/\/centralialaw.com\/es\/explicacion-de-la-orden-de-la-mascara-y-excepciones-del-gobernador-inslee\/#breadcrumb","itemListElement":[{"@type":"ListItem","position":1,"name":"Inicio","item":"https:\/\/centralialaw.com\/es\/"},{"@type":"ListItem","position":2,"name":"\u00a1Explicaci\u00f3n de la Orden de la M\u00e1scara y Excepciones del Gobernador Inslee!"}]},{"@type":"WebSite","@id":"https:\/\/centralialaw.com\/es\/#website","url":"https:\/\/centralialaw.com\/es\/","name":"Centralia Law","description":"Al servicio del estado de Washington desde hace m\u00e1s de 75 a\u00f1os - Althauser Rayan Abbarno ","publisher":{"@id":"https:\/\/centralialaw.com\/es\/#organization"},"potentialAction":[{"@type":"SearchAction","target":{"@type":"EntryPoint","urlTemplate":"https:\/\/centralialaw.com\/es\/?s={search_term_string}"},"query-input":{"@type":"PropertyValueSpecification","valueRequired":true,"valueName":"search_term_string"}}],"inLanguage":"es"},{"@type":"Organization","@id":"https:\/\/centralialaw.com\/es\/#organization","name":"Ley Centralia","url":"https:\/\/centralialaw.com\/es\/","logo":{"@type":"ImageObject","inLanguage":"es","@id":"https:\/\/centralialaw.com\/es\/#\/schema\/logo\/image\/","url":"https:\/\/centralialaw.com\/wp-content\/uploads\/2022\/05\/ARA-Logo.png","contentUrl":"https:\/\/centralialaw.com\/wp-content\/uploads\/2022\/05\/ARA-Logo.png","width":1153,"height":364,"caption":"Ley Centralia"},"image":{"@id":"https:\/\/centralialaw.com\/es\/#\/schema\/logo\/image\/"},"sameAs":["https:\/\/www.facebook.com\/AlthauserRayanAbbarno\/","https:\/\/x.com\/PeterAbbarno"]},{"@type":"Person","@id":"https:\/\/centralialaw.com\/es\/#\/schema\/person\/c90a306e6cec19446363bb73622e38f0","name":"silveragency","image":{"@type":"ImageObject","inLanguage":"es","@id":"https:\/\/secure.gravatar.com\/avatar\/4651f4f7a0b935cb1de39e18a57f11b714fe08c8958a68707e471418252972e5?s=96&d=mm&r=g","url":"https:\/\/secure.gravatar.com\/avatar\/4651f4f7a0b935cb1de39e18a57f11b714fe08c8958a68707e471418252972e5?s=96&d=mm&r=g","contentUrl":"https:\/\/secure.gravatar.com\/avatar\/4651f4f7a0b935cb1de39e18a57f11b714fe08c8958a68707e471418252972e5?s=96&d=mm&r=g","caption":"silveragency"},"sameAs":["http:\/\/centralialaw.com"],"url":"https:\/\/centralialaw.com\/es\/author\/silveragency\/"}]}},"_links":{"self":[{"href":"https:\/\/centralialaw.com\/es\/wp-json\/wp\/v2\/posts\/17645","targetHints":{"allow":["GET"]}}],"collection":[{"href":"https:\/\/centralialaw.com\/es\/wp-json\/wp\/v2\/posts"}],"about":[{"href":"https:\/\/centralialaw.com\/es\/wp-json\/wp\/v2\/types\/post"}],"author":[{"embeddable":true,"href":"https:\/\/centralialaw.com\/es\/wp-json\/wp\/v2\/users\/1"}],"replies":[{"embeddable":true,"href":"https:\/\/centralialaw.com\/es\/wp-json\/wp\/v2\/comments?post=17645"}],"version-history":[{"count":0,"href":"https:\/\/centralialaw.com\/es\/wp-json\/wp\/v2\/posts\/17645\/revisions"}],"wp:attachment":[{"href":"https:\/\/centralialaw.com\/es\/wp-json\/wp\/v2\/media?parent=17645"}],"wp:term":[{"taxonomy":"category","embeddable":true,"href":"https:\/\/centralialaw.com\/es\/wp-json\/wp\/v2\/categories?post=17645"},{"taxonomy":"post_tag","embeddable":true,"href":"https:\/\/centralialaw.com\/es\/wp-json\/wp\/v2\/tags?post=17645"}],"curies":[{"name":"wp","href":"https:\/\/api.w.org\/{rel}","templated":true}]}}