{"id":17716,"date":"2019-06-13T14:55:23","date_gmt":"2019-06-13T21:55:23","guid":{"rendered":"https:\/\/centralialaw.com\/en-junio-los-abogados-locales-seran-los-anfitriones-del-business-after-hours-de-la-camara\/"},"modified":"2019-06-13T14:55:23","modified_gmt":"2019-06-13T21:55:23","slug":"en-junio-los-abogados-locales-seran-los-anfitriones-del-business-after-hours-de-la-camara","status":"publish","type":"post","link":"https:\/\/centralialaw.com\/es\/en-junio-los-abogados-locales-seran-los-anfitriones-del-business-after-hours-de-la-camara\/","title":{"rendered":"\u00a1En junio, los abogados locales ser\u00e1n los anfitriones del \u201cBusiness After Hours\u201d de la C\u00e1mara!"},"content":{"rendered":"<p>Los abogados y el personal de <a href=\"https:\/\/centralialaw.com\/es\/\">Althauser Rayan Abbarno<\/a> ser\u00e1n los anfitriones del evento de networking Business After Hours de <a href=\"http:\/\/Chamberway.com\">la C\u00e1mara de Comercio de Centralia-Chehalis<\/a> el jueves 20 de junio de 5 a 7 de la tarde.<\/p>\n<p>Es el \u00faltimo d\u00eda de la primavera; \u00a1una forma estupenda de relacionarse con l\u00edderes empresariales y comunitarios locales y dar la bienvenida al verano!<\/p>\n<p>\u201cAnimamos a nuestra comunidad a #ChooseLocalFirst y esta es una forma de que Althauser Rayan Abbarno muestre a la comunidad que son un bufete de abogados de primera l\u00ednea en nuestra comunidad y en la regi\u00f3n\u201d, dijo Peter Abbarno, socio de Althauser Rayan Abbarno. \u201cNuestros abogados representan a particulares, empresas y corporaciones en todo el Estado de Washington. A nuestro bufete le encanta tener la oportunidad de abrir sus puertas a la comunidad de la C\u00e1mara\u201d. <\/p>\n<p><a href=\"https:\/\/centralialaw.com\/wp-content\/uploads\/2019\/06\/61214226_2158792470841421_3585725130069770240_o.jpg\"><img loading=\"lazy\" decoding=\"async\" class=\"size-medium wp-image-6619 alignleft\" src=\"https:\/\/centralialaw.com\/wp-content\/uploads\/2019\/06\/61214226_2158792470841421_3585725130069770240_o-300x160.jpg\" alt=\"\" width=\"300\" height=\"160\"><\/a>Althauser Rayan Abbarno despliega la alfombra roja y ofrece comida, cerveza, vino, premios, sorteos y mucho networking. Llevan tres a\u00f1os organizando un Business After Hours anual. <\/p>\n<p>El acto tiene lugar en la oficina de Centralia de Althauser Rayan Abbarno, situada en 114 West Magnolia, en el centro hist\u00f3rico de Centralia. El bufete se fund\u00f3 en 1946 y se traslad\u00f3 a West Magnolia, donde lleva m\u00e1s de 60 a\u00f1os. <\/p>\n<p>Althauser Rayan Abbarno tiene oficinas en el centro hist\u00f3rico de Centralia y en Percival Landing, en Olympia.<\/p>\n<p>Seis (6) abogados tienen cada uno un \u00e1rea selecta de concentraci\u00f3n, como<\/p>\n<ul>\n<li>Lesiones personales,<\/li>\n<li>Indemnizaci\u00f3n por accidente laboral,<\/li>\n<li>Planificaci\u00f3n Patrimonial y Sucesiones,<\/li>\n<li>Derecho Societario y Mercantil,<\/li>\n<li>Derecho de arrendamiento,<\/li>\n<li>Conflictos contractuales y patrimoniales,<\/li>\n<li>Derecho de Familia, y<\/li>\n<li>Defensa Penal.<\/li>\n<\/ul>\n<p><a href=\"https:\/\/centralialaw.com\/wp-content\/uploads\/2019\/04\/DSC08638.jpg\"><img loading=\"lazy\" decoding=\"async\" class=\" wp-image-4558\" src=\"https:\/\/centralialaw.com\/wp-content\/uploads\/2019\/04\/DSC08638-200x300.jpg\" alt=\"\" width=\"171\" height=\"257\"><\/a><\/p>\n<p>Los profesionales de Althauser Rayan Abbarno cuentan con la experiencia y la formaci\u00f3n de los abogados del bufete. Cada uno de nuestros abogados trabaja de forma interfuncional con otros abogados del bufete para encontrar respuestas colectivas que sirvan a las necesidades e intereses de los clientes. <\/p>\n<p>Para m\u00e1s informaci\u00f3n sobre Althauser Rayan Abbarno o para programar tu consulta con sus abogados en Olympia o Centralia, llama al (360) 736-1301 o visita CentraliaLaw.com.<\/p>\n<p>&nbsp;<\/p>\n<p>&nbsp;<\/p>\n","protected":false},"excerpt":{"rendered":"<p>Los abogados y el personal de Althauser Rayan Abbarno ser\u00e1n los anfitriones del evento de networking Business After Hours de la C\u00e1mara de Comercio de Centralia-Chehalis el jueves 20 de junio de 5 a 7 de la tarde. Es el \u00faltimo d\u00eda de la primavera; \u00a1una forma estupenda de relacionarse con l\u00edderes empresariales y comunitarios [&hellip;]<\/p>\n","protected":false},"author":1,"featured_media":0,"comment_status":"closed","ping_status":"open","sticky":false,"template":"","format":"standard","meta":{"_et_pb_use_builder":"","_et_pb_old_content":"","_et_gb_content_width":"","footnotes":""},"categories":[406],"tags":[376,635,369,634,372],"class_list":["post-17716","post","type-post","status-publish","format-standard","hentry","category-articulos-2","tag-abogados","tag-camara","tag-centralia-es","tag-empresa","tag-olimpia"],"yoast_head":"<!-- This site is optimized with the Yoast SEO plugin v27.4 - https:\/\/yoast.com\/product\/yoast-seo-wordpress\/ -->\n<title>\u00a1En junio, los abogados locales ser\u00e1n los anfitriones del \u201cBusiness After Hours\u201d de la C\u00e1mara! - Ley Centralia<\/title>\n<meta name=\"robots\" content=\"index, follow, max-snippet:-1, max-image-preview:large, max-video-preview:-1\" \/>\n<link rel=\"canonical\" href=\"https:\/\/centralialaw.com\/es\/en-junio-los-abogados-locales-seran-los-anfitriones-del-business-after-hours-de-la-camara\/\" \/>\n<meta property=\"og:locale\" content=\"es_ES\" \/>\n<meta property=\"og:type\" content=\"article\" \/>\n<meta property=\"og:title\" content=\"\u00a1En junio, los abogados locales ser\u00e1n los anfitriones del \u201cBusiness After Hours\u201d de la C\u00e1mara! - Ley Centralia\" \/>\n<meta property=\"og:description\" content=\"Los abogados y el personal de Althauser Rayan Abbarno ser\u00e1n los anfitriones del evento de networking Business After Hours de la C\u00e1mara de Comercio de Centralia-Chehalis el jueves 20 de junio de 5 a 7 de la tarde. Es el \u00faltimo d\u00eda de la primavera; \u00a1una forma estupenda de relacionarse con l\u00edderes empresariales y comunitarios [&hellip;]\" \/>\n<meta property=\"og:url\" content=\"https:\/\/centralialaw.com\/es\/en-junio-los-abogados-locales-seran-los-anfitriones-del-business-after-hours-de-la-camara\/\" \/>\n<meta property=\"og:site_name\" content=\"Ley Centralia\" \/>\n<meta property=\"article:publisher\" content=\"https:\/\/www.facebook.com\/AlthauserRayanAbbarno\/\" \/>\n<meta property=\"article:published_time\" content=\"2019-06-13T21:55:23+00:00\" \/>\n<meta name=\"author\" content=\"silveragency\" \/>\n<meta name=\"twitter:card\" content=\"summary_large_image\" \/>\n<meta name=\"twitter:creator\" content=\"@PeterAbbarno\" \/>\n<meta name=\"twitter:site\" content=\"@PeterAbbarno\" \/>\n<meta name=\"twitter:label1\" content=\"Written by\" \/>\n\t<meta name=\"twitter:data1\" content=\"silveragency\" \/>\n\t<meta name=\"twitter:label2\" content=\"Est. reading time\" \/>\n\t<meta name=\"twitter:data2\" content=\"2 minutos\" \/>\n<script type=\"application\/ld+json\" class=\"yoast-schema-graph\">{\"@context\":\"https:\\\/\\\/schema.org\",\"@graph\":[{\"@type\":\"Article\",\"@id\":\"https:\\\/\\\/centralialaw.com\\\/es\\\/en-junio-los-abogados-locales-seran-los-anfitriones-del-business-after-hours-de-la-camara\\\/#article\",\"isPartOf\":{\"@id\":\"https:\\\/\\\/centralialaw.com\\\/es\\\/en-junio-los-abogados-locales-seran-los-anfitriones-del-business-after-hours-de-la-camara\\\/\"},\"author\":{\"name\":\"silveragency\",\"@id\":\"https:\\\/\\\/centralialaw.com\\\/es\\\/#\\\/schema\\\/person\\\/c90a306e6cec19446363bb73622e38f0\"},\"headline\":\"\u00a1En junio, los abogados locales ser\u00e1n los anfitriones del \u201cBusiness After Hours\u201d de la C\u00e1mara!\",\"datePublished\":\"2019-06-13T21:55:23+00:00\",\"mainEntityOfPage\":{\"@id\":\"https:\\\/\\\/centralialaw.com\\\/es\\\/en-junio-los-abogados-locales-seran-los-anfitriones-del-business-after-hours-de-la-camara\\\/\"},\"wordCount\":364,\"publisher\":{\"@id\":\"https:\\\/\\\/centralialaw.com\\\/es\\\/#organization\"},\"image\":{\"@id\":\"https:\\\/\\\/centralialaw.com\\\/es\\\/en-junio-los-abogados-locales-seran-los-anfitriones-del-business-after-hours-de-la-camara\\\/#primaryimage\"},\"thumbnailUrl\":\"https:\\\/\\\/centralialaw.com\\\/wp-content\\\/uploads\\\/2019\\\/06\\\/61214226_2158792470841421_3585725130069770240_o-300x160.jpg\",\"keywords\":[\"Abogados\",\"C\u00e1mara\",\"Centralia\",\"Empresa\",\"Olimpia\"],\"articleSection\":[\"Art\u00edculos\"],\"inLanguage\":\"es\"},{\"@type\":\"WebPage\",\"@id\":\"https:\\\/\\\/centralialaw.com\\\/es\\\/en-junio-los-abogados-locales-seran-los-anfitriones-del-business-after-hours-de-la-camara\\\/\",\"url\":\"https:\\\/\\\/centralialaw.com\\\/es\\\/en-junio-los-abogados-locales-seran-los-anfitriones-del-business-after-hours-de-la-camara\\\/\",\"name\":\"\u00a1En junio, los abogados locales ser\u00e1n los anfitriones del \u201cBusiness After Hours\u201d de la C\u00e1mara! - Ley Centralia\",\"isPartOf\":{\"@id\":\"https:\\\/\\\/centralialaw.com\\\/es\\\/#website\"},\"primaryImageOfPage\":{\"@id\":\"https:\\\/\\\/centralialaw.com\\\/es\\\/en-junio-los-abogados-locales-seran-los-anfitriones-del-business-after-hours-de-la-camara\\\/#primaryimage\"},\"image\":{\"@id\":\"https:\\\/\\\/centralialaw.com\\\/es\\\/en-junio-los-abogados-locales-seran-los-anfitriones-del-business-after-hours-de-la-camara\\\/#primaryimage\"},\"thumbnailUrl\":\"https:\\\/\\\/centralialaw.com\\\/wp-content\\\/uploads\\\/2019\\\/06\\\/61214226_2158792470841421_3585725130069770240_o-300x160.jpg\",\"datePublished\":\"2019-06-13T21:55:23+00:00\",\"breadcrumb\":{\"@id\":\"https:\\\/\\\/centralialaw.com\\\/es\\\/en-junio-los-abogados-locales-seran-los-anfitriones-del-business-after-hours-de-la-camara\\\/#breadcrumb\"},\"inLanguage\":\"es\",\"potentialAction\":[{\"@type\":\"ReadAction\",\"target\":[\"https:\\\/\\\/centralialaw.com\\\/es\\\/en-junio-los-abogados-locales-seran-los-anfitriones-del-business-after-hours-de-la-camara\\\/\"]}]},{\"@type\":\"ImageObject\",\"inLanguage\":\"es\",\"@id\":\"https:\\\/\\\/centralialaw.com\\\/es\\\/en-junio-los-abogados-locales-seran-los-anfitriones-del-business-after-hours-de-la-camara\\\/#primaryimage\",\"url\":\"https:\\\/\\\/centralialaw.com\\\/wp-content\\\/uploads\\\/2019\\\/06\\\/61214226_2158792470841421_3585725130069770240_o-300x160.jpg\",\"contentUrl\":\"https:\\\/\\\/centralialaw.com\\\/wp-content\\\/uploads\\\/2019\\\/06\\\/61214226_2158792470841421_3585725130069770240_o-300x160.jpg\"},{\"@type\":\"BreadcrumbList\",\"@id\":\"https:\\\/\\\/centralialaw.com\\\/es\\\/en-junio-los-abogados-locales-seran-los-anfitriones-del-business-after-hours-de-la-camara\\\/#breadcrumb\",\"itemListElement\":[{\"@type\":\"ListItem\",\"position\":1,\"name\":\"Inicio\",\"item\":\"https:\\\/\\\/centralialaw.com\\\/es\\\/\"},{\"@type\":\"ListItem\",\"position\":2,\"name\":\"\u00a1En junio, los abogados locales ser\u00e1n los anfitriones del \u201cBusiness After Hours\u201d de la C\u00e1mara!\"}]},{\"@type\":\"WebSite\",\"@id\":\"https:\\\/\\\/centralialaw.com\\\/es\\\/#website\",\"url\":\"https:\\\/\\\/centralialaw.com\\\/es\\\/\",\"name\":\"Centralia Law\",\"description\":\"Al servicio del estado de Washington desde hace m\u00e1s de 75 a\u00f1os - Althauser Rayan Abbarno \",\"publisher\":{\"@id\":\"https:\\\/\\\/centralialaw.com\\\/es\\\/#organization\"},\"potentialAction\":[{\"@type\":\"SearchAction\",\"target\":{\"@type\":\"EntryPoint\",\"urlTemplate\":\"https:\\\/\\\/centralialaw.com\\\/es\\\/?s={search_term_string}\"},\"query-input\":{\"@type\":\"PropertyValueSpecification\",\"valueRequired\":true,\"valueName\":\"search_term_string\"}}],\"inLanguage\":\"es\"},{\"@type\":\"Organization\",\"@id\":\"https:\\\/\\\/centralialaw.com\\\/es\\\/#organization\",\"name\":\"Ley Centralia\",\"url\":\"https:\\\/\\\/centralialaw.com\\\/es\\\/\",\"logo\":{\"@type\":\"ImageObject\",\"inLanguage\":\"es\",\"@id\":\"https:\\\/\\\/centralialaw.com\\\/es\\\/#\\\/schema\\\/logo\\\/image\\\/\",\"url\":\"https:\\\/\\\/centralialaw.com\\\/wp-content\\\/uploads\\\/2022\\\/05\\\/ARA-Logo.png\",\"contentUrl\":\"https:\\\/\\\/centralialaw.com\\\/wp-content\\\/uploads\\\/2022\\\/05\\\/ARA-Logo.png\",\"width\":1153,\"height\":364,\"caption\":\"Ley Centralia\"},\"image\":{\"@id\":\"https:\\\/\\\/centralialaw.com\\\/es\\\/#\\\/schema\\\/logo\\\/image\\\/\"},\"sameAs\":[\"https:\\\/\\\/www.facebook.com\\\/AlthauserRayanAbbarno\\\/\",\"https:\\\/\\\/x.com\\\/PeterAbbarno\"]},{\"@type\":\"Person\",\"@id\":\"https:\\\/\\\/centralialaw.com\\\/es\\\/#\\\/schema\\\/person\\\/c90a306e6cec19446363bb73622e38f0\",\"name\":\"silveragency\",\"image\":{\"@type\":\"ImageObject\",\"inLanguage\":\"es\",\"@id\":\"https:\\\/\\\/secure.gravatar.com\\\/avatar\\\/4651f4f7a0b935cb1de39e18a57f11b714fe08c8958a68707e471418252972e5?s=96&d=mm&r=g\",\"url\":\"https:\\\/\\\/secure.gravatar.com\\\/avatar\\\/4651f4f7a0b935cb1de39e18a57f11b714fe08c8958a68707e471418252972e5?s=96&d=mm&r=g\",\"contentUrl\":\"https:\\\/\\\/secure.gravatar.com\\\/avatar\\\/4651f4f7a0b935cb1de39e18a57f11b714fe08c8958a68707e471418252972e5?s=96&d=mm&r=g\",\"caption\":\"silveragency\"},\"sameAs\":[\"http:\\\/\\\/centralialaw.com\"],\"url\":\"https:\\\/\\\/centralialaw.com\\\/es\\\/author\\\/silveragency\\\/\"}]}<\/script>\n<!-- \/ Yoast SEO plugin. -->","yoast_head_json":{"title":"\u00a1En junio, los abogados locales ser\u00e1n los anfitriones del \u201cBusiness After Hours\u201d de la C\u00e1mara! - Ley Centralia","robots":{"index":"index","follow":"follow","max-snippet":"max-snippet:-1","max-image-preview":"max-image-preview:large","max-video-preview":"max-video-preview:-1"},"canonical":"https:\/\/centralialaw.com\/es\/en-junio-los-abogados-locales-seran-los-anfitriones-del-business-after-hours-de-la-camara\/","og_locale":"es_ES","og_type":"article","og_title":"\u00a1En junio, los abogados locales ser\u00e1n los anfitriones del \u201cBusiness After Hours\u201d de la C\u00e1mara! - Ley Centralia","og_description":"Los abogados y el personal de Althauser Rayan Abbarno ser\u00e1n los anfitriones del evento de networking Business After Hours de la C\u00e1mara de Comercio de Centralia-Chehalis el jueves 20 de junio de 5 a 7 de la tarde. Es el \u00faltimo d\u00eda de la primavera; \u00a1una forma estupenda de relacionarse con l\u00edderes empresariales y comunitarios [&hellip;]","og_url":"https:\/\/centralialaw.com\/es\/en-junio-los-abogados-locales-seran-los-anfitriones-del-business-after-hours-de-la-camara\/","og_site_name":"Ley Centralia","article_publisher":"https:\/\/www.facebook.com\/AlthauserRayanAbbarno\/","article_published_time":"2019-06-13T21:55:23+00:00","author":"silveragency","twitter_card":"summary_large_image","twitter_creator":"@PeterAbbarno","twitter_site":"@PeterAbbarno","twitter_misc":{"Written by":"silveragency","Est. reading time":"2 minutos"},"schema":{"@context":"https:\/\/schema.org","@graph":[{"@type":"Article","@id":"https:\/\/centralialaw.com\/es\/en-junio-los-abogados-locales-seran-los-anfitriones-del-business-after-hours-de-la-camara\/#article","isPartOf":{"@id":"https:\/\/centralialaw.com\/es\/en-junio-los-abogados-locales-seran-los-anfitriones-del-business-after-hours-de-la-camara\/"},"author":{"name":"silveragency","@id":"https:\/\/centralialaw.com\/es\/#\/schema\/person\/c90a306e6cec19446363bb73622e38f0"},"headline":"\u00a1En junio, los abogados locales ser\u00e1n los anfitriones del \u201cBusiness After Hours\u201d de la C\u00e1mara!","datePublished":"2019-06-13T21:55:23+00:00","mainEntityOfPage":{"@id":"https:\/\/centralialaw.com\/es\/en-junio-los-abogados-locales-seran-los-anfitriones-del-business-after-hours-de-la-camara\/"},"wordCount":364,"publisher":{"@id":"https:\/\/centralialaw.com\/es\/#organization"},"image":{"@id":"https:\/\/centralialaw.com\/es\/en-junio-los-abogados-locales-seran-los-anfitriones-del-business-after-hours-de-la-camara\/#primaryimage"},"thumbnailUrl":"https:\/\/centralialaw.com\/wp-content\/uploads\/2019\/06\/61214226_2158792470841421_3585725130069770240_o-300x160.jpg","keywords":["Abogados","C\u00e1mara","Centralia","Empresa","Olimpia"],"articleSection":["Art\u00edculos"],"inLanguage":"es"},{"@type":"WebPage","@id":"https:\/\/centralialaw.com\/es\/en-junio-los-abogados-locales-seran-los-anfitriones-del-business-after-hours-de-la-camara\/","url":"https:\/\/centralialaw.com\/es\/en-junio-los-abogados-locales-seran-los-anfitriones-del-business-after-hours-de-la-camara\/","name":"\u00a1En junio, los abogados locales ser\u00e1n los anfitriones del \u201cBusiness After Hours\u201d de la C\u00e1mara! - Ley Centralia","isPartOf":{"@id":"https:\/\/centralialaw.com\/es\/#website"},"primaryImageOfPage":{"@id":"https:\/\/centralialaw.com\/es\/en-junio-los-abogados-locales-seran-los-anfitriones-del-business-after-hours-de-la-camara\/#primaryimage"},"image":{"@id":"https:\/\/centralialaw.com\/es\/en-junio-los-abogados-locales-seran-los-anfitriones-del-business-after-hours-de-la-camara\/#primaryimage"},"thumbnailUrl":"https:\/\/centralialaw.com\/wp-content\/uploads\/2019\/06\/61214226_2158792470841421_3585725130069770240_o-300x160.jpg","datePublished":"2019-06-13T21:55:23+00:00","breadcrumb":{"@id":"https:\/\/centralialaw.com\/es\/en-junio-los-abogados-locales-seran-los-anfitriones-del-business-after-hours-de-la-camara\/#breadcrumb"},"inLanguage":"es","potentialAction":[{"@type":"ReadAction","target":["https:\/\/centralialaw.com\/es\/en-junio-los-abogados-locales-seran-los-anfitriones-del-business-after-hours-de-la-camara\/"]}]},{"@type":"ImageObject","inLanguage":"es","@id":"https:\/\/centralialaw.com\/es\/en-junio-los-abogados-locales-seran-los-anfitriones-del-business-after-hours-de-la-camara\/#primaryimage","url":"https:\/\/centralialaw.com\/wp-content\/uploads\/2019\/06\/61214226_2158792470841421_3585725130069770240_o-300x160.jpg","contentUrl":"https:\/\/centralialaw.com\/wp-content\/uploads\/2019\/06\/61214226_2158792470841421_3585725130069770240_o-300x160.jpg"},{"@type":"BreadcrumbList","@id":"https:\/\/centralialaw.com\/es\/en-junio-los-abogados-locales-seran-los-anfitriones-del-business-after-hours-de-la-camara\/#breadcrumb","itemListElement":[{"@type":"ListItem","position":1,"name":"Inicio","item":"https:\/\/centralialaw.com\/es\/"},{"@type":"ListItem","position":2,"name":"\u00a1En junio, los abogados locales ser\u00e1n los anfitriones del \u201cBusiness After Hours\u201d de la C\u00e1mara!"}]},{"@type":"WebSite","@id":"https:\/\/centralialaw.com\/es\/#website","url":"https:\/\/centralialaw.com\/es\/","name":"Centralia Law","description":"Al servicio del estado de Washington desde hace m\u00e1s de 75 a\u00f1os - Althauser Rayan Abbarno ","publisher":{"@id":"https:\/\/centralialaw.com\/es\/#organization"},"potentialAction":[{"@type":"SearchAction","target":{"@type":"EntryPoint","urlTemplate":"https:\/\/centralialaw.com\/es\/?s={search_term_string}"},"query-input":{"@type":"PropertyValueSpecification","valueRequired":true,"valueName":"search_term_string"}}],"inLanguage":"es"},{"@type":"Organization","@id":"https:\/\/centralialaw.com\/es\/#organization","name":"Ley Centralia","url":"https:\/\/centralialaw.com\/es\/","logo":{"@type":"ImageObject","inLanguage":"es","@id":"https:\/\/centralialaw.com\/es\/#\/schema\/logo\/image\/","url":"https:\/\/centralialaw.com\/wp-content\/uploads\/2022\/05\/ARA-Logo.png","contentUrl":"https:\/\/centralialaw.com\/wp-content\/uploads\/2022\/05\/ARA-Logo.png","width":1153,"height":364,"caption":"Ley Centralia"},"image":{"@id":"https:\/\/centralialaw.com\/es\/#\/schema\/logo\/image\/"},"sameAs":["https:\/\/www.facebook.com\/AlthauserRayanAbbarno\/","https:\/\/x.com\/PeterAbbarno"]},{"@type":"Person","@id":"https:\/\/centralialaw.com\/es\/#\/schema\/person\/c90a306e6cec19446363bb73622e38f0","name":"silveragency","image":{"@type":"ImageObject","inLanguage":"es","@id":"https:\/\/secure.gravatar.com\/avatar\/4651f4f7a0b935cb1de39e18a57f11b714fe08c8958a68707e471418252972e5?s=96&d=mm&r=g","url":"https:\/\/secure.gravatar.com\/avatar\/4651f4f7a0b935cb1de39e18a57f11b714fe08c8958a68707e471418252972e5?s=96&d=mm&r=g","contentUrl":"https:\/\/secure.gravatar.com\/avatar\/4651f4f7a0b935cb1de39e18a57f11b714fe08c8958a68707e471418252972e5?s=96&d=mm&r=g","caption":"silveragency"},"sameAs":["http:\/\/centralialaw.com"],"url":"https:\/\/centralialaw.com\/es\/author\/silveragency\/"}]}},"_links":{"self":[{"href":"https:\/\/centralialaw.com\/es\/wp-json\/wp\/v2\/posts\/17716","targetHints":{"allow":["GET"]}}],"collection":[{"href":"https:\/\/centralialaw.com\/es\/wp-json\/wp\/v2\/posts"}],"about":[{"href":"https:\/\/centralialaw.com\/es\/wp-json\/wp\/v2\/types\/post"}],"author":[{"embeddable":true,"href":"https:\/\/centralialaw.com\/es\/wp-json\/wp\/v2\/users\/1"}],"replies":[{"embeddable":true,"href":"https:\/\/centralialaw.com\/es\/wp-json\/wp\/v2\/comments?post=17716"}],"version-history":[{"count":0,"href":"https:\/\/centralialaw.com\/es\/wp-json\/wp\/v2\/posts\/17716\/revisions"}],"wp:attachment":[{"href":"https:\/\/centralialaw.com\/es\/wp-json\/wp\/v2\/media?parent=17716"}],"wp:term":[{"taxonomy":"category","embeddable":true,"href":"https:\/\/centralialaw.com\/es\/wp-json\/wp\/v2\/categories?post=17716"},{"taxonomy":"post_tag","embeddable":true,"href":"https:\/\/centralialaw.com\/es\/wp-json\/wp\/v2\/tags?post=17716"}],"curies":[{"name":"wp","href":"https:\/\/api.w.org\/{rel}","templated":true}]}}