{"id":17729,"date":"2019-03-22T20:26:11","date_gmt":"2019-03-23T03:26:11","guid":{"rendered":"https:\/\/centralialaw.com\/abogados-locales-fondos-de-mitigacion-para-arrendadores-disponibles\/"},"modified":"2019-03-22T20:26:11","modified_gmt":"2019-03-23T03:26:11","slug":"abogados-locales-fondos-de-mitigacion-para-arrendadores-disponibles","status":"publish","type":"post","link":"https:\/\/centralialaw.com\/es\/abogados-locales-fondos-de-mitigacion-para-arrendadores-disponibles\/","title":{"rendered":"Abogados locales: Fondos de Mitigaci\u00f3n para Arrendadores Disponibles"},"content":{"rendered":"<p>\u00bfEres arrendador o trabajas con arrendadores?<\/p>\n<p>El 27 de marzo, de 11.30 a 13.00 h, se celebrar\u00e1 un seminario sobre el Fondo de Mitigaci\u00f3n para Propietarios en Reliable Enterprises, en W. Reynolds Road, Centralia, en el que se hablar\u00e1 de dinero para mejoras en la mudanza, fondos para p\u00e9rdida de ingresos por alquiler, fondos para da\u00f1os en el alquiler y mucho m\u00e1s.<\/p>\n<p><a href=\"https:\/\/centralialaw.com\/wp-content\/uploads\/2019\/03\/LandlordMit-page-001.jpg\"><img loading=\"lazy\" decoding=\"async\" class=\"size-medium wp-image-4159 aligncenter\" src=\"https:\/\/centralialaw.com\/wp-content\/uploads\/2019\/03\/LandlordMit-page-001-232x300.jpg\" alt=\"\" width=\"232\" height=\"300\"><\/a><\/p>\n<p>Si necesitas consultar con un abogado de Althauser Rayan Abbarno, LLP sobre un asunto entre propietario e inquilino, llama a nuestros abogados al (360) 736-1301 o visita Centralialaw.com<\/p>\n","protected":false},"excerpt":{"rendered":"<p>\u00bfEres arrendador o trabajas con arrendadores? El 27 de marzo, de 11.30 a 13.00 h, se celebrar\u00e1 un seminario sobre el Fondo de Mitigaci\u00f3n para Propietarios en Reliable Enterprises, en W. Reynolds Road, Centralia, en el que se hablar\u00e1 de dinero para mejoras en la mudanza, fondos para p\u00e9rdida de ingresos por alquiler, fondos para [&hellip;]<\/p>\n","protected":false},"author":1,"featured_media":0,"comment_status":"closed","ping_status":"open","sticky":false,"template":"","format":"standard","meta":{"_et_pb_use_builder":"","_et_pb_old_content":"","_et_gb_content_width":"","footnotes":""},"categories":[361],"tags":[],"class_list":["post-17729","post","type-post","status-publish","format-standard","hentry","category-sin-categoria"],"yoast_head":"<!-- This site is optimized with the Yoast SEO plugin v27.4 - https:\/\/yoast.com\/product\/yoast-seo-wordpress\/ -->\n<title>Abogados locales: Fondos de Mitigaci\u00f3n para Arrendadores Disponibles - Ley Centralia<\/title>\n<meta name=\"robots\" content=\"index, follow, max-snippet:-1, max-image-preview:large, max-video-preview:-1\" \/>\n<link rel=\"canonical\" href=\"https:\/\/centralialaw.com\/es\/abogados-locales-fondos-de-mitigacion-para-arrendadores-disponibles\/\" \/>\n<meta property=\"og:locale\" content=\"es_ES\" \/>\n<meta property=\"og:type\" content=\"article\" \/>\n<meta property=\"og:title\" content=\"Abogados locales: Fondos de Mitigaci\u00f3n para Arrendadores Disponibles - Ley Centralia\" \/>\n<meta property=\"og:description\" content=\"\u00bfEres arrendador o trabajas con arrendadores? El 27 de marzo, de 11.30 a 13.00 h, se celebrar\u00e1 un seminario sobre el Fondo de Mitigaci\u00f3n para Propietarios en Reliable Enterprises, en W. Reynolds Road, Centralia, en el que se hablar\u00e1 de dinero para mejoras en la mudanza, fondos para p\u00e9rdida de ingresos por alquiler, fondos para [&hellip;]\" \/>\n<meta property=\"og:url\" content=\"https:\/\/centralialaw.com\/es\/abogados-locales-fondos-de-mitigacion-para-arrendadores-disponibles\/\" \/>\n<meta property=\"og:site_name\" content=\"Ley Centralia\" \/>\n<meta property=\"article:publisher\" content=\"https:\/\/www.facebook.com\/AlthauserRayanAbbarno\/\" \/>\n<meta property=\"article:published_time\" content=\"2019-03-23T03:26:11+00:00\" \/>\n<meta name=\"author\" content=\"silveragency\" \/>\n<meta name=\"twitter:card\" content=\"summary_large_image\" \/>\n<meta name=\"twitter:creator\" content=\"@PeterAbbarno\" \/>\n<meta name=\"twitter:site\" content=\"@PeterAbbarno\" \/>\n<meta name=\"twitter:label1\" content=\"Written by\" \/>\n\t<meta name=\"twitter:data1\" content=\"silveragency\" \/>\n<script type=\"application\/ld+json\" class=\"yoast-schema-graph\">{\"@context\":\"https:\\\/\\\/schema.org\",\"@graph\":[{\"@type\":\"Article\",\"@id\":\"https:\\\/\\\/centralialaw.com\\\/es\\\/abogados-locales-fondos-de-mitigacion-para-arrendadores-disponibles\\\/#article\",\"isPartOf\":{\"@id\":\"https:\\\/\\\/centralialaw.com\\\/es\\\/abogados-locales-fondos-de-mitigacion-para-arrendadores-disponibles\\\/\"},\"author\":{\"name\":\"silveragency\",\"@id\":\"https:\\\/\\\/centralialaw.com\\\/es\\\/#\\\/schema\\\/person\\\/c90a306e6cec19446363bb73622e38f0\"},\"headline\":\"Abogados locales: Fondos de Mitigaci\u00f3n para Arrendadores Disponibles\",\"datePublished\":\"2019-03-23T03:26:11+00:00\",\"mainEntityOfPage\":{\"@id\":\"https:\\\/\\\/centralialaw.com\\\/es\\\/abogados-locales-fondos-de-mitigacion-para-arrendadores-disponibles\\\/\"},\"wordCount\":100,\"publisher\":{\"@id\":\"https:\\\/\\\/centralialaw.com\\\/es\\\/#organization\"},\"image\":{\"@id\":\"https:\\\/\\\/centralialaw.com\\\/es\\\/abogados-locales-fondos-de-mitigacion-para-arrendadores-disponibles\\\/#primaryimage\"},\"thumbnailUrl\":\"https:\\\/\\\/centralialaw.com\\\/wp-content\\\/uploads\\\/2019\\\/03\\\/LandlordMit-page-001-232x300.jpg\",\"inLanguage\":\"es\"},{\"@type\":\"WebPage\",\"@id\":\"https:\\\/\\\/centralialaw.com\\\/es\\\/abogados-locales-fondos-de-mitigacion-para-arrendadores-disponibles\\\/\",\"url\":\"https:\\\/\\\/centralialaw.com\\\/es\\\/abogados-locales-fondos-de-mitigacion-para-arrendadores-disponibles\\\/\",\"name\":\"Abogados locales: Fondos de Mitigaci\u00f3n para Arrendadores Disponibles - Ley Centralia\",\"isPartOf\":{\"@id\":\"https:\\\/\\\/centralialaw.com\\\/es\\\/#website\"},\"primaryImageOfPage\":{\"@id\":\"https:\\\/\\\/centralialaw.com\\\/es\\\/abogados-locales-fondos-de-mitigacion-para-arrendadores-disponibles\\\/#primaryimage\"},\"image\":{\"@id\":\"https:\\\/\\\/centralialaw.com\\\/es\\\/abogados-locales-fondos-de-mitigacion-para-arrendadores-disponibles\\\/#primaryimage\"},\"thumbnailUrl\":\"https:\\\/\\\/centralialaw.com\\\/wp-content\\\/uploads\\\/2019\\\/03\\\/LandlordMit-page-001-232x300.jpg\",\"datePublished\":\"2019-03-23T03:26:11+00:00\",\"breadcrumb\":{\"@id\":\"https:\\\/\\\/centralialaw.com\\\/es\\\/abogados-locales-fondos-de-mitigacion-para-arrendadores-disponibles\\\/#breadcrumb\"},\"inLanguage\":\"es\",\"potentialAction\":[{\"@type\":\"ReadAction\",\"target\":[\"https:\\\/\\\/centralialaw.com\\\/es\\\/abogados-locales-fondos-de-mitigacion-para-arrendadores-disponibles\\\/\"]}]},{\"@type\":\"ImageObject\",\"inLanguage\":\"es\",\"@id\":\"https:\\\/\\\/centralialaw.com\\\/es\\\/abogados-locales-fondos-de-mitigacion-para-arrendadores-disponibles\\\/#primaryimage\",\"url\":\"https:\\\/\\\/centralialaw.com\\\/wp-content\\\/uploads\\\/2019\\\/03\\\/LandlordMit-page-001-232x300.jpg\",\"contentUrl\":\"https:\\\/\\\/centralialaw.com\\\/wp-content\\\/uploads\\\/2019\\\/03\\\/LandlordMit-page-001-232x300.jpg\"},{\"@type\":\"BreadcrumbList\",\"@id\":\"https:\\\/\\\/centralialaw.com\\\/es\\\/abogados-locales-fondos-de-mitigacion-para-arrendadores-disponibles\\\/#breadcrumb\",\"itemListElement\":[{\"@type\":\"ListItem\",\"position\":1,\"name\":\"Inicio\",\"item\":\"https:\\\/\\\/centralialaw.com\\\/es\\\/\"},{\"@type\":\"ListItem\",\"position\":2,\"name\":\"Abogados locales: Fondos de Mitigaci\u00f3n para Arrendadores Disponibles\"}]},{\"@type\":\"WebSite\",\"@id\":\"https:\\\/\\\/centralialaw.com\\\/es\\\/#website\",\"url\":\"https:\\\/\\\/centralialaw.com\\\/es\\\/\",\"name\":\"Centralia Law\",\"description\":\"Al servicio del estado de Washington desde hace m\u00e1s de 75 a\u00f1os - Althauser Rayan Abbarno \",\"publisher\":{\"@id\":\"https:\\\/\\\/centralialaw.com\\\/es\\\/#organization\"},\"potentialAction\":[{\"@type\":\"SearchAction\",\"target\":{\"@type\":\"EntryPoint\",\"urlTemplate\":\"https:\\\/\\\/centralialaw.com\\\/es\\\/?s={search_term_string}\"},\"query-input\":{\"@type\":\"PropertyValueSpecification\",\"valueRequired\":true,\"valueName\":\"search_term_string\"}}],\"inLanguage\":\"es\"},{\"@type\":\"Organization\",\"@id\":\"https:\\\/\\\/centralialaw.com\\\/es\\\/#organization\",\"name\":\"Ley Centralia\",\"url\":\"https:\\\/\\\/centralialaw.com\\\/es\\\/\",\"logo\":{\"@type\":\"ImageObject\",\"inLanguage\":\"es\",\"@id\":\"https:\\\/\\\/centralialaw.com\\\/es\\\/#\\\/schema\\\/logo\\\/image\\\/\",\"url\":\"https:\\\/\\\/centralialaw.com\\\/wp-content\\\/uploads\\\/2022\\\/05\\\/ARA-Logo.png\",\"contentUrl\":\"https:\\\/\\\/centralialaw.com\\\/wp-content\\\/uploads\\\/2022\\\/05\\\/ARA-Logo.png\",\"width\":1153,\"height\":364,\"caption\":\"Ley Centralia\"},\"image\":{\"@id\":\"https:\\\/\\\/centralialaw.com\\\/es\\\/#\\\/schema\\\/logo\\\/image\\\/\"},\"sameAs\":[\"https:\\\/\\\/www.facebook.com\\\/AlthauserRayanAbbarno\\\/\",\"https:\\\/\\\/x.com\\\/PeterAbbarno\"]},{\"@type\":\"Person\",\"@id\":\"https:\\\/\\\/centralialaw.com\\\/es\\\/#\\\/schema\\\/person\\\/c90a306e6cec19446363bb73622e38f0\",\"name\":\"silveragency\",\"image\":{\"@type\":\"ImageObject\",\"inLanguage\":\"es\",\"@id\":\"https:\\\/\\\/secure.gravatar.com\\\/avatar\\\/4651f4f7a0b935cb1de39e18a57f11b714fe08c8958a68707e471418252972e5?s=96&d=mm&r=g\",\"url\":\"https:\\\/\\\/secure.gravatar.com\\\/avatar\\\/4651f4f7a0b935cb1de39e18a57f11b714fe08c8958a68707e471418252972e5?s=96&d=mm&r=g\",\"contentUrl\":\"https:\\\/\\\/secure.gravatar.com\\\/avatar\\\/4651f4f7a0b935cb1de39e18a57f11b714fe08c8958a68707e471418252972e5?s=96&d=mm&r=g\",\"caption\":\"silveragency\"},\"sameAs\":[\"http:\\\/\\\/centralialaw.com\"],\"url\":\"https:\\\/\\\/centralialaw.com\\\/es\\\/author\\\/silveragency\\\/\"}]}<\/script>\n<!-- \/ Yoast SEO plugin. -->","yoast_head_json":{"title":"Abogados locales: Fondos de Mitigaci\u00f3n para Arrendadores Disponibles - Ley Centralia","robots":{"index":"index","follow":"follow","max-snippet":"max-snippet:-1","max-image-preview":"max-image-preview:large","max-video-preview":"max-video-preview:-1"},"canonical":"https:\/\/centralialaw.com\/es\/abogados-locales-fondos-de-mitigacion-para-arrendadores-disponibles\/","og_locale":"es_ES","og_type":"article","og_title":"Abogados locales: Fondos de Mitigaci\u00f3n para Arrendadores Disponibles - Ley Centralia","og_description":"\u00bfEres arrendador o trabajas con arrendadores? El 27 de marzo, de 11.30 a 13.00 h, se celebrar\u00e1 un seminario sobre el Fondo de Mitigaci\u00f3n para Propietarios en Reliable Enterprises, en W. Reynolds Road, Centralia, en el que se hablar\u00e1 de dinero para mejoras en la mudanza, fondos para p\u00e9rdida de ingresos por alquiler, fondos para [&hellip;]","og_url":"https:\/\/centralialaw.com\/es\/abogados-locales-fondos-de-mitigacion-para-arrendadores-disponibles\/","og_site_name":"Ley Centralia","article_publisher":"https:\/\/www.facebook.com\/AlthauserRayanAbbarno\/","article_published_time":"2019-03-23T03:26:11+00:00","author":"silveragency","twitter_card":"summary_large_image","twitter_creator":"@PeterAbbarno","twitter_site":"@PeterAbbarno","twitter_misc":{"Written by":"silveragency"},"schema":{"@context":"https:\/\/schema.org","@graph":[{"@type":"Article","@id":"https:\/\/centralialaw.com\/es\/abogados-locales-fondos-de-mitigacion-para-arrendadores-disponibles\/#article","isPartOf":{"@id":"https:\/\/centralialaw.com\/es\/abogados-locales-fondos-de-mitigacion-para-arrendadores-disponibles\/"},"author":{"name":"silveragency","@id":"https:\/\/centralialaw.com\/es\/#\/schema\/person\/c90a306e6cec19446363bb73622e38f0"},"headline":"Abogados locales: Fondos de Mitigaci\u00f3n para Arrendadores Disponibles","datePublished":"2019-03-23T03:26:11+00:00","mainEntityOfPage":{"@id":"https:\/\/centralialaw.com\/es\/abogados-locales-fondos-de-mitigacion-para-arrendadores-disponibles\/"},"wordCount":100,"publisher":{"@id":"https:\/\/centralialaw.com\/es\/#organization"},"image":{"@id":"https:\/\/centralialaw.com\/es\/abogados-locales-fondos-de-mitigacion-para-arrendadores-disponibles\/#primaryimage"},"thumbnailUrl":"https:\/\/centralialaw.com\/wp-content\/uploads\/2019\/03\/LandlordMit-page-001-232x300.jpg","inLanguage":"es"},{"@type":"WebPage","@id":"https:\/\/centralialaw.com\/es\/abogados-locales-fondos-de-mitigacion-para-arrendadores-disponibles\/","url":"https:\/\/centralialaw.com\/es\/abogados-locales-fondos-de-mitigacion-para-arrendadores-disponibles\/","name":"Abogados locales: Fondos de Mitigaci\u00f3n para Arrendadores Disponibles - Ley Centralia","isPartOf":{"@id":"https:\/\/centralialaw.com\/es\/#website"},"primaryImageOfPage":{"@id":"https:\/\/centralialaw.com\/es\/abogados-locales-fondos-de-mitigacion-para-arrendadores-disponibles\/#primaryimage"},"image":{"@id":"https:\/\/centralialaw.com\/es\/abogados-locales-fondos-de-mitigacion-para-arrendadores-disponibles\/#primaryimage"},"thumbnailUrl":"https:\/\/centralialaw.com\/wp-content\/uploads\/2019\/03\/LandlordMit-page-001-232x300.jpg","datePublished":"2019-03-23T03:26:11+00:00","breadcrumb":{"@id":"https:\/\/centralialaw.com\/es\/abogados-locales-fondos-de-mitigacion-para-arrendadores-disponibles\/#breadcrumb"},"inLanguage":"es","potentialAction":[{"@type":"ReadAction","target":["https:\/\/centralialaw.com\/es\/abogados-locales-fondos-de-mitigacion-para-arrendadores-disponibles\/"]}]},{"@type":"ImageObject","inLanguage":"es","@id":"https:\/\/centralialaw.com\/es\/abogados-locales-fondos-de-mitigacion-para-arrendadores-disponibles\/#primaryimage","url":"https:\/\/centralialaw.com\/wp-content\/uploads\/2019\/03\/LandlordMit-page-001-232x300.jpg","contentUrl":"https:\/\/centralialaw.com\/wp-content\/uploads\/2019\/03\/LandlordMit-page-001-232x300.jpg"},{"@type":"BreadcrumbList","@id":"https:\/\/centralialaw.com\/es\/abogados-locales-fondos-de-mitigacion-para-arrendadores-disponibles\/#breadcrumb","itemListElement":[{"@type":"ListItem","position":1,"name":"Inicio","item":"https:\/\/centralialaw.com\/es\/"},{"@type":"ListItem","position":2,"name":"Abogados locales: Fondos de Mitigaci\u00f3n para Arrendadores Disponibles"}]},{"@type":"WebSite","@id":"https:\/\/centralialaw.com\/es\/#website","url":"https:\/\/centralialaw.com\/es\/","name":"Centralia Law","description":"Al servicio del estado de Washington desde hace m\u00e1s de 75 a\u00f1os - Althauser Rayan Abbarno ","publisher":{"@id":"https:\/\/centralialaw.com\/es\/#organization"},"potentialAction":[{"@type":"SearchAction","target":{"@type":"EntryPoint","urlTemplate":"https:\/\/centralialaw.com\/es\/?s={search_term_string}"},"query-input":{"@type":"PropertyValueSpecification","valueRequired":true,"valueName":"search_term_string"}}],"inLanguage":"es"},{"@type":"Organization","@id":"https:\/\/centralialaw.com\/es\/#organization","name":"Ley Centralia","url":"https:\/\/centralialaw.com\/es\/","logo":{"@type":"ImageObject","inLanguage":"es","@id":"https:\/\/centralialaw.com\/es\/#\/schema\/logo\/image\/","url":"https:\/\/centralialaw.com\/wp-content\/uploads\/2022\/05\/ARA-Logo.png","contentUrl":"https:\/\/centralialaw.com\/wp-content\/uploads\/2022\/05\/ARA-Logo.png","width":1153,"height":364,"caption":"Ley Centralia"},"image":{"@id":"https:\/\/centralialaw.com\/es\/#\/schema\/logo\/image\/"},"sameAs":["https:\/\/www.facebook.com\/AlthauserRayanAbbarno\/","https:\/\/x.com\/PeterAbbarno"]},{"@type":"Person","@id":"https:\/\/centralialaw.com\/es\/#\/schema\/person\/c90a306e6cec19446363bb73622e38f0","name":"silveragency","image":{"@type":"ImageObject","inLanguage":"es","@id":"https:\/\/secure.gravatar.com\/avatar\/4651f4f7a0b935cb1de39e18a57f11b714fe08c8958a68707e471418252972e5?s=96&d=mm&r=g","url":"https:\/\/secure.gravatar.com\/avatar\/4651f4f7a0b935cb1de39e18a57f11b714fe08c8958a68707e471418252972e5?s=96&d=mm&r=g","contentUrl":"https:\/\/secure.gravatar.com\/avatar\/4651f4f7a0b935cb1de39e18a57f11b714fe08c8958a68707e471418252972e5?s=96&d=mm&r=g","caption":"silveragency"},"sameAs":["http:\/\/centralialaw.com"],"url":"https:\/\/centralialaw.com\/es\/author\/silveragency\/"}]}},"_links":{"self":[{"href":"https:\/\/centralialaw.com\/es\/wp-json\/wp\/v2\/posts\/17729","targetHints":{"allow":["GET"]}}],"collection":[{"href":"https:\/\/centralialaw.com\/es\/wp-json\/wp\/v2\/posts"}],"about":[{"href":"https:\/\/centralialaw.com\/es\/wp-json\/wp\/v2\/types\/post"}],"author":[{"embeddable":true,"href":"https:\/\/centralialaw.com\/es\/wp-json\/wp\/v2\/users\/1"}],"replies":[{"embeddable":true,"href":"https:\/\/centralialaw.com\/es\/wp-json\/wp\/v2\/comments?post=17729"}],"version-history":[{"count":0,"href":"https:\/\/centralialaw.com\/es\/wp-json\/wp\/v2\/posts\/17729\/revisions"}],"wp:attachment":[{"href":"https:\/\/centralialaw.com\/es\/wp-json\/wp\/v2\/media?parent=17729"}],"wp:term":[{"taxonomy":"category","embeddable":true,"href":"https:\/\/centralialaw.com\/es\/wp-json\/wp\/v2\/categories?post=17729"},{"taxonomy":"post_tag","embeddable":true,"href":"https:\/\/centralialaw.com\/es\/wp-json\/wp\/v2\/tags?post=17729"}],"curies":[{"name":"wp","href":"https:\/\/api.w.org\/{rel}","templated":true}]}}