{"id":17735,"date":"2019-01-15T22:34:14","date_gmt":"2019-01-16T06:34:14","guid":{"rendered":"https:\/\/centralialaw.com\/divocre-en-washington-los-bezos-compartiran-amazon\/"},"modified":"2019-01-15T22:34:14","modified_gmt":"2019-01-16T06:34:14","slug":"divocre-en-washington-los-bezos-compartiran-amazon","status":"publish","type":"post","link":"https:\/\/centralialaw.com\/es\/divocre-en-washington-los-bezos-compartiran-amazon\/","title":{"rendered":"Divocre en Washington: \u00bfLos Bezos compartir\u00e1n Amazon?"},"content":{"rendered":"<p>El consejero delegado de Amazon, Jeff Bezos, y su esposa, MacKenzie, se divorcian, poniendo fin a un matrimonio de 25 a\u00f1os que desempe\u00f1\u00f3 un papel importante en la creaci\u00f3n de una empresa de comercio electr\u00f3nico que convirti\u00f3 a Bezos en una de las personas m\u00e1s ricas del mundo.<\/p>\n<p><a href=\"https:\/\/centralialaw.com\/wp-content\/uploads\/2015\/12\/GMB4096.jpg\"><img loading=\"lazy\" decoding=\"async\" class=\"size-medium wp-image-537 alignleft\" src=\"https:\/\/centralialaw.com\/wp-content\/uploads\/2015\/12\/GMB4096-300x199.jpg\" alt=\"consulta\" width=\"300\" height=\"199\"><\/a>La decisi\u00f3n de divorciarse llega tras una separaci\u00f3n de prueba, seg\u00fan un comunicado publicado el mi\u00e9rcoles en la cuenta de Twitter de Jeff Bezos. Tanto \u00e9l como su esposa firmaron el comunicado, que terminaba con el juramento de seguir siendo \u201cqueridos amigos\u201d. <\/p>\n<p>El divorcio es una experiencia estresante y de gran carga emocional que implica la divisi\u00f3n de bienes, la custodia y manutenci\u00f3n de los hijos y la pensi\u00f3n alimenticia del c\u00f3nyuge. Adem\u00e1s, la ley puede ser compleja y confusa. <\/p>\n<p>\u00bfConoces la diferencia entre bienes gananciales y bienes separados? \u00bfSab\u00edas que la norma legal para la divisi\u00f3n de bienes debe ser \u201cjusta y equitativa\u201d, no igualitaria?<br \/>\nSi est\u00e1s pasando por un divorcio o un asunto de derecho de familia, no tienes por qu\u00e9 hacerlo sola. Ponte en contacto con un abogado de <a href=\"https:\/\/centralialaw.com\/es\/\">Althauser Rayan Abbarno, LLP<\/a> en Centralia u Olympia llamando al (360) 736-1301 o visitando Centralialaw.com.  <\/p>\n<p>&nbsp;<\/p>\n<p>M\u00e1s informaci\u00f3n en <a href=\"https:\/\/www.king5.com\/article\/news\/local\/jeff-and-mackenzie-bezos-announce-divorce-after-25-years-of-marriage\/281-cc934e1c-f259-4256-b4db-dd748f2ff0bc\">King5<\/a>.<\/p>\n","protected":false},"excerpt":{"rendered":"<p>El consejero delegado de Amazon, Jeff Bezos, y su esposa, MacKenzie, se divorcian, poniendo fin a un matrimonio de 25 a\u00f1os que desempe\u00f1\u00f3 un papel importante en la creaci\u00f3n de una empresa de comercio electr\u00f3nico que convirti\u00f3 a Bezos en una de las personas m\u00e1s ricas del mundo. La decisi\u00f3n de divorciarse llega tras una [&hellip;]<\/p>\n","protected":false},"author":1,"featured_media":0,"comment_status":"closed","ping_status":"open","sticky":false,"template":"","format":"standard","meta":{"_et_pb_use_builder":"","_et_pb_old_content":"","_et_gb_content_width":"","footnotes":""},"categories":[361],"tags":[],"class_list":["post-17735","post","type-post","status-publish","format-standard","hentry","category-sin-categoria"],"yoast_head":"<!-- This site is optimized with the Yoast SEO plugin v27.4 - https:\/\/yoast.com\/product\/yoast-seo-wordpress\/ -->\n<title>Divocre en Washington: \u00bfLos Bezos compartir\u00e1n Amazon? - Ley Centralia<\/title>\n<meta name=\"robots\" content=\"index, follow, max-snippet:-1, max-image-preview:large, max-video-preview:-1\" \/>\n<link rel=\"canonical\" href=\"https:\/\/centralialaw.com\/es\/divocre-en-washington-los-bezos-compartiran-amazon\/\" \/>\n<meta property=\"og:locale\" content=\"es_ES\" \/>\n<meta property=\"og:type\" content=\"article\" \/>\n<meta property=\"og:title\" content=\"Divocre en Washington: \u00bfLos Bezos compartir\u00e1n Amazon? - Ley Centralia\" \/>\n<meta property=\"og:description\" content=\"El consejero delegado de Amazon, Jeff Bezos, y su esposa, MacKenzie, se divorcian, poniendo fin a un matrimonio de 25 a\u00f1os que desempe\u00f1\u00f3 un papel importante en la creaci\u00f3n de una empresa de comercio electr\u00f3nico que convirti\u00f3 a Bezos en una de las personas m\u00e1s ricas del mundo. La decisi\u00f3n de divorciarse llega tras una [&hellip;]\" \/>\n<meta property=\"og:url\" content=\"https:\/\/centralialaw.com\/es\/divocre-en-washington-los-bezos-compartiran-amazon\/\" \/>\n<meta property=\"og:site_name\" content=\"Ley Centralia\" \/>\n<meta property=\"article:publisher\" content=\"https:\/\/www.facebook.com\/AlthauserRayanAbbarno\/\" \/>\n<meta property=\"article:published_time\" content=\"2019-01-16T06:34:14+00:00\" \/>\n<meta name=\"author\" content=\"silveragency\" \/>\n<meta name=\"twitter:card\" content=\"summary_large_image\" \/>\n<meta name=\"twitter:creator\" content=\"@PeterAbbarno\" \/>\n<meta name=\"twitter:site\" content=\"@PeterAbbarno\" \/>\n<meta name=\"twitter:label1\" content=\"Written by\" \/>\n\t<meta name=\"twitter:data1\" content=\"silveragency\" \/>\n\t<meta name=\"twitter:label2\" content=\"Est. reading time\" \/>\n\t<meta name=\"twitter:data2\" content=\"1 minuto\" \/>\n<script type=\"application\/ld+json\" class=\"yoast-schema-graph\">{\"@context\":\"https:\\\/\\\/schema.org\",\"@graph\":[{\"@type\":\"Article\",\"@id\":\"https:\\\/\\\/centralialaw.com\\\/es\\\/divocre-en-washington-los-bezos-compartiran-amazon\\\/#article\",\"isPartOf\":{\"@id\":\"https:\\\/\\\/centralialaw.com\\\/es\\\/divocre-en-washington-los-bezos-compartiran-amazon\\\/\"},\"author\":{\"name\":\"silveragency\",\"@id\":\"https:\\\/\\\/centralialaw.com\\\/es\\\/#\\\/schema\\\/person\\\/c90a306e6cec19446363bb73622e38f0\"},\"headline\":\"Divocre en Washington: \u00bfLos Bezos compartir\u00e1n Amazon?\",\"datePublished\":\"2019-01-16T06:34:14+00:00\",\"mainEntityOfPage\":{\"@id\":\"https:\\\/\\\/centralialaw.com\\\/es\\\/divocre-en-washington-los-bezos-compartiran-amazon\\\/\"},\"wordCount\":225,\"publisher\":{\"@id\":\"https:\\\/\\\/centralialaw.com\\\/es\\\/#organization\"},\"image\":{\"@id\":\"https:\\\/\\\/centralialaw.com\\\/es\\\/divocre-en-washington-los-bezos-compartiran-amazon\\\/#primaryimage\"},\"thumbnailUrl\":\"https:\\\/\\\/centralialaw.com\\\/wp-content\\\/uploads\\\/2015\\\/12\\\/GMB4096-300x199.jpg\",\"inLanguage\":\"es\"},{\"@type\":\"WebPage\",\"@id\":\"https:\\\/\\\/centralialaw.com\\\/es\\\/divocre-en-washington-los-bezos-compartiran-amazon\\\/\",\"url\":\"https:\\\/\\\/centralialaw.com\\\/es\\\/divocre-en-washington-los-bezos-compartiran-amazon\\\/\",\"name\":\"Divocre en Washington: \u00bfLos Bezos compartir\u00e1n Amazon? - Ley Centralia\",\"isPartOf\":{\"@id\":\"https:\\\/\\\/centralialaw.com\\\/es\\\/#website\"},\"primaryImageOfPage\":{\"@id\":\"https:\\\/\\\/centralialaw.com\\\/es\\\/divocre-en-washington-los-bezos-compartiran-amazon\\\/#primaryimage\"},\"image\":{\"@id\":\"https:\\\/\\\/centralialaw.com\\\/es\\\/divocre-en-washington-los-bezos-compartiran-amazon\\\/#primaryimage\"},\"thumbnailUrl\":\"https:\\\/\\\/centralialaw.com\\\/wp-content\\\/uploads\\\/2015\\\/12\\\/GMB4096-300x199.jpg\",\"datePublished\":\"2019-01-16T06:34:14+00:00\",\"breadcrumb\":{\"@id\":\"https:\\\/\\\/centralialaw.com\\\/es\\\/divocre-en-washington-los-bezos-compartiran-amazon\\\/#breadcrumb\"},\"inLanguage\":\"es\",\"potentialAction\":[{\"@type\":\"ReadAction\",\"target\":[\"https:\\\/\\\/centralialaw.com\\\/es\\\/divocre-en-washington-los-bezos-compartiran-amazon\\\/\"]}]},{\"@type\":\"ImageObject\",\"inLanguage\":\"es\",\"@id\":\"https:\\\/\\\/centralialaw.com\\\/es\\\/divocre-en-washington-los-bezos-compartiran-amazon\\\/#primaryimage\",\"url\":\"https:\\\/\\\/centralialaw.com\\\/wp-content\\\/uploads\\\/2015\\\/12\\\/GMB4096-300x199.jpg\",\"contentUrl\":\"https:\\\/\\\/centralialaw.com\\\/wp-content\\\/uploads\\\/2015\\\/12\\\/GMB4096-300x199.jpg\"},{\"@type\":\"BreadcrumbList\",\"@id\":\"https:\\\/\\\/centralialaw.com\\\/es\\\/divocre-en-washington-los-bezos-compartiran-amazon\\\/#breadcrumb\",\"itemListElement\":[{\"@type\":\"ListItem\",\"position\":1,\"name\":\"Inicio\",\"item\":\"https:\\\/\\\/centralialaw.com\\\/es\\\/\"},{\"@type\":\"ListItem\",\"position\":2,\"name\":\"Divocre en Washington: \u00bfLos Bezos compartir\u00e1n Amazon?\"}]},{\"@type\":\"WebSite\",\"@id\":\"https:\\\/\\\/centralialaw.com\\\/es\\\/#website\",\"url\":\"https:\\\/\\\/centralialaw.com\\\/es\\\/\",\"name\":\"Centralia Law\",\"description\":\"Al servicio del estado de Washington desde hace m\u00e1s de 75 a\u00f1os - Althauser Rayan Abbarno \",\"publisher\":{\"@id\":\"https:\\\/\\\/centralialaw.com\\\/es\\\/#organization\"},\"potentialAction\":[{\"@type\":\"SearchAction\",\"target\":{\"@type\":\"EntryPoint\",\"urlTemplate\":\"https:\\\/\\\/centralialaw.com\\\/es\\\/?s={search_term_string}\"},\"query-input\":{\"@type\":\"PropertyValueSpecification\",\"valueRequired\":true,\"valueName\":\"search_term_string\"}}],\"inLanguage\":\"es\"},{\"@type\":\"Organization\",\"@id\":\"https:\\\/\\\/centralialaw.com\\\/es\\\/#organization\",\"name\":\"Ley Centralia\",\"url\":\"https:\\\/\\\/centralialaw.com\\\/es\\\/\",\"logo\":{\"@type\":\"ImageObject\",\"inLanguage\":\"es\",\"@id\":\"https:\\\/\\\/centralialaw.com\\\/es\\\/#\\\/schema\\\/logo\\\/image\\\/\",\"url\":\"https:\\\/\\\/centralialaw.com\\\/wp-content\\\/uploads\\\/2022\\\/05\\\/ARA-Logo.png\",\"contentUrl\":\"https:\\\/\\\/centralialaw.com\\\/wp-content\\\/uploads\\\/2022\\\/05\\\/ARA-Logo.png\",\"width\":1153,\"height\":364,\"caption\":\"Ley Centralia\"},\"image\":{\"@id\":\"https:\\\/\\\/centralialaw.com\\\/es\\\/#\\\/schema\\\/logo\\\/image\\\/\"},\"sameAs\":[\"https:\\\/\\\/www.facebook.com\\\/AlthauserRayanAbbarno\\\/\",\"https:\\\/\\\/x.com\\\/PeterAbbarno\"]},{\"@type\":\"Person\",\"@id\":\"https:\\\/\\\/centralialaw.com\\\/es\\\/#\\\/schema\\\/person\\\/c90a306e6cec19446363bb73622e38f0\",\"name\":\"silveragency\",\"image\":{\"@type\":\"ImageObject\",\"inLanguage\":\"es\",\"@id\":\"https:\\\/\\\/secure.gravatar.com\\\/avatar\\\/4651f4f7a0b935cb1de39e18a57f11b714fe08c8958a68707e471418252972e5?s=96&d=mm&r=g\",\"url\":\"https:\\\/\\\/secure.gravatar.com\\\/avatar\\\/4651f4f7a0b935cb1de39e18a57f11b714fe08c8958a68707e471418252972e5?s=96&d=mm&r=g\",\"contentUrl\":\"https:\\\/\\\/secure.gravatar.com\\\/avatar\\\/4651f4f7a0b935cb1de39e18a57f11b714fe08c8958a68707e471418252972e5?s=96&d=mm&r=g\",\"caption\":\"silveragency\"},\"sameAs\":[\"http:\\\/\\\/centralialaw.com\"],\"url\":\"https:\\\/\\\/centralialaw.com\\\/es\\\/author\\\/silveragency\\\/\"}]}<\/script>\n<!-- \/ Yoast SEO plugin. -->","yoast_head_json":{"title":"Divocre en Washington: \u00bfLos Bezos compartir\u00e1n Amazon? - Ley Centralia","robots":{"index":"index","follow":"follow","max-snippet":"max-snippet:-1","max-image-preview":"max-image-preview:large","max-video-preview":"max-video-preview:-1"},"canonical":"https:\/\/centralialaw.com\/es\/divocre-en-washington-los-bezos-compartiran-amazon\/","og_locale":"es_ES","og_type":"article","og_title":"Divocre en Washington: \u00bfLos Bezos compartir\u00e1n Amazon? - Ley Centralia","og_description":"El consejero delegado de Amazon, Jeff Bezos, y su esposa, MacKenzie, se divorcian, poniendo fin a un matrimonio de 25 a\u00f1os que desempe\u00f1\u00f3 un papel importante en la creaci\u00f3n de una empresa de comercio electr\u00f3nico que convirti\u00f3 a Bezos en una de las personas m\u00e1s ricas del mundo. La decisi\u00f3n de divorciarse llega tras una [&hellip;]","og_url":"https:\/\/centralialaw.com\/es\/divocre-en-washington-los-bezos-compartiran-amazon\/","og_site_name":"Ley Centralia","article_publisher":"https:\/\/www.facebook.com\/AlthauserRayanAbbarno\/","article_published_time":"2019-01-16T06:34:14+00:00","author":"silveragency","twitter_card":"summary_large_image","twitter_creator":"@PeterAbbarno","twitter_site":"@PeterAbbarno","twitter_misc":{"Written by":"silveragency","Est. reading time":"1 minuto"},"schema":{"@context":"https:\/\/schema.org","@graph":[{"@type":"Article","@id":"https:\/\/centralialaw.com\/es\/divocre-en-washington-los-bezos-compartiran-amazon\/#article","isPartOf":{"@id":"https:\/\/centralialaw.com\/es\/divocre-en-washington-los-bezos-compartiran-amazon\/"},"author":{"name":"silveragency","@id":"https:\/\/centralialaw.com\/es\/#\/schema\/person\/c90a306e6cec19446363bb73622e38f0"},"headline":"Divocre en Washington: \u00bfLos Bezos compartir\u00e1n Amazon?","datePublished":"2019-01-16T06:34:14+00:00","mainEntityOfPage":{"@id":"https:\/\/centralialaw.com\/es\/divocre-en-washington-los-bezos-compartiran-amazon\/"},"wordCount":225,"publisher":{"@id":"https:\/\/centralialaw.com\/es\/#organization"},"image":{"@id":"https:\/\/centralialaw.com\/es\/divocre-en-washington-los-bezos-compartiran-amazon\/#primaryimage"},"thumbnailUrl":"https:\/\/centralialaw.com\/wp-content\/uploads\/2015\/12\/GMB4096-300x199.jpg","inLanguage":"es"},{"@type":"WebPage","@id":"https:\/\/centralialaw.com\/es\/divocre-en-washington-los-bezos-compartiran-amazon\/","url":"https:\/\/centralialaw.com\/es\/divocre-en-washington-los-bezos-compartiran-amazon\/","name":"Divocre en Washington: \u00bfLos Bezos compartir\u00e1n Amazon? - Ley Centralia","isPartOf":{"@id":"https:\/\/centralialaw.com\/es\/#website"},"primaryImageOfPage":{"@id":"https:\/\/centralialaw.com\/es\/divocre-en-washington-los-bezos-compartiran-amazon\/#primaryimage"},"image":{"@id":"https:\/\/centralialaw.com\/es\/divocre-en-washington-los-bezos-compartiran-amazon\/#primaryimage"},"thumbnailUrl":"https:\/\/centralialaw.com\/wp-content\/uploads\/2015\/12\/GMB4096-300x199.jpg","datePublished":"2019-01-16T06:34:14+00:00","breadcrumb":{"@id":"https:\/\/centralialaw.com\/es\/divocre-en-washington-los-bezos-compartiran-amazon\/#breadcrumb"},"inLanguage":"es","potentialAction":[{"@type":"ReadAction","target":["https:\/\/centralialaw.com\/es\/divocre-en-washington-los-bezos-compartiran-amazon\/"]}]},{"@type":"ImageObject","inLanguage":"es","@id":"https:\/\/centralialaw.com\/es\/divocre-en-washington-los-bezos-compartiran-amazon\/#primaryimage","url":"https:\/\/centralialaw.com\/wp-content\/uploads\/2015\/12\/GMB4096-300x199.jpg","contentUrl":"https:\/\/centralialaw.com\/wp-content\/uploads\/2015\/12\/GMB4096-300x199.jpg"},{"@type":"BreadcrumbList","@id":"https:\/\/centralialaw.com\/es\/divocre-en-washington-los-bezos-compartiran-amazon\/#breadcrumb","itemListElement":[{"@type":"ListItem","position":1,"name":"Inicio","item":"https:\/\/centralialaw.com\/es\/"},{"@type":"ListItem","position":2,"name":"Divocre en Washington: \u00bfLos Bezos compartir\u00e1n Amazon?"}]},{"@type":"WebSite","@id":"https:\/\/centralialaw.com\/es\/#website","url":"https:\/\/centralialaw.com\/es\/","name":"Centralia Law","description":"Al servicio del estado de Washington desde hace m\u00e1s de 75 a\u00f1os - Althauser Rayan Abbarno ","publisher":{"@id":"https:\/\/centralialaw.com\/es\/#organization"},"potentialAction":[{"@type":"SearchAction","target":{"@type":"EntryPoint","urlTemplate":"https:\/\/centralialaw.com\/es\/?s={search_term_string}"},"query-input":{"@type":"PropertyValueSpecification","valueRequired":true,"valueName":"search_term_string"}}],"inLanguage":"es"},{"@type":"Organization","@id":"https:\/\/centralialaw.com\/es\/#organization","name":"Ley Centralia","url":"https:\/\/centralialaw.com\/es\/","logo":{"@type":"ImageObject","inLanguage":"es","@id":"https:\/\/centralialaw.com\/es\/#\/schema\/logo\/image\/","url":"https:\/\/centralialaw.com\/wp-content\/uploads\/2022\/05\/ARA-Logo.png","contentUrl":"https:\/\/centralialaw.com\/wp-content\/uploads\/2022\/05\/ARA-Logo.png","width":1153,"height":364,"caption":"Ley Centralia"},"image":{"@id":"https:\/\/centralialaw.com\/es\/#\/schema\/logo\/image\/"},"sameAs":["https:\/\/www.facebook.com\/AlthauserRayanAbbarno\/","https:\/\/x.com\/PeterAbbarno"]},{"@type":"Person","@id":"https:\/\/centralialaw.com\/es\/#\/schema\/person\/c90a306e6cec19446363bb73622e38f0","name":"silveragency","image":{"@type":"ImageObject","inLanguage":"es","@id":"https:\/\/secure.gravatar.com\/avatar\/4651f4f7a0b935cb1de39e18a57f11b714fe08c8958a68707e471418252972e5?s=96&d=mm&r=g","url":"https:\/\/secure.gravatar.com\/avatar\/4651f4f7a0b935cb1de39e18a57f11b714fe08c8958a68707e471418252972e5?s=96&d=mm&r=g","contentUrl":"https:\/\/secure.gravatar.com\/avatar\/4651f4f7a0b935cb1de39e18a57f11b714fe08c8958a68707e471418252972e5?s=96&d=mm&r=g","caption":"silveragency"},"sameAs":["http:\/\/centralialaw.com"],"url":"https:\/\/centralialaw.com\/es\/author\/silveragency\/"}]}},"_links":{"self":[{"href":"https:\/\/centralialaw.com\/es\/wp-json\/wp\/v2\/posts\/17735","targetHints":{"allow":["GET"]}}],"collection":[{"href":"https:\/\/centralialaw.com\/es\/wp-json\/wp\/v2\/posts"}],"about":[{"href":"https:\/\/centralialaw.com\/es\/wp-json\/wp\/v2\/types\/post"}],"author":[{"embeddable":true,"href":"https:\/\/centralialaw.com\/es\/wp-json\/wp\/v2\/users\/1"}],"replies":[{"embeddable":true,"href":"https:\/\/centralialaw.com\/es\/wp-json\/wp\/v2\/comments?post=17735"}],"version-history":[{"count":0,"href":"https:\/\/centralialaw.com\/es\/wp-json\/wp\/v2\/posts\/17735\/revisions"}],"wp:attachment":[{"href":"https:\/\/centralialaw.com\/es\/wp-json\/wp\/v2\/media?parent=17735"}],"wp:term":[{"taxonomy":"category","embeddable":true,"href":"https:\/\/centralialaw.com\/es\/wp-json\/wp\/v2\/categories?post=17735"},{"taxonomy":"post_tag","embeddable":true,"href":"https:\/\/centralialaw.com\/es\/wp-json\/wp\/v2\/tags?post=17735"}],"curies":[{"name":"wp","href":"https:\/\/api.w.org\/{rel}","templated":true}]}}