{"id":17736,"date":"2019-01-15T22:29:26","date_gmt":"2019-01-16T06:29:26","guid":{"rendered":"https:\/\/centralialaw.com\/los-abogados-locales-reconocen-el-dia-de-apreciacion-de-las-fuerzas-de-seguridad\/"},"modified":"2019-01-15T22:29:26","modified_gmt":"2019-01-16T06:29:26","slug":"los-abogados-locales-reconocen-el-dia-de-apreciacion-de-las-fuerzas-de-seguridad","status":"publish","type":"post","link":"https:\/\/centralialaw.com\/es\/los-abogados-locales-reconocen-el-dia-de-apreciacion-de-las-fuerzas-de-seguridad\/","title":{"rendered":"Los abogados locales reconocen el D\u00eda de Apreciaci\u00f3n de las Fuerzas de Seguridad"},"content":{"rendered":"<p>Los abogados y el personal de <a href=\"https:\/\/centralialaw.com\/es\/\">Althauser Rayan Abbarno, LLP<\/a> est\u00e1n muy agradecidos a los hombres y mujeres de las fuerzas del orden que nos mantienen a salvo a diario.<\/p>\n<p><a href=\"https:\/\/centralialaw.com\/wp-content\/uploads\/2019\/01\/50303255_1258540220951527_5082758417999724544_n.jpg\"><img loading=\"lazy\" decoding=\"async\" class=\"size-medium wp-image-3156 alignleft\" src=\"https:\/\/centralialaw.com\/wp-content\/uploads\/2019\/01\/50303255_1258540220951527_5082758417999724544_n-300x225.jpg\" alt=\"\" width=\"300\" height=\"225\"><\/a>Ayer, D\u00eda de Agradecimiento a las Fuerzas de Seguridad, Peter Abbarno, socio de Althauser Rayan Abbarno, entreg\u00f3 bocadillos a las fuerzas de seguridad locales. \u00a1Gracias al Sheriff Rob Snaza y a la Oficina del Sheriff del Condado de Lewis, al Jefe Nielsen y al Departamento de Polic\u00eda de Centralia, WA, al Jefe Schaffer y al Departamento de Polic\u00eda de Chehalis, a la Patrulla Estatal de Washington, a la Orden Fraternal de Polic\u00eda del Estado de Washington, al Consejo de Polic\u00edas y Sheriffs de Washington (WACOPS), y a todos los hombres y mujeres de nuestro Pa\u00eds y Estado que trabajan a diario para mantenernos a salvo! \u00a1Gracias a todos!  <\/p>\n","protected":false},"excerpt":{"rendered":"<p>Los abogados y el personal de Althauser Rayan Abbarno, LLP est\u00e1n muy agradecidos a los hombres y mujeres de las fuerzas del orden que nos mantienen a salvo a diario. Ayer, D\u00eda de Agradecimiento a las Fuerzas de Seguridad, Peter Abbarno, socio de Althauser Rayan Abbarno, entreg\u00f3 bocadillos a las fuerzas de seguridad locales. \u00a1Gracias [&hellip;]<\/p>\n","protected":false},"author":1,"featured_media":0,"comment_status":"closed","ping_status":"open","sticky":false,"template":"","format":"standard","meta":{"_et_pb_use_builder":"","_et_pb_old_content":"","_et_gb_content_width":"","footnotes":""},"categories":[361],"tags":[],"class_list":["post-17736","post","type-post","status-publish","format-standard","hentry","category-sin-categoria"],"yoast_head":"<!-- This site is optimized with the Yoast SEO plugin v27.5 - https:\/\/yoast.com\/product\/yoast-seo-wordpress\/ -->\n<title>Los abogados locales reconocen el D\u00eda de Apreciaci\u00f3n de las Fuerzas de Seguridad - Ley Centralia<\/title>\n<meta name=\"description\" content=\"Peter Abbarno, socio de Althauser Rayan Abbarno, entreg\u00f3 bocadillos a las fuerzas del orden locales en reconocimiento del D\u00eda de Agradecimiento a las Fuerzas del Orden.\" \/>\n<meta name=\"robots\" content=\"index, follow, max-snippet:-1, max-image-preview:large, max-video-preview:-1\" \/>\n<link rel=\"canonical\" href=\"https:\/\/centralialaw.com\/es\/los-abogados-locales-reconocen-el-dia-de-apreciacion-de-las-fuerzas-de-seguridad\/\" \/>\n<meta property=\"og:locale\" content=\"es_ES\" \/>\n<meta property=\"og:type\" content=\"article\" \/>\n<meta property=\"og:title\" content=\"Los abogados locales reconocen el D\u00eda de Apreciaci\u00f3n de las Fuerzas de Seguridad - Ley Centralia\" \/>\n<meta property=\"og:description\" content=\"Peter Abbarno, socio de Althauser Rayan Abbarno, entreg\u00f3 bocadillos a las fuerzas del orden locales en reconocimiento del D\u00eda de Agradecimiento a las Fuerzas del Orden.\" \/>\n<meta property=\"og:url\" content=\"https:\/\/centralialaw.com\/es\/los-abogados-locales-reconocen-el-dia-de-apreciacion-de-las-fuerzas-de-seguridad\/\" \/>\n<meta property=\"og:site_name\" content=\"Ley Centralia\" \/>\n<meta property=\"article:publisher\" content=\"https:\/\/www.facebook.com\/AlthauserRayanAbbarno\/\" \/>\n<meta property=\"article:published_time\" content=\"2019-01-16T06:29:26+00:00\" \/>\n<meta name=\"author\" content=\"silveragency\" \/>\n<meta name=\"twitter:card\" content=\"summary_large_image\" \/>\n<meta name=\"twitter:creator\" content=\"@PeterAbbarno\" \/>\n<meta name=\"twitter:site\" content=\"@PeterAbbarno\" \/>\n<meta name=\"twitter:label1\" content=\"Written by\" \/>\n\t<meta name=\"twitter:data1\" content=\"silveragency\" \/>\n\t<meta name=\"twitter:label2\" content=\"Est. reading time\" \/>\n\t<meta name=\"twitter:data2\" content=\"1 minuto\" \/>\n<script type=\"application\/ld+json\" class=\"yoast-schema-graph\">{\"@context\":\"https:\\\/\\\/schema.org\",\"@graph\":[{\"@type\":\"Article\",\"@id\":\"https:\\\/\\\/centralialaw.com\\\/es\\\/los-abogados-locales-reconocen-el-dia-de-apreciacion-de-las-fuerzas-de-seguridad\\\/#article\",\"isPartOf\":{\"@id\":\"https:\\\/\\\/centralialaw.com\\\/es\\\/los-abogados-locales-reconocen-el-dia-de-apreciacion-de-las-fuerzas-de-seguridad\\\/\"},\"author\":{\"name\":\"silveragency\",\"@id\":\"https:\\\/\\\/centralialaw.com\\\/es\\\/#\\\/schema\\\/person\\\/c90a306e6cec19446363bb73622e38f0\"},\"headline\":\"Los abogados locales reconocen el D\u00eda de Apreciaci\u00f3n de las Fuerzas de Seguridad\",\"datePublished\":\"2019-01-16T06:29:26+00:00\",\"mainEntityOfPage\":{\"@id\":\"https:\\\/\\\/centralialaw.com\\\/es\\\/los-abogados-locales-reconocen-el-dia-de-apreciacion-de-las-fuerzas-de-seguridad\\\/\"},\"wordCount\":160,\"publisher\":{\"@id\":\"https:\\\/\\\/centralialaw.com\\\/es\\\/#organization\"},\"image\":{\"@id\":\"https:\\\/\\\/centralialaw.com\\\/es\\\/los-abogados-locales-reconocen-el-dia-de-apreciacion-de-las-fuerzas-de-seguridad\\\/#primaryimage\"},\"thumbnailUrl\":\"https:\\\/\\\/centralialaw.com\\\/wp-content\\\/uploads\\\/2019\\\/01\\\/50303255_1258540220951527_5082758417999724544_n-300x225.jpg\",\"inLanguage\":\"es\"},{\"@type\":\"WebPage\",\"@id\":\"https:\\\/\\\/centralialaw.com\\\/es\\\/los-abogados-locales-reconocen-el-dia-de-apreciacion-de-las-fuerzas-de-seguridad\\\/\",\"url\":\"https:\\\/\\\/centralialaw.com\\\/es\\\/los-abogados-locales-reconocen-el-dia-de-apreciacion-de-las-fuerzas-de-seguridad\\\/\",\"name\":\"Los abogados locales reconocen el D\u00eda de Apreciaci\u00f3n de las Fuerzas de Seguridad - Ley Centralia\",\"isPartOf\":{\"@id\":\"https:\\\/\\\/centralialaw.com\\\/es\\\/#website\"},\"primaryImageOfPage\":{\"@id\":\"https:\\\/\\\/centralialaw.com\\\/es\\\/los-abogados-locales-reconocen-el-dia-de-apreciacion-de-las-fuerzas-de-seguridad\\\/#primaryimage\"},\"image\":{\"@id\":\"https:\\\/\\\/centralialaw.com\\\/es\\\/los-abogados-locales-reconocen-el-dia-de-apreciacion-de-las-fuerzas-de-seguridad\\\/#primaryimage\"},\"thumbnailUrl\":\"https:\\\/\\\/centralialaw.com\\\/wp-content\\\/uploads\\\/2019\\\/01\\\/50303255_1258540220951527_5082758417999724544_n-300x225.jpg\",\"datePublished\":\"2019-01-16T06:29:26+00:00\",\"description\":\"Peter Abbarno, socio de Althauser Rayan Abbarno, entreg\u00f3 bocadillos a las fuerzas del orden locales en reconocimiento del D\u00eda de Agradecimiento a las Fuerzas del Orden.\",\"breadcrumb\":{\"@id\":\"https:\\\/\\\/centralialaw.com\\\/es\\\/los-abogados-locales-reconocen-el-dia-de-apreciacion-de-las-fuerzas-de-seguridad\\\/#breadcrumb\"},\"inLanguage\":\"es\",\"potentialAction\":[{\"@type\":\"ReadAction\",\"target\":[\"https:\\\/\\\/centralialaw.com\\\/es\\\/los-abogados-locales-reconocen-el-dia-de-apreciacion-de-las-fuerzas-de-seguridad\\\/\"]}]},{\"@type\":\"ImageObject\",\"inLanguage\":\"es\",\"@id\":\"https:\\\/\\\/centralialaw.com\\\/es\\\/los-abogados-locales-reconocen-el-dia-de-apreciacion-de-las-fuerzas-de-seguridad\\\/#primaryimage\",\"url\":\"https:\\\/\\\/centralialaw.com\\\/wp-content\\\/uploads\\\/2019\\\/01\\\/50303255_1258540220951527_5082758417999724544_n-300x225.jpg\",\"contentUrl\":\"https:\\\/\\\/centralialaw.com\\\/wp-content\\\/uploads\\\/2019\\\/01\\\/50303255_1258540220951527_5082758417999724544_n-300x225.jpg\"},{\"@type\":\"BreadcrumbList\",\"@id\":\"https:\\\/\\\/centralialaw.com\\\/es\\\/los-abogados-locales-reconocen-el-dia-de-apreciacion-de-las-fuerzas-de-seguridad\\\/#breadcrumb\",\"itemListElement\":[{\"@type\":\"ListItem\",\"position\":1,\"name\":\"Inicio\",\"item\":\"https:\\\/\\\/centralialaw.com\\\/es\\\/\"},{\"@type\":\"ListItem\",\"position\":2,\"name\":\"Los abogados locales reconocen el D\u00eda de Apreciaci\u00f3n de las Fuerzas de Seguridad\"}]},{\"@type\":\"WebSite\",\"@id\":\"https:\\\/\\\/centralialaw.com\\\/es\\\/#website\",\"url\":\"https:\\\/\\\/centralialaw.com\\\/es\\\/\",\"name\":\"Centralia Law\",\"description\":\"Al servicio del estado de Washington desde hace m\u00e1s de 75 a\u00f1os - Althauser Rayan Abbarno \",\"publisher\":{\"@id\":\"https:\\\/\\\/centralialaw.com\\\/es\\\/#organization\"},\"potentialAction\":[{\"@type\":\"SearchAction\",\"target\":{\"@type\":\"EntryPoint\",\"urlTemplate\":\"https:\\\/\\\/centralialaw.com\\\/es\\\/?s={search_term_string}\"},\"query-input\":{\"@type\":\"PropertyValueSpecification\",\"valueRequired\":true,\"valueName\":\"search_term_string\"}}],\"inLanguage\":\"es\"},{\"@type\":\"Organization\",\"@id\":\"https:\\\/\\\/centralialaw.com\\\/es\\\/#organization\",\"name\":\"Ley Centralia\",\"url\":\"https:\\\/\\\/centralialaw.com\\\/es\\\/\",\"logo\":{\"@type\":\"ImageObject\",\"inLanguage\":\"es\",\"@id\":\"https:\\\/\\\/centralialaw.com\\\/es\\\/#\\\/schema\\\/logo\\\/image\\\/\",\"url\":\"https:\\\/\\\/centralialaw.com\\\/wp-content\\\/uploads\\\/2022\\\/05\\\/ARA-Logo.png\",\"contentUrl\":\"https:\\\/\\\/centralialaw.com\\\/wp-content\\\/uploads\\\/2022\\\/05\\\/ARA-Logo.png\",\"width\":1153,\"height\":364,\"caption\":\"Ley Centralia\"},\"image\":{\"@id\":\"https:\\\/\\\/centralialaw.com\\\/es\\\/#\\\/schema\\\/logo\\\/image\\\/\"},\"sameAs\":[\"https:\\\/\\\/www.facebook.com\\\/AlthauserRayanAbbarno\\\/\",\"https:\\\/\\\/x.com\\\/PeterAbbarno\"]},{\"@type\":\"Person\",\"@id\":\"https:\\\/\\\/centralialaw.com\\\/es\\\/#\\\/schema\\\/person\\\/c90a306e6cec19446363bb73622e38f0\",\"name\":\"silveragency\",\"image\":{\"@type\":\"ImageObject\",\"inLanguage\":\"es\",\"@id\":\"https:\\\/\\\/secure.gravatar.com\\\/avatar\\\/4651f4f7a0b935cb1de39e18a57f11b714fe08c8958a68707e471418252972e5?s=96&d=mm&r=g\",\"url\":\"https:\\\/\\\/secure.gravatar.com\\\/avatar\\\/4651f4f7a0b935cb1de39e18a57f11b714fe08c8958a68707e471418252972e5?s=96&d=mm&r=g\",\"contentUrl\":\"https:\\\/\\\/secure.gravatar.com\\\/avatar\\\/4651f4f7a0b935cb1de39e18a57f11b714fe08c8958a68707e471418252972e5?s=96&d=mm&r=g\",\"caption\":\"silveragency\"},\"sameAs\":[\"http:\\\/\\\/centralialaw.com\"],\"url\":\"https:\\\/\\\/centralialaw.com\\\/es\\\/author\\\/silveragency\\\/\"}]}<\/script>\n<!-- \/ Yoast SEO plugin. -->","yoast_head_json":{"title":"Los abogados locales reconocen el D\u00eda de Apreciaci\u00f3n de las Fuerzas de Seguridad - Ley Centralia","description":"Peter Abbarno, socio de Althauser Rayan Abbarno, entreg\u00f3 bocadillos a las fuerzas del orden locales en reconocimiento del D\u00eda de Agradecimiento a las Fuerzas del Orden.","robots":{"index":"index","follow":"follow","max-snippet":"max-snippet:-1","max-image-preview":"max-image-preview:large","max-video-preview":"max-video-preview:-1"},"canonical":"https:\/\/centralialaw.com\/es\/los-abogados-locales-reconocen-el-dia-de-apreciacion-de-las-fuerzas-de-seguridad\/","og_locale":"es_ES","og_type":"article","og_title":"Los abogados locales reconocen el D\u00eda de Apreciaci\u00f3n de las Fuerzas de Seguridad - Ley Centralia","og_description":"Peter Abbarno, socio de Althauser Rayan Abbarno, entreg\u00f3 bocadillos a las fuerzas del orden locales en reconocimiento del D\u00eda de Agradecimiento a las Fuerzas del Orden.","og_url":"https:\/\/centralialaw.com\/es\/los-abogados-locales-reconocen-el-dia-de-apreciacion-de-las-fuerzas-de-seguridad\/","og_site_name":"Ley Centralia","article_publisher":"https:\/\/www.facebook.com\/AlthauserRayanAbbarno\/","article_published_time":"2019-01-16T06:29:26+00:00","author":"silveragency","twitter_card":"summary_large_image","twitter_creator":"@PeterAbbarno","twitter_site":"@PeterAbbarno","twitter_misc":{"Written by":"silveragency","Est. reading time":"1 minuto"},"schema":{"@context":"https:\/\/schema.org","@graph":[{"@type":"Article","@id":"https:\/\/centralialaw.com\/es\/los-abogados-locales-reconocen-el-dia-de-apreciacion-de-las-fuerzas-de-seguridad\/#article","isPartOf":{"@id":"https:\/\/centralialaw.com\/es\/los-abogados-locales-reconocen-el-dia-de-apreciacion-de-las-fuerzas-de-seguridad\/"},"author":{"name":"silveragency","@id":"https:\/\/centralialaw.com\/es\/#\/schema\/person\/c90a306e6cec19446363bb73622e38f0"},"headline":"Los abogados locales reconocen el D\u00eda de Apreciaci\u00f3n de las Fuerzas de Seguridad","datePublished":"2019-01-16T06:29:26+00:00","mainEntityOfPage":{"@id":"https:\/\/centralialaw.com\/es\/los-abogados-locales-reconocen-el-dia-de-apreciacion-de-las-fuerzas-de-seguridad\/"},"wordCount":160,"publisher":{"@id":"https:\/\/centralialaw.com\/es\/#organization"},"image":{"@id":"https:\/\/centralialaw.com\/es\/los-abogados-locales-reconocen-el-dia-de-apreciacion-de-las-fuerzas-de-seguridad\/#primaryimage"},"thumbnailUrl":"https:\/\/centralialaw.com\/wp-content\/uploads\/2019\/01\/50303255_1258540220951527_5082758417999724544_n-300x225.jpg","inLanguage":"es"},{"@type":"WebPage","@id":"https:\/\/centralialaw.com\/es\/los-abogados-locales-reconocen-el-dia-de-apreciacion-de-las-fuerzas-de-seguridad\/","url":"https:\/\/centralialaw.com\/es\/los-abogados-locales-reconocen-el-dia-de-apreciacion-de-las-fuerzas-de-seguridad\/","name":"Los abogados locales reconocen el D\u00eda de Apreciaci\u00f3n de las Fuerzas de Seguridad - Ley Centralia","isPartOf":{"@id":"https:\/\/centralialaw.com\/es\/#website"},"primaryImageOfPage":{"@id":"https:\/\/centralialaw.com\/es\/los-abogados-locales-reconocen-el-dia-de-apreciacion-de-las-fuerzas-de-seguridad\/#primaryimage"},"image":{"@id":"https:\/\/centralialaw.com\/es\/los-abogados-locales-reconocen-el-dia-de-apreciacion-de-las-fuerzas-de-seguridad\/#primaryimage"},"thumbnailUrl":"https:\/\/centralialaw.com\/wp-content\/uploads\/2019\/01\/50303255_1258540220951527_5082758417999724544_n-300x225.jpg","datePublished":"2019-01-16T06:29:26+00:00","description":"Peter Abbarno, socio de Althauser Rayan Abbarno, entreg\u00f3 bocadillos a las fuerzas del orden locales en reconocimiento del D\u00eda de Agradecimiento a las Fuerzas del Orden.","breadcrumb":{"@id":"https:\/\/centralialaw.com\/es\/los-abogados-locales-reconocen-el-dia-de-apreciacion-de-las-fuerzas-de-seguridad\/#breadcrumb"},"inLanguage":"es","potentialAction":[{"@type":"ReadAction","target":["https:\/\/centralialaw.com\/es\/los-abogados-locales-reconocen-el-dia-de-apreciacion-de-las-fuerzas-de-seguridad\/"]}]},{"@type":"ImageObject","inLanguage":"es","@id":"https:\/\/centralialaw.com\/es\/los-abogados-locales-reconocen-el-dia-de-apreciacion-de-las-fuerzas-de-seguridad\/#primaryimage","url":"https:\/\/centralialaw.com\/wp-content\/uploads\/2019\/01\/50303255_1258540220951527_5082758417999724544_n-300x225.jpg","contentUrl":"https:\/\/centralialaw.com\/wp-content\/uploads\/2019\/01\/50303255_1258540220951527_5082758417999724544_n-300x225.jpg"},{"@type":"BreadcrumbList","@id":"https:\/\/centralialaw.com\/es\/los-abogados-locales-reconocen-el-dia-de-apreciacion-de-las-fuerzas-de-seguridad\/#breadcrumb","itemListElement":[{"@type":"ListItem","position":1,"name":"Inicio","item":"https:\/\/centralialaw.com\/es\/"},{"@type":"ListItem","position":2,"name":"Los abogados locales reconocen el D\u00eda de Apreciaci\u00f3n de las Fuerzas de Seguridad"}]},{"@type":"WebSite","@id":"https:\/\/centralialaw.com\/es\/#website","url":"https:\/\/centralialaw.com\/es\/","name":"Centralia Law","description":"Al servicio del estado de Washington desde hace m\u00e1s de 75 a\u00f1os - Althauser Rayan Abbarno ","publisher":{"@id":"https:\/\/centralialaw.com\/es\/#organization"},"potentialAction":[{"@type":"SearchAction","target":{"@type":"EntryPoint","urlTemplate":"https:\/\/centralialaw.com\/es\/?s={search_term_string}"},"query-input":{"@type":"PropertyValueSpecification","valueRequired":true,"valueName":"search_term_string"}}],"inLanguage":"es"},{"@type":"Organization","@id":"https:\/\/centralialaw.com\/es\/#organization","name":"Ley Centralia","url":"https:\/\/centralialaw.com\/es\/","logo":{"@type":"ImageObject","inLanguage":"es","@id":"https:\/\/centralialaw.com\/es\/#\/schema\/logo\/image\/","url":"https:\/\/centralialaw.com\/wp-content\/uploads\/2022\/05\/ARA-Logo.png","contentUrl":"https:\/\/centralialaw.com\/wp-content\/uploads\/2022\/05\/ARA-Logo.png","width":1153,"height":364,"caption":"Ley Centralia"},"image":{"@id":"https:\/\/centralialaw.com\/es\/#\/schema\/logo\/image\/"},"sameAs":["https:\/\/www.facebook.com\/AlthauserRayanAbbarno\/","https:\/\/x.com\/PeterAbbarno"]},{"@type":"Person","@id":"https:\/\/centralialaw.com\/es\/#\/schema\/person\/c90a306e6cec19446363bb73622e38f0","name":"silveragency","image":{"@type":"ImageObject","inLanguage":"es","@id":"https:\/\/secure.gravatar.com\/avatar\/4651f4f7a0b935cb1de39e18a57f11b714fe08c8958a68707e471418252972e5?s=96&d=mm&r=g","url":"https:\/\/secure.gravatar.com\/avatar\/4651f4f7a0b935cb1de39e18a57f11b714fe08c8958a68707e471418252972e5?s=96&d=mm&r=g","contentUrl":"https:\/\/secure.gravatar.com\/avatar\/4651f4f7a0b935cb1de39e18a57f11b714fe08c8958a68707e471418252972e5?s=96&d=mm&r=g","caption":"silveragency"},"sameAs":["http:\/\/centralialaw.com"],"url":"https:\/\/centralialaw.com\/es\/author\/silveragency\/"}]}},"_links":{"self":[{"href":"https:\/\/centralialaw.com\/es\/wp-json\/wp\/v2\/posts\/17736","targetHints":{"allow":["GET"]}}],"collection":[{"href":"https:\/\/centralialaw.com\/es\/wp-json\/wp\/v2\/posts"}],"about":[{"href":"https:\/\/centralialaw.com\/es\/wp-json\/wp\/v2\/types\/post"}],"author":[{"embeddable":true,"href":"https:\/\/centralialaw.com\/es\/wp-json\/wp\/v2\/users\/1"}],"replies":[{"embeddable":true,"href":"https:\/\/centralialaw.com\/es\/wp-json\/wp\/v2\/comments?post=17736"}],"version-history":[{"count":0,"href":"https:\/\/centralialaw.com\/es\/wp-json\/wp\/v2\/posts\/17736\/revisions"}],"wp:attachment":[{"href":"https:\/\/centralialaw.com\/es\/wp-json\/wp\/v2\/media?parent=17736"}],"wp:term":[{"taxonomy":"category","embeddable":true,"href":"https:\/\/centralialaw.com\/es\/wp-json\/wp\/v2\/categories?post=17736"},{"taxonomy":"post_tag","embeddable":true,"href":"https:\/\/centralialaw.com\/es\/wp-json\/wp\/v2\/tags?post=17736"}],"curies":[{"name":"wp","href":"https:\/\/api.w.org\/{rel}","templated":true}]}}