{"id":17763,"date":"2018-03-19T16:49:59","date_gmt":"2018-03-19T23:49:59","guid":{"rendered":"https:\/\/centralialaw.com\/althauser-rayan-abbarno-patrocina-la-carrera-comunitaria-5k-del-dia-de-san-patricio\/"},"modified":"2025-05-30T12:41:33","modified_gmt":"2025-05-30T19:41:33","slug":"althauser-rayan-abbarno-patrocina-la-carrera-comunitaria-5k-del-dia-de-san-patricio","status":"publish","type":"post","link":"https:\/\/centralialaw.com\/es\/althauser-rayan-abbarno-patrocina-la-carrera-comunitaria-5k-del-dia-de-san-patricio\/","title":{"rendered":"Althauser Rayan Abbarno patrocina la carrera comunitaria 5k del D\u00eda de San Patricio"},"content":{"rendered":"<p>Los abogados y el personal de Althauser Rayan Abbarno se enorgullecen de haber patrocinado el 5k Community Dash del D\u00eda de San Patricio 2018, organizado por el <a href=\"https:\/\/www.facebook.com\/runamokirishcentralia\/\">Run Amok Irish Running Club<\/a>de Centralia. <a href=\"https:\/\/www.facebook.com\/AlthauserRayanAbbarno\/\">Althauser Rayan Abbarno<\/a> es un bufete de abogados con oficinas en Centralia y Olympia.<\/p>\n<p><a href=\"https:\/\/centralialaw.com\/wp-content\/uploads\/2018\/03\/29340569_1644750825561237_972904995733405760_n.jpg\"><img loading=\"lazy\" decoding=\"async\" class=\"size-medium wp-image-1075 alignleft\" src=\"https:\/\/centralialaw.com\/wp-content\/uploads\/2018\/03\/29340569_1644750825561237_972904995733405760_n-300x169.jpg\" alt=\"\" width=\"300\" height=\"169\"><\/a>\u201cEs el tercer a\u00f1o consecutivo que patrocinamos este gran evento comunitario\u201d, dijo <a href=\"https:\/\/www.facebook.com\/peter.abbarno\">Peter Abbarno<\/a>, Socio de <a href=\"https:\/\/centralialaw.com\/es\/\">Althauser Rayan Abbarno<\/a>. \u201c\u00a1Este a\u00f1o participaron m\u00e1s de 250 corredores y caminantes!\u201d. <\/p>\n<p>Althauser Rayan Abbarno sorte\u00f3 un televisor LED y un Echo Dot entre los participantes inscritos en la carrera de 5 km. Tambi\u00e9n hubo botellas de agua gratuitas para los participantes inscritos. <\/p>\n<p><a href=\"https:\/\/centralialaw.com\/wp-content\/uploads\/2018\/03\/29314086_1644750875561232_929342289520925811_n.jpg\"><img loading=\"lazy\" decoding=\"async\" class=\"size-medium wp-image-1074 alignleft\" src=\"https:\/\/centralialaw.com\/wp-content\/uploads\/2018\/03\/29314086_1644750875561232_929342289520925811_n-300x175.jpg\" alt=\"\" width=\"300\" height=\"175\"><\/a>\u201cHace mucho tiempo, nuestro bufete de abogados hizo un esfuerzo consciente por ser m\u00e1s activo en eventos divertidos, saludables y familiares\u201d, dijo Todd Rayan, Socio de Althauser Rayan Abbarno. \u201cEl bufete lleva m\u00e1s de 70 a\u00f1os en esta comunidad y vemos un valor real en la participaci\u00f3n comunitaria\u201d. <\/p>\n<p>El Club Irland\u00e9s de Corredores Run Amok se re\u00fane todos los jueves entre el D\u00eda de San Patricio y Halloween a las 17:30 en el pub irland\u00e9s O \u201cBlarney\u201d s, junto al bufete de abogados Althauser Rayan Abbarno. El grupo hace una carrera\/marcha de 3 millas cada semana, con los caminantes empezando a las 5:45pm y los corredores empezando a las 6:00pm. <\/p>\n<p><a href=\"https:\/\/centralialaw.com\/wp-content\/uploads\/2018\/03\/29261135_1644750768894576_3734744394258857996_n.jpg\"><img loading=\"lazy\" decoding=\"async\" class=\"size-medium wp-image-1076 alignleft\" src=\"https:\/\/centralialaw.com\/wp-content\/uploads\/2018\/03\/29261135_1644750768894576_3734744394258857996_n-300x300.jpg\" alt=\"\" width=\"300\" height=\"300\"><\/a>\u201cTe animamos a que visites el Club Run Amok los jueves y formes parte de algo realmente especial\u201d, dijo Abbarno.<\/p>\n","protected":false},"excerpt":{"rendered":"<p>Los abogados y el personal de Althauser Rayan Abbarno se enorgullecen de haber patrocinado el 5k Community Dash del D\u00eda de San Patricio 2018, organizado por el Run Amok Irish Running Clubde Centralia. Althauser Rayan Abbarno es un bufete de abogados con oficinas en Centralia y Olympia. \u201cEs el tercer a\u00f1o consecutivo que patrocinamos este [&hellip;]<\/p>\n","protected":false},"author":2,"featured_media":0,"comment_status":"closed","ping_status":"open","sticky":false,"template":"","format":"gallery","meta":{"_et_pb_use_builder":"","_et_pb_old_content":"","_et_gb_content_width":"","footnotes":""},"categories":[361],"tags":[389,637,369,372],"class_list":["post-17763","post","type-post","status-publish","format-gallery","hentry","category-sin-categoria","tag-abogado-es-2","tag-abogado-es-4","tag-centralia-es","tag-olimpia","post_format-post-format-gallery"],"yoast_head":"<!-- This site is optimized with the Yoast SEO plugin v27.4 - https:\/\/yoast.com\/product\/yoast-seo-wordpress\/ -->\n<title>Althauser Rayan Abbarno patrocina la carrera 5k del D\u00eda de San Patricio<\/title>\n<meta name=\"robots\" content=\"index, follow, max-snippet:-1, max-image-preview:large, max-video-preview:-1\" \/>\n<link rel=\"canonical\" href=\"https:\/\/centralialaw.com\/es\/althauser-rayan-abbarno-patrocina-la-carrera-comunitaria-5k-del-dia-de-san-patricio\/\" \/>\n<meta property=\"og:locale\" content=\"es_ES\" \/>\n<meta property=\"og:type\" content=\"article\" \/>\n<meta property=\"og:title\" content=\"Althauser Rayan Abbarno patrocina la carrera 5k del D\u00eda de San Patricio\" \/>\n<meta property=\"og:description\" content=\"Los abogados y el personal de Althauser Rayan Abbarno se enorgullecen de haber patrocinado el 5k Community Dash del D\u00eda de San Patricio 2018, organizado por el Run Amok Irish Running Clubde Centralia. Althauser Rayan Abbarno es un bufete de abogados con oficinas en Centralia y Olympia. \u201cEs el tercer a\u00f1o consecutivo que patrocinamos este [&hellip;]\" \/>\n<meta property=\"og:url\" content=\"https:\/\/centralialaw.com\/es\/althauser-rayan-abbarno-patrocina-la-carrera-comunitaria-5k-del-dia-de-san-patricio\/\" \/>\n<meta property=\"og:site_name\" content=\"Ley Centralia\" \/>\n<meta property=\"article:publisher\" content=\"https:\/\/www.facebook.com\/AlthauserRayanAbbarno\/\" \/>\n<meta property=\"article:published_time\" content=\"2018-03-19T23:49:59+00:00\" \/>\n<meta property=\"article:modified_time\" content=\"2025-05-30T19:41:33+00:00\" \/>\n<meta name=\"author\" content=\"Peter Abbarno\" \/>\n<meta name=\"twitter:card\" content=\"summary_large_image\" \/>\n<meta name=\"twitter:creator\" content=\"@PeterAbbarno\" \/>\n<meta name=\"twitter:site\" content=\"@PeterAbbarno\" \/>\n<meta name=\"twitter:label1\" content=\"Written by\" \/>\n\t<meta name=\"twitter:data1\" content=\"Peter Abbarno\" \/>\n\t<meta name=\"twitter:label2\" content=\"Est. reading time\" \/>\n\t<meta name=\"twitter:data2\" content=\"1 minuto\" \/>\n<script type=\"application\/ld+json\" class=\"yoast-schema-graph\">{\"@context\":\"https:\\\/\\\/schema.org\",\"@graph\":[{\"@type\":\"Article\",\"@id\":\"https:\\\/\\\/centralialaw.com\\\/es\\\/althauser-rayan-abbarno-patrocina-la-carrera-comunitaria-5k-del-dia-de-san-patricio\\\/#article\",\"isPartOf\":{\"@id\":\"https:\\\/\\\/centralialaw.com\\\/es\\\/althauser-rayan-abbarno-patrocina-la-carrera-comunitaria-5k-del-dia-de-san-patricio\\\/\"},\"author\":{\"name\":\"Peter Abbarno\",\"@id\":\"https:\\\/\\\/centralialaw.com\\\/es\\\/#\\\/schema\\\/person\\\/df75a746547e7cef043297aef1bbba38\"},\"headline\":\"Althauser Rayan Abbarno patrocina la carrera comunitaria 5k del D\u00eda de San Patricio\",\"datePublished\":\"2018-03-19T23:49:59+00:00\",\"dateModified\":\"2025-05-30T19:41:33+00:00\",\"mainEntityOfPage\":{\"@id\":\"https:\\\/\\\/centralialaw.com\\\/es\\\/althauser-rayan-abbarno-patrocina-la-carrera-comunitaria-5k-del-dia-de-san-patricio\\\/\"},\"wordCount\":258,\"publisher\":{\"@id\":\"https:\\\/\\\/centralialaw.com\\\/es\\\/#organization\"},\"image\":{\"@id\":\"https:\\\/\\\/centralialaw.com\\\/es\\\/althauser-rayan-abbarno-patrocina-la-carrera-comunitaria-5k-del-dia-de-san-patricio\\\/#primaryimage\"},\"thumbnailUrl\":\"https:\\\/\\\/centralialaw.com\\\/wp-content\\\/uploads\\\/2018\\\/03\\\/29340569_1644750825561237_972904995733405760_n-300x169.jpg\",\"keywords\":[\"Abogado\",\"Abogado\",\"Centralia\",\"Olimpia\"],\"inLanguage\":\"es\"},{\"@type\":\"WebPage\",\"@id\":\"https:\\\/\\\/centralialaw.com\\\/es\\\/althauser-rayan-abbarno-patrocina-la-carrera-comunitaria-5k-del-dia-de-san-patricio\\\/\",\"url\":\"https:\\\/\\\/centralialaw.com\\\/es\\\/althauser-rayan-abbarno-patrocina-la-carrera-comunitaria-5k-del-dia-de-san-patricio\\\/\",\"name\":\"Althauser Rayan Abbarno patrocina la carrera 5k del D\u00eda de San Patricio\",\"isPartOf\":{\"@id\":\"https:\\\/\\\/centralialaw.com\\\/es\\\/#website\"},\"primaryImageOfPage\":{\"@id\":\"https:\\\/\\\/centralialaw.com\\\/es\\\/althauser-rayan-abbarno-patrocina-la-carrera-comunitaria-5k-del-dia-de-san-patricio\\\/#primaryimage\"},\"image\":{\"@id\":\"https:\\\/\\\/centralialaw.com\\\/es\\\/althauser-rayan-abbarno-patrocina-la-carrera-comunitaria-5k-del-dia-de-san-patricio\\\/#primaryimage\"},\"thumbnailUrl\":\"https:\\\/\\\/centralialaw.com\\\/wp-content\\\/uploads\\\/2018\\\/03\\\/29340569_1644750825561237_972904995733405760_n-300x169.jpg\",\"datePublished\":\"2018-03-19T23:49:59+00:00\",\"dateModified\":\"2025-05-30T19:41:33+00:00\",\"breadcrumb\":{\"@id\":\"https:\\\/\\\/centralialaw.com\\\/es\\\/althauser-rayan-abbarno-patrocina-la-carrera-comunitaria-5k-del-dia-de-san-patricio\\\/#breadcrumb\"},\"inLanguage\":\"es\",\"potentialAction\":[{\"@type\":\"ReadAction\",\"target\":[\"https:\\\/\\\/centralialaw.com\\\/es\\\/althauser-rayan-abbarno-patrocina-la-carrera-comunitaria-5k-del-dia-de-san-patricio\\\/\"]}]},{\"@type\":\"ImageObject\",\"inLanguage\":\"es\",\"@id\":\"https:\\\/\\\/centralialaw.com\\\/es\\\/althauser-rayan-abbarno-patrocina-la-carrera-comunitaria-5k-del-dia-de-san-patricio\\\/#primaryimage\",\"url\":\"https:\\\/\\\/centralialaw.com\\\/wp-content\\\/uploads\\\/2018\\\/03\\\/29340569_1644750825561237_972904995733405760_n-300x169.jpg\",\"contentUrl\":\"https:\\\/\\\/centralialaw.com\\\/wp-content\\\/uploads\\\/2018\\\/03\\\/29340569_1644750825561237_972904995733405760_n-300x169.jpg\"},{\"@type\":\"BreadcrumbList\",\"@id\":\"https:\\\/\\\/centralialaw.com\\\/es\\\/althauser-rayan-abbarno-patrocina-la-carrera-comunitaria-5k-del-dia-de-san-patricio\\\/#breadcrumb\",\"itemListElement\":[{\"@type\":\"ListItem\",\"position\":1,\"name\":\"Inicio\",\"item\":\"https:\\\/\\\/centralialaw.com\\\/es\\\/\"},{\"@type\":\"ListItem\",\"position\":2,\"name\":\"Althauser Rayan Abbarno patrocina la carrera comunitaria 5k del D\u00eda de San Patricio\"}]},{\"@type\":\"WebSite\",\"@id\":\"https:\\\/\\\/centralialaw.com\\\/es\\\/#website\",\"url\":\"https:\\\/\\\/centralialaw.com\\\/es\\\/\",\"name\":\"Centralia Law\",\"description\":\"Al servicio del estado de Washington desde hace m\u00e1s de 75 a\u00f1os - Althauser Rayan Abbarno \",\"publisher\":{\"@id\":\"https:\\\/\\\/centralialaw.com\\\/es\\\/#organization\"},\"potentialAction\":[{\"@type\":\"SearchAction\",\"target\":{\"@type\":\"EntryPoint\",\"urlTemplate\":\"https:\\\/\\\/centralialaw.com\\\/es\\\/?s={search_term_string}\"},\"query-input\":{\"@type\":\"PropertyValueSpecification\",\"valueRequired\":true,\"valueName\":\"search_term_string\"}}],\"inLanguage\":\"es\"},{\"@type\":\"Organization\",\"@id\":\"https:\\\/\\\/centralialaw.com\\\/es\\\/#organization\",\"name\":\"Ley Centralia\",\"url\":\"https:\\\/\\\/centralialaw.com\\\/es\\\/\",\"logo\":{\"@type\":\"ImageObject\",\"inLanguage\":\"es\",\"@id\":\"https:\\\/\\\/centralialaw.com\\\/es\\\/#\\\/schema\\\/logo\\\/image\\\/\",\"url\":\"https:\\\/\\\/centralialaw.com\\\/wp-content\\\/uploads\\\/2022\\\/05\\\/ARA-Logo.png\",\"contentUrl\":\"https:\\\/\\\/centralialaw.com\\\/wp-content\\\/uploads\\\/2022\\\/05\\\/ARA-Logo.png\",\"width\":1153,\"height\":364,\"caption\":\"Ley Centralia\"},\"image\":{\"@id\":\"https:\\\/\\\/centralialaw.com\\\/es\\\/#\\\/schema\\\/logo\\\/image\\\/\"},\"sameAs\":[\"https:\\\/\\\/www.facebook.com\\\/AlthauserRayanAbbarno\\\/\",\"https:\\\/\\\/x.com\\\/PeterAbbarno\"]},{\"@type\":\"Person\",\"@id\":\"https:\\\/\\\/centralialaw.com\\\/es\\\/#\\\/schema\\\/person\\\/df75a746547e7cef043297aef1bbba38\",\"name\":\"Peter Abbarno\",\"image\":{\"@type\":\"ImageObject\",\"inLanguage\":\"es\",\"@id\":\"https:\\\/\\\/secure.gravatar.com\\\/avatar\\\/4abfe3b7079121d1f28bfcee302a24a00532f113ebafa311593e0ebac2982d3b?s=96&d=mm&r=g\",\"url\":\"https:\\\/\\\/secure.gravatar.com\\\/avatar\\\/4abfe3b7079121d1f28bfcee302a24a00532f113ebafa311593e0ebac2982d3b?s=96&d=mm&r=g\",\"contentUrl\":\"https:\\\/\\\/secure.gravatar.com\\\/avatar\\\/4abfe3b7079121d1f28bfcee302a24a00532f113ebafa311593e0ebac2982d3b?s=96&d=mm&r=g\",\"caption\":\"Peter Abbarno\"},\"url\":\"https:\\\/\\\/centralialaw.com\\\/es\\\/author\\\/peter-abbarno\\\/\"}]}<\/script>\n<!-- \/ Yoast SEO plugin. -->","yoast_head_json":{"title":"Althauser Rayan Abbarno patrocina la carrera 5k del D\u00eda de San Patricio","robots":{"index":"index","follow":"follow","max-snippet":"max-snippet:-1","max-image-preview":"max-image-preview:large","max-video-preview":"max-video-preview:-1"},"canonical":"https:\/\/centralialaw.com\/es\/althauser-rayan-abbarno-patrocina-la-carrera-comunitaria-5k-del-dia-de-san-patricio\/","og_locale":"es_ES","og_type":"article","og_title":"Althauser Rayan Abbarno patrocina la carrera 5k del D\u00eda de San Patricio","og_description":"Los abogados y el personal de Althauser Rayan Abbarno se enorgullecen de haber patrocinado el 5k Community Dash del D\u00eda de San Patricio 2018, organizado por el Run Amok Irish Running Clubde Centralia. Althauser Rayan Abbarno es un bufete de abogados con oficinas en Centralia y Olympia. \u201cEs el tercer a\u00f1o consecutivo que patrocinamos este [&hellip;]","og_url":"https:\/\/centralialaw.com\/es\/althauser-rayan-abbarno-patrocina-la-carrera-comunitaria-5k-del-dia-de-san-patricio\/","og_site_name":"Ley Centralia","article_publisher":"https:\/\/www.facebook.com\/AlthauserRayanAbbarno\/","article_published_time":"2018-03-19T23:49:59+00:00","article_modified_time":"2025-05-30T19:41:33+00:00","author":"Peter Abbarno","twitter_card":"summary_large_image","twitter_creator":"@PeterAbbarno","twitter_site":"@PeterAbbarno","twitter_misc":{"Written by":"Peter Abbarno","Est. reading time":"1 minuto"},"schema":{"@context":"https:\/\/schema.org","@graph":[{"@type":"Article","@id":"https:\/\/centralialaw.com\/es\/althauser-rayan-abbarno-patrocina-la-carrera-comunitaria-5k-del-dia-de-san-patricio\/#article","isPartOf":{"@id":"https:\/\/centralialaw.com\/es\/althauser-rayan-abbarno-patrocina-la-carrera-comunitaria-5k-del-dia-de-san-patricio\/"},"author":{"name":"Peter Abbarno","@id":"https:\/\/centralialaw.com\/es\/#\/schema\/person\/df75a746547e7cef043297aef1bbba38"},"headline":"Althauser Rayan Abbarno patrocina la carrera comunitaria 5k del D\u00eda de San Patricio","datePublished":"2018-03-19T23:49:59+00:00","dateModified":"2025-05-30T19:41:33+00:00","mainEntityOfPage":{"@id":"https:\/\/centralialaw.com\/es\/althauser-rayan-abbarno-patrocina-la-carrera-comunitaria-5k-del-dia-de-san-patricio\/"},"wordCount":258,"publisher":{"@id":"https:\/\/centralialaw.com\/es\/#organization"},"image":{"@id":"https:\/\/centralialaw.com\/es\/althauser-rayan-abbarno-patrocina-la-carrera-comunitaria-5k-del-dia-de-san-patricio\/#primaryimage"},"thumbnailUrl":"https:\/\/centralialaw.com\/wp-content\/uploads\/2018\/03\/29340569_1644750825561237_972904995733405760_n-300x169.jpg","keywords":["Abogado","Abogado","Centralia","Olimpia"],"inLanguage":"es"},{"@type":"WebPage","@id":"https:\/\/centralialaw.com\/es\/althauser-rayan-abbarno-patrocina-la-carrera-comunitaria-5k-del-dia-de-san-patricio\/","url":"https:\/\/centralialaw.com\/es\/althauser-rayan-abbarno-patrocina-la-carrera-comunitaria-5k-del-dia-de-san-patricio\/","name":"Althauser Rayan Abbarno patrocina la carrera 5k del D\u00eda de San Patricio","isPartOf":{"@id":"https:\/\/centralialaw.com\/es\/#website"},"primaryImageOfPage":{"@id":"https:\/\/centralialaw.com\/es\/althauser-rayan-abbarno-patrocina-la-carrera-comunitaria-5k-del-dia-de-san-patricio\/#primaryimage"},"image":{"@id":"https:\/\/centralialaw.com\/es\/althauser-rayan-abbarno-patrocina-la-carrera-comunitaria-5k-del-dia-de-san-patricio\/#primaryimage"},"thumbnailUrl":"https:\/\/centralialaw.com\/wp-content\/uploads\/2018\/03\/29340569_1644750825561237_972904995733405760_n-300x169.jpg","datePublished":"2018-03-19T23:49:59+00:00","dateModified":"2025-05-30T19:41:33+00:00","breadcrumb":{"@id":"https:\/\/centralialaw.com\/es\/althauser-rayan-abbarno-patrocina-la-carrera-comunitaria-5k-del-dia-de-san-patricio\/#breadcrumb"},"inLanguage":"es","potentialAction":[{"@type":"ReadAction","target":["https:\/\/centralialaw.com\/es\/althauser-rayan-abbarno-patrocina-la-carrera-comunitaria-5k-del-dia-de-san-patricio\/"]}]},{"@type":"ImageObject","inLanguage":"es","@id":"https:\/\/centralialaw.com\/es\/althauser-rayan-abbarno-patrocina-la-carrera-comunitaria-5k-del-dia-de-san-patricio\/#primaryimage","url":"https:\/\/centralialaw.com\/wp-content\/uploads\/2018\/03\/29340569_1644750825561237_972904995733405760_n-300x169.jpg","contentUrl":"https:\/\/centralialaw.com\/wp-content\/uploads\/2018\/03\/29340569_1644750825561237_972904995733405760_n-300x169.jpg"},{"@type":"BreadcrumbList","@id":"https:\/\/centralialaw.com\/es\/althauser-rayan-abbarno-patrocina-la-carrera-comunitaria-5k-del-dia-de-san-patricio\/#breadcrumb","itemListElement":[{"@type":"ListItem","position":1,"name":"Inicio","item":"https:\/\/centralialaw.com\/es\/"},{"@type":"ListItem","position":2,"name":"Althauser Rayan Abbarno patrocina la carrera comunitaria 5k del D\u00eda de San Patricio"}]},{"@type":"WebSite","@id":"https:\/\/centralialaw.com\/es\/#website","url":"https:\/\/centralialaw.com\/es\/","name":"Centralia Law","description":"Al servicio del estado de Washington desde hace m\u00e1s de 75 a\u00f1os - Althauser Rayan Abbarno ","publisher":{"@id":"https:\/\/centralialaw.com\/es\/#organization"},"potentialAction":[{"@type":"SearchAction","target":{"@type":"EntryPoint","urlTemplate":"https:\/\/centralialaw.com\/es\/?s={search_term_string}"},"query-input":{"@type":"PropertyValueSpecification","valueRequired":true,"valueName":"search_term_string"}}],"inLanguage":"es"},{"@type":"Organization","@id":"https:\/\/centralialaw.com\/es\/#organization","name":"Ley Centralia","url":"https:\/\/centralialaw.com\/es\/","logo":{"@type":"ImageObject","inLanguage":"es","@id":"https:\/\/centralialaw.com\/es\/#\/schema\/logo\/image\/","url":"https:\/\/centralialaw.com\/wp-content\/uploads\/2022\/05\/ARA-Logo.png","contentUrl":"https:\/\/centralialaw.com\/wp-content\/uploads\/2022\/05\/ARA-Logo.png","width":1153,"height":364,"caption":"Ley Centralia"},"image":{"@id":"https:\/\/centralialaw.com\/es\/#\/schema\/logo\/image\/"},"sameAs":["https:\/\/www.facebook.com\/AlthauserRayanAbbarno\/","https:\/\/x.com\/PeterAbbarno"]},{"@type":"Person","@id":"https:\/\/centralialaw.com\/es\/#\/schema\/person\/df75a746547e7cef043297aef1bbba38","name":"Peter Abbarno","image":{"@type":"ImageObject","inLanguage":"es","@id":"https:\/\/secure.gravatar.com\/avatar\/4abfe3b7079121d1f28bfcee302a24a00532f113ebafa311593e0ebac2982d3b?s=96&d=mm&r=g","url":"https:\/\/secure.gravatar.com\/avatar\/4abfe3b7079121d1f28bfcee302a24a00532f113ebafa311593e0ebac2982d3b?s=96&d=mm&r=g","contentUrl":"https:\/\/secure.gravatar.com\/avatar\/4abfe3b7079121d1f28bfcee302a24a00532f113ebafa311593e0ebac2982d3b?s=96&d=mm&r=g","caption":"Peter Abbarno"},"url":"https:\/\/centralialaw.com\/es\/author\/peter-abbarno\/"}]}},"_links":{"self":[{"href":"https:\/\/centralialaw.com\/es\/wp-json\/wp\/v2\/posts\/17763","targetHints":{"allow":["GET"]}}],"collection":[{"href":"https:\/\/centralialaw.com\/es\/wp-json\/wp\/v2\/posts"}],"about":[{"href":"https:\/\/centralialaw.com\/es\/wp-json\/wp\/v2\/types\/post"}],"author":[{"embeddable":true,"href":"https:\/\/centralialaw.com\/es\/wp-json\/wp\/v2\/users\/2"}],"replies":[{"embeddable":true,"href":"https:\/\/centralialaw.com\/es\/wp-json\/wp\/v2\/comments?post=17763"}],"version-history":[{"count":0,"href":"https:\/\/centralialaw.com\/es\/wp-json\/wp\/v2\/posts\/17763\/revisions"}],"wp:attachment":[{"href":"https:\/\/centralialaw.com\/es\/wp-json\/wp\/v2\/media?parent=17763"}],"wp:term":[{"taxonomy":"category","embeddable":true,"href":"https:\/\/centralialaw.com\/es\/wp-json\/wp\/v2\/categories?post=17763"},{"taxonomy":"post_tag","embeddable":true,"href":"https:\/\/centralialaw.com\/es\/wp-json\/wp\/v2\/tags?post=17763"}],"curies":[{"name":"wp","href":"https:\/\/api.w.org\/{rel}","templated":true}]}}