{"id":17773,"date":"2017-12-26T17:48:43","date_gmt":"2017-12-27T01:48:43","guid":{"rendered":"https:\/\/centralialaw.com\/servir-a-nuestra-comunidad-es-un-sello-distintivo-en-athauser-rayan-abbarno\/"},"modified":"2017-12-26T17:48:43","modified_gmt":"2017-12-27T01:48:43","slug":"servir-a-nuestra-comunidad-es-un-sello-distintivo-en-athauser-rayan-abbarno","status":"publish","type":"post","link":"https:\/\/centralialaw.com\/es\/servir-a-nuestra-comunidad-es-un-sello-distintivo-en-athauser-rayan-abbarno\/","title":{"rendered":"\u00a1Servir a nuestra comunidad es un sello distintivo en Athauser Rayan Abbarno!"},"content":{"rendered":"<p>Durante m\u00e1s de 70 a\u00f1os, Althauser Rayan Abbarno ha tenido una larga y orgullosa historia de servicio a la comunidad y de servicio a la comunidad jur\u00eddica. Dos Asociados de Althauser Rayan Abbarno contin\u00faan la tradici\u00f3n. <\/p>\n<p>Enhorabuena a Jake McGhie, abogado de Althauser Rayan Abbarno, LLP, por haber sido elegido Presidente del Colegio de Abogados del Condado de Lewis. El Colegio de Abogados se re\u00fane mensualmente para discutir asuntos legales, educaci\u00f3n legal y las mejores pr\u00e1cticas legales para servir a los residentes del Condado de Lewis. <\/p>\n<p><a href=\"https:\/\/www.facebook.com\/jake.mcghie.5\">Jake<\/a>, un abogado de Defensa Penal, ha estado con Althauser Rayan Abbarno desde 2014 y representa a clientes acusados de <a href=\"https:\/\/centralialaw.com\/criminal-law-practice\/\">delitos graves y delitos menores, DUI, y las infracciones de tr\u00e1fico.<\/a><\/p>\n<p><a href=\"https:\/\/www.facebook.com\/emily.laz\">La abogada de Althauser Rayan Abbarno, LLP , Emily Laz<\/a>, tambi\u00e9n es Presidenta de<a href=\"http:\/\/thelcbla.org\/\"> Lewis County Bar Legal Aid<\/a>. Lewis County Bar Legal Aid ha sido una organizaci\u00f3n sin \u00e1nimo de lucro centrada en el cliente que ha prestado sus servicios en el condado de Lewis durante m\u00e1s de 25 a\u00f1os. Su misi\u00f3n es prestar servicios jur\u00eddicos civiles locales, accesibles y centrados en el cliente a los residentes de bajos ingresos del condado de Lewis.  <\/p>\n<p>Emily, abogada especializada en Derecho de Familia, trabaja en Althauser Rayan Abbarno desde 2014 y ayuda a los clientes con <a href=\"https:\/\/centralialaw.com\/family-law-practice\/\">adopciones, casos de custodia y manutenci\u00f3n de menores, divorcios y casos de violencia dom\u00e9stica.<\/a><\/p>\n<p>Para una consulta penal con <a href=\"https:\/\/centralialaw.com\/es\/jakob-mcghie\/\">Jake McGhie<\/a> o una consulta de derecho de familia con <a href=\"https:\/\/centralialaw.com\/emily-laz\/\">Emily Laz<\/a>, ponte en contacto con <a href=\"https:\/\/www.facebook.com\/AlthauserRayanAbbarno\/\">Althauser Rayan Abbarno<\/a> en Centralia u Olympia llamando al (360) 736-1301 o visitando CentraliaLaw.com.<\/p>\n","protected":false},"excerpt":{"rendered":"<p>Durante m\u00e1s de 70 a\u00f1os, Althauser Rayan Abbarno ha tenido una larga y orgullosa historia de servicio a la comunidad y de servicio a la comunidad jur\u00eddica. Dos Asociados de Althauser Rayan Abbarno contin\u00faan la tradici\u00f3n. Enhorabuena a Jake McGhie, abogado de Althauser Rayan Abbarno, LLP, por haber sido elegido Presidente del Colegio de Abogados [&hellip;]<\/p>\n","protected":false},"author":2,"featured_media":0,"comment_status":"closed","ping_status":"open","sticky":false,"template":"","format":"standard","meta":{"_et_pb_use_builder":"","_et_pb_old_content":"","_et_gb_content_width":"","footnotes":""},"categories":[361],"tags":[],"class_list":["post-17773","post","type-post","status-publish","format-standard","hentry","category-sin-categoria"],"yoast_head":"<!-- This site is optimized with the Yoast SEO plugin v27.5 - https:\/\/yoast.com\/product\/yoast-seo-wordpress\/ -->\n<title>\u00a1Servir a nuestra comunidad es un sello distintivo en Athauser Rayan Abbarno! - Ley Centralia<\/title>\n<meta name=\"robots\" content=\"index, follow, max-snippet:-1, max-image-preview:large, max-video-preview:-1\" \/>\n<link rel=\"canonical\" href=\"https:\/\/centralialaw.com\/es\/servir-a-nuestra-comunidad-es-un-sello-distintivo-en-athauser-rayan-abbarno\/\" \/>\n<meta property=\"og:locale\" content=\"es_ES\" \/>\n<meta property=\"og:type\" content=\"article\" \/>\n<meta property=\"og:title\" content=\"\u00a1Servir a nuestra comunidad es un sello distintivo en Athauser Rayan Abbarno! - Ley Centralia\" \/>\n<meta property=\"og:description\" content=\"Durante m\u00e1s de 70 a\u00f1os, Althauser Rayan Abbarno ha tenido una larga y orgullosa historia de servicio a la comunidad y de servicio a la comunidad jur\u00eddica. Dos Asociados de Althauser Rayan Abbarno contin\u00faan la tradici\u00f3n. Enhorabuena a Jake McGhie, abogado de Althauser Rayan Abbarno, LLP, por haber sido elegido Presidente del Colegio de Abogados [&hellip;]\" \/>\n<meta property=\"og:url\" content=\"https:\/\/centralialaw.com\/es\/servir-a-nuestra-comunidad-es-un-sello-distintivo-en-athauser-rayan-abbarno\/\" \/>\n<meta property=\"og:site_name\" content=\"Ley Centralia\" \/>\n<meta property=\"article:publisher\" content=\"https:\/\/www.facebook.com\/AlthauserRayanAbbarno\/\" \/>\n<meta property=\"article:published_time\" content=\"2017-12-27T01:48:43+00:00\" \/>\n<meta name=\"author\" content=\"Peter Abbarno\" \/>\n<meta name=\"twitter:card\" content=\"summary_large_image\" \/>\n<meta name=\"twitter:creator\" content=\"@PeterAbbarno\" \/>\n<meta name=\"twitter:site\" content=\"@PeterAbbarno\" \/>\n<meta name=\"twitter:label1\" content=\"Written by\" \/>\n\t<meta name=\"twitter:data1\" content=\"Peter Abbarno\" \/>\n\t<meta name=\"twitter:label2\" content=\"Est. reading time\" \/>\n\t<meta name=\"twitter:data2\" content=\"1 minuto\" \/>\n<script type=\"application\/ld+json\" class=\"yoast-schema-graph\">{\"@context\":\"https:\\\/\\\/schema.org\",\"@graph\":[{\"@type\":\"Article\",\"@id\":\"https:\\\/\\\/centralialaw.com\\\/es\\\/servir-a-nuestra-comunidad-es-un-sello-distintivo-en-athauser-rayan-abbarno\\\/#article\",\"isPartOf\":{\"@id\":\"https:\\\/\\\/centralialaw.com\\\/es\\\/servir-a-nuestra-comunidad-es-un-sello-distintivo-en-athauser-rayan-abbarno\\\/\"},\"author\":{\"name\":\"Peter Abbarno\",\"@id\":\"https:\\\/\\\/centralialaw.com\\\/es\\\/#\\\/schema\\\/person\\\/df75a746547e7cef043297aef1bbba38\"},\"headline\":\"\u00a1Servir a nuestra comunidad es un sello distintivo en Athauser Rayan Abbarno!\",\"datePublished\":\"2017-12-27T01:48:43+00:00\",\"mainEntityOfPage\":{\"@id\":\"https:\\\/\\\/centralialaw.com\\\/es\\\/servir-a-nuestra-comunidad-es-un-sello-distintivo-en-athauser-rayan-abbarno\\\/\"},\"wordCount\":285,\"publisher\":{\"@id\":\"https:\\\/\\\/centralialaw.com\\\/es\\\/#organization\"},\"inLanguage\":\"es\"},{\"@type\":\"WebPage\",\"@id\":\"https:\\\/\\\/centralialaw.com\\\/es\\\/servir-a-nuestra-comunidad-es-un-sello-distintivo-en-athauser-rayan-abbarno\\\/\",\"url\":\"https:\\\/\\\/centralialaw.com\\\/es\\\/servir-a-nuestra-comunidad-es-un-sello-distintivo-en-athauser-rayan-abbarno\\\/\",\"name\":\"\u00a1Servir a nuestra comunidad es un sello distintivo en Athauser Rayan Abbarno! - Ley Centralia\",\"isPartOf\":{\"@id\":\"https:\\\/\\\/centralialaw.com\\\/es\\\/#website\"},\"datePublished\":\"2017-12-27T01:48:43+00:00\",\"breadcrumb\":{\"@id\":\"https:\\\/\\\/centralialaw.com\\\/es\\\/servir-a-nuestra-comunidad-es-un-sello-distintivo-en-athauser-rayan-abbarno\\\/#breadcrumb\"},\"inLanguage\":\"es\",\"potentialAction\":[{\"@type\":\"ReadAction\",\"target\":[\"https:\\\/\\\/centralialaw.com\\\/es\\\/servir-a-nuestra-comunidad-es-un-sello-distintivo-en-athauser-rayan-abbarno\\\/\"]}]},{\"@type\":\"BreadcrumbList\",\"@id\":\"https:\\\/\\\/centralialaw.com\\\/es\\\/servir-a-nuestra-comunidad-es-un-sello-distintivo-en-athauser-rayan-abbarno\\\/#breadcrumb\",\"itemListElement\":[{\"@type\":\"ListItem\",\"position\":1,\"name\":\"Inicio\",\"item\":\"https:\\\/\\\/centralialaw.com\\\/es\\\/\"},{\"@type\":\"ListItem\",\"position\":2,\"name\":\"\u00a1Servir a nuestra comunidad es un sello distintivo en Athauser Rayan Abbarno!\"}]},{\"@type\":\"WebSite\",\"@id\":\"https:\\\/\\\/centralialaw.com\\\/es\\\/#website\",\"url\":\"https:\\\/\\\/centralialaw.com\\\/es\\\/\",\"name\":\"Centralia Law\",\"description\":\"Al servicio del estado de Washington desde hace m\u00e1s de 75 a\u00f1os - Althauser Rayan Abbarno \",\"publisher\":{\"@id\":\"https:\\\/\\\/centralialaw.com\\\/es\\\/#organization\"},\"potentialAction\":[{\"@type\":\"SearchAction\",\"target\":{\"@type\":\"EntryPoint\",\"urlTemplate\":\"https:\\\/\\\/centralialaw.com\\\/es\\\/?s={search_term_string}\"},\"query-input\":{\"@type\":\"PropertyValueSpecification\",\"valueRequired\":true,\"valueName\":\"search_term_string\"}}],\"inLanguage\":\"es\"},{\"@type\":\"Organization\",\"@id\":\"https:\\\/\\\/centralialaw.com\\\/es\\\/#organization\",\"name\":\"Ley Centralia\",\"url\":\"https:\\\/\\\/centralialaw.com\\\/es\\\/\",\"logo\":{\"@type\":\"ImageObject\",\"inLanguage\":\"es\",\"@id\":\"https:\\\/\\\/centralialaw.com\\\/es\\\/#\\\/schema\\\/logo\\\/image\\\/\",\"url\":\"https:\\\/\\\/centralialaw.com\\\/wp-content\\\/uploads\\\/2022\\\/05\\\/ARA-Logo.png\",\"contentUrl\":\"https:\\\/\\\/centralialaw.com\\\/wp-content\\\/uploads\\\/2022\\\/05\\\/ARA-Logo.png\",\"width\":1153,\"height\":364,\"caption\":\"Ley Centralia\"},\"image\":{\"@id\":\"https:\\\/\\\/centralialaw.com\\\/es\\\/#\\\/schema\\\/logo\\\/image\\\/\"},\"sameAs\":[\"https:\\\/\\\/www.facebook.com\\\/AlthauserRayanAbbarno\\\/\",\"https:\\\/\\\/x.com\\\/PeterAbbarno\"]},{\"@type\":\"Person\",\"@id\":\"https:\\\/\\\/centralialaw.com\\\/es\\\/#\\\/schema\\\/person\\\/df75a746547e7cef043297aef1bbba38\",\"name\":\"Peter Abbarno\",\"image\":{\"@type\":\"ImageObject\",\"inLanguage\":\"es\",\"@id\":\"https:\\\/\\\/secure.gravatar.com\\\/avatar\\\/4abfe3b7079121d1f28bfcee302a24a00532f113ebafa311593e0ebac2982d3b?s=96&d=mm&r=g\",\"url\":\"https:\\\/\\\/secure.gravatar.com\\\/avatar\\\/4abfe3b7079121d1f28bfcee302a24a00532f113ebafa311593e0ebac2982d3b?s=96&d=mm&r=g\",\"contentUrl\":\"https:\\\/\\\/secure.gravatar.com\\\/avatar\\\/4abfe3b7079121d1f28bfcee302a24a00532f113ebafa311593e0ebac2982d3b?s=96&d=mm&r=g\",\"caption\":\"Peter Abbarno\"},\"url\":\"https:\\\/\\\/centralialaw.com\\\/es\\\/author\\\/peter-abbarno\\\/\"}]}<\/script>\n<!-- \/ Yoast SEO plugin. -->","yoast_head_json":{"title":"\u00a1Servir a nuestra comunidad es un sello distintivo en Athauser Rayan Abbarno! - Ley Centralia","robots":{"index":"index","follow":"follow","max-snippet":"max-snippet:-1","max-image-preview":"max-image-preview:large","max-video-preview":"max-video-preview:-1"},"canonical":"https:\/\/centralialaw.com\/es\/servir-a-nuestra-comunidad-es-un-sello-distintivo-en-athauser-rayan-abbarno\/","og_locale":"es_ES","og_type":"article","og_title":"\u00a1Servir a nuestra comunidad es un sello distintivo en Athauser Rayan Abbarno! - Ley Centralia","og_description":"Durante m\u00e1s de 70 a\u00f1os, Althauser Rayan Abbarno ha tenido una larga y orgullosa historia de servicio a la comunidad y de servicio a la comunidad jur\u00eddica. Dos Asociados de Althauser Rayan Abbarno contin\u00faan la tradici\u00f3n. Enhorabuena a Jake McGhie, abogado de Althauser Rayan Abbarno, LLP, por haber sido elegido Presidente del Colegio de Abogados [&hellip;]","og_url":"https:\/\/centralialaw.com\/es\/servir-a-nuestra-comunidad-es-un-sello-distintivo-en-athauser-rayan-abbarno\/","og_site_name":"Ley Centralia","article_publisher":"https:\/\/www.facebook.com\/AlthauserRayanAbbarno\/","article_published_time":"2017-12-27T01:48:43+00:00","author":"Peter Abbarno","twitter_card":"summary_large_image","twitter_creator":"@PeterAbbarno","twitter_site":"@PeterAbbarno","twitter_misc":{"Written by":"Peter Abbarno","Est. reading time":"1 minuto"},"schema":{"@context":"https:\/\/schema.org","@graph":[{"@type":"Article","@id":"https:\/\/centralialaw.com\/es\/servir-a-nuestra-comunidad-es-un-sello-distintivo-en-athauser-rayan-abbarno\/#article","isPartOf":{"@id":"https:\/\/centralialaw.com\/es\/servir-a-nuestra-comunidad-es-un-sello-distintivo-en-athauser-rayan-abbarno\/"},"author":{"name":"Peter Abbarno","@id":"https:\/\/centralialaw.com\/es\/#\/schema\/person\/df75a746547e7cef043297aef1bbba38"},"headline":"\u00a1Servir a nuestra comunidad es un sello distintivo en Athauser Rayan Abbarno!","datePublished":"2017-12-27T01:48:43+00:00","mainEntityOfPage":{"@id":"https:\/\/centralialaw.com\/es\/servir-a-nuestra-comunidad-es-un-sello-distintivo-en-athauser-rayan-abbarno\/"},"wordCount":285,"publisher":{"@id":"https:\/\/centralialaw.com\/es\/#organization"},"inLanguage":"es"},{"@type":"WebPage","@id":"https:\/\/centralialaw.com\/es\/servir-a-nuestra-comunidad-es-un-sello-distintivo-en-athauser-rayan-abbarno\/","url":"https:\/\/centralialaw.com\/es\/servir-a-nuestra-comunidad-es-un-sello-distintivo-en-athauser-rayan-abbarno\/","name":"\u00a1Servir a nuestra comunidad es un sello distintivo en Athauser Rayan Abbarno! - Ley Centralia","isPartOf":{"@id":"https:\/\/centralialaw.com\/es\/#website"},"datePublished":"2017-12-27T01:48:43+00:00","breadcrumb":{"@id":"https:\/\/centralialaw.com\/es\/servir-a-nuestra-comunidad-es-un-sello-distintivo-en-athauser-rayan-abbarno\/#breadcrumb"},"inLanguage":"es","potentialAction":[{"@type":"ReadAction","target":["https:\/\/centralialaw.com\/es\/servir-a-nuestra-comunidad-es-un-sello-distintivo-en-athauser-rayan-abbarno\/"]}]},{"@type":"BreadcrumbList","@id":"https:\/\/centralialaw.com\/es\/servir-a-nuestra-comunidad-es-un-sello-distintivo-en-athauser-rayan-abbarno\/#breadcrumb","itemListElement":[{"@type":"ListItem","position":1,"name":"Inicio","item":"https:\/\/centralialaw.com\/es\/"},{"@type":"ListItem","position":2,"name":"\u00a1Servir a nuestra comunidad es un sello distintivo en Athauser Rayan Abbarno!"}]},{"@type":"WebSite","@id":"https:\/\/centralialaw.com\/es\/#website","url":"https:\/\/centralialaw.com\/es\/","name":"Centralia Law","description":"Al servicio del estado de Washington desde hace m\u00e1s de 75 a\u00f1os - Althauser Rayan Abbarno ","publisher":{"@id":"https:\/\/centralialaw.com\/es\/#organization"},"potentialAction":[{"@type":"SearchAction","target":{"@type":"EntryPoint","urlTemplate":"https:\/\/centralialaw.com\/es\/?s={search_term_string}"},"query-input":{"@type":"PropertyValueSpecification","valueRequired":true,"valueName":"search_term_string"}}],"inLanguage":"es"},{"@type":"Organization","@id":"https:\/\/centralialaw.com\/es\/#organization","name":"Ley Centralia","url":"https:\/\/centralialaw.com\/es\/","logo":{"@type":"ImageObject","inLanguage":"es","@id":"https:\/\/centralialaw.com\/es\/#\/schema\/logo\/image\/","url":"https:\/\/centralialaw.com\/wp-content\/uploads\/2022\/05\/ARA-Logo.png","contentUrl":"https:\/\/centralialaw.com\/wp-content\/uploads\/2022\/05\/ARA-Logo.png","width":1153,"height":364,"caption":"Ley Centralia"},"image":{"@id":"https:\/\/centralialaw.com\/es\/#\/schema\/logo\/image\/"},"sameAs":["https:\/\/www.facebook.com\/AlthauserRayanAbbarno\/","https:\/\/x.com\/PeterAbbarno"]},{"@type":"Person","@id":"https:\/\/centralialaw.com\/es\/#\/schema\/person\/df75a746547e7cef043297aef1bbba38","name":"Peter Abbarno","image":{"@type":"ImageObject","inLanguage":"es","@id":"https:\/\/secure.gravatar.com\/avatar\/4abfe3b7079121d1f28bfcee302a24a00532f113ebafa311593e0ebac2982d3b?s=96&d=mm&r=g","url":"https:\/\/secure.gravatar.com\/avatar\/4abfe3b7079121d1f28bfcee302a24a00532f113ebafa311593e0ebac2982d3b?s=96&d=mm&r=g","contentUrl":"https:\/\/secure.gravatar.com\/avatar\/4abfe3b7079121d1f28bfcee302a24a00532f113ebafa311593e0ebac2982d3b?s=96&d=mm&r=g","caption":"Peter Abbarno"},"url":"https:\/\/centralialaw.com\/es\/author\/peter-abbarno\/"}]}},"_links":{"self":[{"href":"https:\/\/centralialaw.com\/es\/wp-json\/wp\/v2\/posts\/17773","targetHints":{"allow":["GET"]}}],"collection":[{"href":"https:\/\/centralialaw.com\/es\/wp-json\/wp\/v2\/posts"}],"about":[{"href":"https:\/\/centralialaw.com\/es\/wp-json\/wp\/v2\/types\/post"}],"author":[{"embeddable":true,"href":"https:\/\/centralialaw.com\/es\/wp-json\/wp\/v2\/users\/2"}],"replies":[{"embeddable":true,"href":"https:\/\/centralialaw.com\/es\/wp-json\/wp\/v2\/comments?post=17773"}],"version-history":[{"count":0,"href":"https:\/\/centralialaw.com\/es\/wp-json\/wp\/v2\/posts\/17773\/revisions"}],"wp:attachment":[{"href":"https:\/\/centralialaw.com\/es\/wp-json\/wp\/v2\/media?parent=17773"}],"wp:term":[{"taxonomy":"category","embeddable":true,"href":"https:\/\/centralialaw.com\/es\/wp-json\/wp\/v2\/categories?post=17773"},{"taxonomy":"post_tag","embeddable":true,"href":"https:\/\/centralialaw.com\/es\/wp-json\/wp\/v2\/tags?post=17773"}],"curies":[{"name":"wp","href":"https:\/\/api.w.org\/{rel}","templated":true}]}}