{"id":17788,"date":"2017-06-15T21:23:41","date_gmt":"2017-06-16T04:23:41","guid":{"rendered":"https:\/\/centralialaw.com\/reapertura-de-una-demanda-de-indemnizacion-por-accidente-laboral-quien-paga\/"},"modified":"2017-06-15T21:23:41","modified_gmt":"2017-06-16T04:23:41","slug":"reapertura-de-una-demanda-de-indemnizacion-por-accidente-laboral-quien-paga","status":"publish","type":"post","link":"https:\/\/centralialaw.com\/es\/reapertura-de-una-demanda-de-indemnizacion-por-accidente-laboral-quien-paga\/","title":{"rendered":"Reapertura de una demanda de indemnizaci\u00f3n por accidente laboral: \u00bfqui\u00e9n paga?"},"content":{"rendered":"<p style=\"text-align: center;\"><strong>\u00bfQui\u00e9n paga la reapertura de una demanda por accidente laboral?<\/strong><\/p>\n<p>Cuando el Departamento de Trabajo e Industrias o el autoasegurador hayan cerrado una reclamaci\u00f3n de indemnizaci\u00f3n por accidente laboral por orden escrita y hayan transcurrido m\u00e1s de sesenta (60) d\u00edas, el trabajador lesionado suele disponer de siete (7) a\u00f1os para presentar una solicitud de reapertura para obtener todas las prestaciones. La presentaci\u00f3n de una \u201csolicitud de reapertura de siniestro por agravamiento de la dolencia\u201d formal <a href=\"http:\/\/www.lni.wa.gov\/Forms\/pdf\/F242-079-000.pdf\">, formulario n\u00ba F 242-079-000<\/a>, debe ser cumplimentada por un proveedor m\u00e9dico tratante. <\/p>\n<p>El Departamento o el autoasegurador son <a href=\"http:\/\/apps.leg.wa.gov\/WAC\/default.aspx?cite=296-20-097\">responsables de los gastos habituales de los reconocimientos<\/a>, los estudios diagn\u00f3sticos y la determinaci\u00f3n de si el tiempo perdido es pagadero o no, independientemente de la acci\u00f3n final que se tome sobre la solicitud de reapertura. Las solicitudes de reapertura deben presentarse inmediatamente. <\/p>\n<p>Cuando se conceda la reapertura, el departamento o el autoasegurador s\u00f3lo podr\u00e1n pagar las prestaciones por p\u00e9rdida de tiempo y tratamiento durante un periodo no superior a sesenta (60) d\u00edas anteriores a la fecha en que el departamento o el autoasegurador reciban la solicitud. El tratamiento necesario no debe aplazarse a la espera de una decisi\u00f3n de adjudicaci\u00f3n del departamento o del autoasegurador. <\/p>\n<p>Sin embargo, si se deniega la reapertura, los costes del tratamiento pasan a ser responsabilidad econ\u00f3mica del trabajador. Por tanto, el trabajador lesionado debe asegurarse de tener pruebas m\u00e9dicas objetivas de un empeoramiento de la lesi\u00f3n desde la \u00faltima fecha de cierre del siniestro. <\/p>\n<p>Si t\u00fa o alguien que conoces se lesion\u00f3 en el trabajo, ponte en contacto con <a href=\"https:\/\/centralialaw.com\/es\/peter-abbarno\/\">Peter Abbarno<\/a> y los abogados especializados en lesiones de <a href=\"https:\/\/www.facebook.com\/AlthauserRayanAbbarno\/\">Althauser Rayan Abbarno<\/a> para una consulta GRATUITA sobre lesiones en Centralia u Olympia, llamando al (360) 736-1301.<\/p>\n","protected":false},"excerpt":{"rendered":"<p>\u00bfQui\u00e9n paga la reapertura de una demanda por accidente laboral? Cuando el Departamento de Trabajo e Industrias o el autoasegurador hayan cerrado una reclamaci\u00f3n de indemnizaci\u00f3n por accidente laboral por orden escrita y hayan transcurrido m\u00e1s de sesenta (60) d\u00edas, el trabajador lesionado suele disponer de siete (7) a\u00f1os para presentar una solicitud de reapertura [&hellip;]<\/p>\n","protected":false},"author":2,"featured_media":0,"comment_status":"closed","ping_status":"open","sticky":false,"template":"","format":"standard","meta":{"_et_pb_use_builder":"","_et_pb_old_content":"","_et_gb_content_width":"","footnotes":""},"categories":[368],"tags":[508,369,370,372],"class_list":["post-17788","post","type-post","status-publish","format-standard","hentry","category-indemnizacion-por-accidente-laboral","tag-abogados-de-lesiones","tag-centralia-es","tag-indemnizacion-por-accidente-laboral","tag-olimpia"],"yoast_head":"<!-- This site is optimized with the Yoast SEO plugin v27.5 - https:\/\/yoast.com\/product\/yoast-seo-wordpress\/ -->\n<title>Reapertura de una demanda de indemnizaci\u00f3n por accidente laboral: \u00bfqui\u00e9n paga? - Ley Centralia<\/title>\n<meta name=\"description\" content=\"Althauser Rayan Abbarno ofrece consultas GRATUITAS sobre lesiones personales y compensaci\u00f3n laboral en Centralia y Olympia. \u00a1Abogados de lesiones desde 1946!\" \/>\n<meta name=\"robots\" content=\"index, follow, max-snippet:-1, max-image-preview:large, max-video-preview:-1\" \/>\n<link rel=\"canonical\" href=\"https:\/\/centralialaw.com\/es\/reapertura-de-una-demanda-de-indemnizacion-por-accidente-laboral-quien-paga\/\" \/>\n<meta property=\"og:locale\" content=\"es_ES\" \/>\n<meta property=\"og:type\" content=\"article\" \/>\n<meta property=\"og:title\" content=\"Reapertura de una demanda de indemnizaci\u00f3n por accidente laboral: \u00bfqui\u00e9n paga? - Ley Centralia\" \/>\n<meta property=\"og:description\" content=\"Althauser Rayan Abbarno ofrece consultas GRATUITAS sobre lesiones personales y compensaci\u00f3n laboral en Centralia y Olympia. \u00a1Abogados de lesiones desde 1946!\" \/>\n<meta property=\"og:url\" content=\"https:\/\/centralialaw.com\/es\/reapertura-de-una-demanda-de-indemnizacion-por-accidente-laboral-quien-paga\/\" \/>\n<meta property=\"og:site_name\" content=\"Ley Centralia\" \/>\n<meta property=\"article:publisher\" content=\"https:\/\/www.facebook.com\/AlthauserRayanAbbarno\/\" \/>\n<meta property=\"article:published_time\" content=\"2017-06-16T04:23:41+00:00\" \/>\n<meta name=\"author\" content=\"Peter Abbarno\" \/>\n<meta name=\"twitter:card\" content=\"summary_large_image\" \/>\n<meta name=\"twitter:creator\" content=\"@PeterAbbarno\" \/>\n<meta name=\"twitter:site\" content=\"@PeterAbbarno\" \/>\n<meta name=\"twitter:label1\" content=\"Written by\" \/>\n\t<meta name=\"twitter:data1\" content=\"Peter Abbarno\" \/>\n\t<meta name=\"twitter:label2\" content=\"Est. reading time\" \/>\n\t<meta name=\"twitter:data2\" content=\"2 minutos\" \/>\n<script type=\"application\/ld+json\" class=\"yoast-schema-graph\">{\"@context\":\"https:\\\/\\\/schema.org\",\"@graph\":[{\"@type\":\"Article\",\"@id\":\"https:\\\/\\\/centralialaw.com\\\/es\\\/reapertura-de-una-demanda-de-indemnizacion-por-accidente-laboral-quien-paga\\\/#article\",\"isPartOf\":{\"@id\":\"https:\\\/\\\/centralialaw.com\\\/es\\\/reapertura-de-una-demanda-de-indemnizacion-por-accidente-laboral-quien-paga\\\/\"},\"author\":{\"name\":\"Peter Abbarno\",\"@id\":\"https:\\\/\\\/centralialaw.com\\\/es\\\/#\\\/schema\\\/person\\\/df75a746547e7cef043297aef1bbba38\"},\"headline\":\"Reapertura de una demanda de indemnizaci\u00f3n por accidente laboral: \u00bfqui\u00e9n paga?\",\"datePublished\":\"2017-06-16T04:23:41+00:00\",\"mainEntityOfPage\":{\"@id\":\"https:\\\/\\\/centralialaw.com\\\/es\\\/reapertura-de-una-demanda-de-indemnizacion-por-accidente-laboral-quien-paga\\\/\"},\"wordCount\":314,\"publisher\":{\"@id\":\"https:\\\/\\\/centralialaw.com\\\/es\\\/#organization\"},\"keywords\":[\"Abogados de lesiones\",\"Centralia\",\"Indemnizaci\u00f3n por accidente laboral\",\"Olimpia\"],\"articleSection\":[\"Indemnizaci\u00f3n por accidente laboral\"],\"inLanguage\":\"es\"},{\"@type\":\"WebPage\",\"@id\":\"https:\\\/\\\/centralialaw.com\\\/es\\\/reapertura-de-una-demanda-de-indemnizacion-por-accidente-laboral-quien-paga\\\/\",\"url\":\"https:\\\/\\\/centralialaw.com\\\/es\\\/reapertura-de-una-demanda-de-indemnizacion-por-accidente-laboral-quien-paga\\\/\",\"name\":\"Reapertura de una demanda de indemnizaci\u00f3n por accidente laboral: \u00bfqui\u00e9n paga? - Ley Centralia\",\"isPartOf\":{\"@id\":\"https:\\\/\\\/centralialaw.com\\\/es\\\/#website\"},\"datePublished\":\"2017-06-16T04:23:41+00:00\",\"description\":\"Althauser Rayan Abbarno ofrece consultas GRATUITAS sobre lesiones personales y compensaci\u00f3n laboral en Centralia y Olympia. \u00a1Abogados de lesiones desde 1946!\",\"breadcrumb\":{\"@id\":\"https:\\\/\\\/centralialaw.com\\\/es\\\/reapertura-de-una-demanda-de-indemnizacion-por-accidente-laboral-quien-paga\\\/#breadcrumb\"},\"inLanguage\":\"es\",\"potentialAction\":[{\"@type\":\"ReadAction\",\"target\":[\"https:\\\/\\\/centralialaw.com\\\/es\\\/reapertura-de-una-demanda-de-indemnizacion-por-accidente-laboral-quien-paga\\\/\"]}]},{\"@type\":\"BreadcrumbList\",\"@id\":\"https:\\\/\\\/centralialaw.com\\\/es\\\/reapertura-de-una-demanda-de-indemnizacion-por-accidente-laboral-quien-paga\\\/#breadcrumb\",\"itemListElement\":[{\"@type\":\"ListItem\",\"position\":1,\"name\":\"Inicio\",\"item\":\"https:\\\/\\\/centralialaw.com\\\/es\\\/\"},{\"@type\":\"ListItem\",\"position\":2,\"name\":\"Reapertura de una demanda de indemnizaci\u00f3n por accidente laboral: \u00bfqui\u00e9n paga?\"}]},{\"@type\":\"WebSite\",\"@id\":\"https:\\\/\\\/centralialaw.com\\\/es\\\/#website\",\"url\":\"https:\\\/\\\/centralialaw.com\\\/es\\\/\",\"name\":\"Centralia Law\",\"description\":\"Al servicio del estado de Washington desde hace m\u00e1s de 75 a\u00f1os - Althauser Rayan Abbarno \",\"publisher\":{\"@id\":\"https:\\\/\\\/centralialaw.com\\\/es\\\/#organization\"},\"potentialAction\":[{\"@type\":\"SearchAction\",\"target\":{\"@type\":\"EntryPoint\",\"urlTemplate\":\"https:\\\/\\\/centralialaw.com\\\/es\\\/?s={search_term_string}\"},\"query-input\":{\"@type\":\"PropertyValueSpecification\",\"valueRequired\":true,\"valueName\":\"search_term_string\"}}],\"inLanguage\":\"es\"},{\"@type\":\"Organization\",\"@id\":\"https:\\\/\\\/centralialaw.com\\\/es\\\/#organization\",\"name\":\"Ley Centralia\",\"url\":\"https:\\\/\\\/centralialaw.com\\\/es\\\/\",\"logo\":{\"@type\":\"ImageObject\",\"inLanguage\":\"es\",\"@id\":\"https:\\\/\\\/centralialaw.com\\\/es\\\/#\\\/schema\\\/logo\\\/image\\\/\",\"url\":\"https:\\\/\\\/centralialaw.com\\\/wp-content\\\/uploads\\\/2022\\\/05\\\/ARA-Logo.png\",\"contentUrl\":\"https:\\\/\\\/centralialaw.com\\\/wp-content\\\/uploads\\\/2022\\\/05\\\/ARA-Logo.png\",\"width\":1153,\"height\":364,\"caption\":\"Ley Centralia\"},\"image\":{\"@id\":\"https:\\\/\\\/centralialaw.com\\\/es\\\/#\\\/schema\\\/logo\\\/image\\\/\"},\"sameAs\":[\"https:\\\/\\\/www.facebook.com\\\/AlthauserRayanAbbarno\\\/\",\"https:\\\/\\\/x.com\\\/PeterAbbarno\"]},{\"@type\":\"Person\",\"@id\":\"https:\\\/\\\/centralialaw.com\\\/es\\\/#\\\/schema\\\/person\\\/df75a746547e7cef043297aef1bbba38\",\"name\":\"Peter Abbarno\",\"image\":{\"@type\":\"ImageObject\",\"inLanguage\":\"es\",\"@id\":\"https:\\\/\\\/secure.gravatar.com\\\/avatar\\\/4abfe3b7079121d1f28bfcee302a24a00532f113ebafa311593e0ebac2982d3b?s=96&d=mm&r=g\",\"url\":\"https:\\\/\\\/secure.gravatar.com\\\/avatar\\\/4abfe3b7079121d1f28bfcee302a24a00532f113ebafa311593e0ebac2982d3b?s=96&d=mm&r=g\",\"contentUrl\":\"https:\\\/\\\/secure.gravatar.com\\\/avatar\\\/4abfe3b7079121d1f28bfcee302a24a00532f113ebafa311593e0ebac2982d3b?s=96&d=mm&r=g\",\"caption\":\"Peter Abbarno\"},\"url\":\"https:\\\/\\\/centralialaw.com\\\/es\\\/author\\\/peter-abbarno\\\/\"}]}<\/script>\n<!-- \/ Yoast SEO plugin. -->","yoast_head_json":{"title":"Reapertura de una demanda de indemnizaci\u00f3n por accidente laboral: \u00bfqui\u00e9n paga? - Ley Centralia","description":"Althauser Rayan Abbarno ofrece consultas GRATUITAS sobre lesiones personales y compensaci\u00f3n laboral en Centralia y Olympia. \u00a1Abogados de lesiones desde 1946!","robots":{"index":"index","follow":"follow","max-snippet":"max-snippet:-1","max-image-preview":"max-image-preview:large","max-video-preview":"max-video-preview:-1"},"canonical":"https:\/\/centralialaw.com\/es\/reapertura-de-una-demanda-de-indemnizacion-por-accidente-laboral-quien-paga\/","og_locale":"es_ES","og_type":"article","og_title":"Reapertura de una demanda de indemnizaci\u00f3n por accidente laboral: \u00bfqui\u00e9n paga? - Ley Centralia","og_description":"Althauser Rayan Abbarno ofrece consultas GRATUITAS sobre lesiones personales y compensaci\u00f3n laboral en Centralia y Olympia. \u00a1Abogados de lesiones desde 1946!","og_url":"https:\/\/centralialaw.com\/es\/reapertura-de-una-demanda-de-indemnizacion-por-accidente-laboral-quien-paga\/","og_site_name":"Ley Centralia","article_publisher":"https:\/\/www.facebook.com\/AlthauserRayanAbbarno\/","article_published_time":"2017-06-16T04:23:41+00:00","author":"Peter Abbarno","twitter_card":"summary_large_image","twitter_creator":"@PeterAbbarno","twitter_site":"@PeterAbbarno","twitter_misc":{"Written by":"Peter Abbarno","Est. reading time":"2 minutos"},"schema":{"@context":"https:\/\/schema.org","@graph":[{"@type":"Article","@id":"https:\/\/centralialaw.com\/es\/reapertura-de-una-demanda-de-indemnizacion-por-accidente-laboral-quien-paga\/#article","isPartOf":{"@id":"https:\/\/centralialaw.com\/es\/reapertura-de-una-demanda-de-indemnizacion-por-accidente-laboral-quien-paga\/"},"author":{"name":"Peter Abbarno","@id":"https:\/\/centralialaw.com\/es\/#\/schema\/person\/df75a746547e7cef043297aef1bbba38"},"headline":"Reapertura de una demanda de indemnizaci\u00f3n por accidente laboral: \u00bfqui\u00e9n paga?","datePublished":"2017-06-16T04:23:41+00:00","mainEntityOfPage":{"@id":"https:\/\/centralialaw.com\/es\/reapertura-de-una-demanda-de-indemnizacion-por-accidente-laboral-quien-paga\/"},"wordCount":314,"publisher":{"@id":"https:\/\/centralialaw.com\/es\/#organization"},"keywords":["Abogados de lesiones","Centralia","Indemnizaci\u00f3n por accidente laboral","Olimpia"],"articleSection":["Indemnizaci\u00f3n por accidente laboral"],"inLanguage":"es"},{"@type":"WebPage","@id":"https:\/\/centralialaw.com\/es\/reapertura-de-una-demanda-de-indemnizacion-por-accidente-laboral-quien-paga\/","url":"https:\/\/centralialaw.com\/es\/reapertura-de-una-demanda-de-indemnizacion-por-accidente-laboral-quien-paga\/","name":"Reapertura de una demanda de indemnizaci\u00f3n por accidente laboral: \u00bfqui\u00e9n paga? - Ley Centralia","isPartOf":{"@id":"https:\/\/centralialaw.com\/es\/#website"},"datePublished":"2017-06-16T04:23:41+00:00","description":"Althauser Rayan Abbarno ofrece consultas GRATUITAS sobre lesiones personales y compensaci\u00f3n laboral en Centralia y Olympia. \u00a1Abogados de lesiones desde 1946!","breadcrumb":{"@id":"https:\/\/centralialaw.com\/es\/reapertura-de-una-demanda-de-indemnizacion-por-accidente-laboral-quien-paga\/#breadcrumb"},"inLanguage":"es","potentialAction":[{"@type":"ReadAction","target":["https:\/\/centralialaw.com\/es\/reapertura-de-una-demanda-de-indemnizacion-por-accidente-laboral-quien-paga\/"]}]},{"@type":"BreadcrumbList","@id":"https:\/\/centralialaw.com\/es\/reapertura-de-una-demanda-de-indemnizacion-por-accidente-laboral-quien-paga\/#breadcrumb","itemListElement":[{"@type":"ListItem","position":1,"name":"Inicio","item":"https:\/\/centralialaw.com\/es\/"},{"@type":"ListItem","position":2,"name":"Reapertura de una demanda de indemnizaci\u00f3n por accidente laboral: \u00bfqui\u00e9n paga?"}]},{"@type":"WebSite","@id":"https:\/\/centralialaw.com\/es\/#website","url":"https:\/\/centralialaw.com\/es\/","name":"Centralia Law","description":"Al servicio del estado de Washington desde hace m\u00e1s de 75 a\u00f1os - Althauser Rayan Abbarno ","publisher":{"@id":"https:\/\/centralialaw.com\/es\/#organization"},"potentialAction":[{"@type":"SearchAction","target":{"@type":"EntryPoint","urlTemplate":"https:\/\/centralialaw.com\/es\/?s={search_term_string}"},"query-input":{"@type":"PropertyValueSpecification","valueRequired":true,"valueName":"search_term_string"}}],"inLanguage":"es"},{"@type":"Organization","@id":"https:\/\/centralialaw.com\/es\/#organization","name":"Ley Centralia","url":"https:\/\/centralialaw.com\/es\/","logo":{"@type":"ImageObject","inLanguage":"es","@id":"https:\/\/centralialaw.com\/es\/#\/schema\/logo\/image\/","url":"https:\/\/centralialaw.com\/wp-content\/uploads\/2022\/05\/ARA-Logo.png","contentUrl":"https:\/\/centralialaw.com\/wp-content\/uploads\/2022\/05\/ARA-Logo.png","width":1153,"height":364,"caption":"Ley Centralia"},"image":{"@id":"https:\/\/centralialaw.com\/es\/#\/schema\/logo\/image\/"},"sameAs":["https:\/\/www.facebook.com\/AlthauserRayanAbbarno\/","https:\/\/x.com\/PeterAbbarno"]},{"@type":"Person","@id":"https:\/\/centralialaw.com\/es\/#\/schema\/person\/df75a746547e7cef043297aef1bbba38","name":"Peter Abbarno","image":{"@type":"ImageObject","inLanguage":"es","@id":"https:\/\/secure.gravatar.com\/avatar\/4abfe3b7079121d1f28bfcee302a24a00532f113ebafa311593e0ebac2982d3b?s=96&d=mm&r=g","url":"https:\/\/secure.gravatar.com\/avatar\/4abfe3b7079121d1f28bfcee302a24a00532f113ebafa311593e0ebac2982d3b?s=96&d=mm&r=g","contentUrl":"https:\/\/secure.gravatar.com\/avatar\/4abfe3b7079121d1f28bfcee302a24a00532f113ebafa311593e0ebac2982d3b?s=96&d=mm&r=g","caption":"Peter Abbarno"},"url":"https:\/\/centralialaw.com\/es\/author\/peter-abbarno\/"}]}},"_links":{"self":[{"href":"https:\/\/centralialaw.com\/es\/wp-json\/wp\/v2\/posts\/17788","targetHints":{"allow":["GET"]}}],"collection":[{"href":"https:\/\/centralialaw.com\/es\/wp-json\/wp\/v2\/posts"}],"about":[{"href":"https:\/\/centralialaw.com\/es\/wp-json\/wp\/v2\/types\/post"}],"author":[{"embeddable":true,"href":"https:\/\/centralialaw.com\/es\/wp-json\/wp\/v2\/users\/2"}],"replies":[{"embeddable":true,"href":"https:\/\/centralialaw.com\/es\/wp-json\/wp\/v2\/comments?post=17788"}],"version-history":[{"count":0,"href":"https:\/\/centralialaw.com\/es\/wp-json\/wp\/v2\/posts\/17788\/revisions"}],"wp:attachment":[{"href":"https:\/\/centralialaw.com\/es\/wp-json\/wp\/v2\/media?parent=17788"}],"wp:term":[{"taxonomy":"category","embeddable":true,"href":"https:\/\/centralialaw.com\/es\/wp-json\/wp\/v2\/categories?post=17788"},{"taxonomy":"post_tag","embeddable":true,"href":"https:\/\/centralialaw.com\/es\/wp-json\/wp\/v2\/tags?post=17788"}],"curies":[{"name":"wp","href":"https:\/\/api.w.org\/{rel}","templated":true}]}}