{"id":17802,"date":"2016-12-15T23:25:12","date_gmt":"2016-12-16T07:25:12","guid":{"rendered":"https:\/\/centralialaw.com\/articulo-de-lewistalk-com-althauser-rayan-abbarno-esta-ahi-cuando-y-donde-lo-necesites\/"},"modified":"2016-12-15T23:25:12","modified_gmt":"2016-12-16T07:25:12","slug":"articulo-de-lewistalk-com-althauser-rayan-abbarno-esta-ahi-cuando-y-donde-lo-necesites","status":"publish","type":"post","link":"https:\/\/centralialaw.com\/es\/articulo-de-lewistalk-com-althauser-rayan-abbarno-esta-ahi-cuando-y-donde-lo-necesites\/","title":{"rendered":"Art\u00edculo de LewisTalk.com: Althauser Rayan Abbarno \u00a1est\u00e1 ah\u00ed cuando y donde lo necesites!"},"content":{"rendered":"<blockquote class=\"wp-embedded-content\" data-secret=\"6WZNULeZwb\"><p><a href=\"https:\/\/www.lewistalk.com\/2016\/12\/15\/injured-althauser-rayan-abbarno-need\/\">Injured? Althauser Rayan Abbarno is There When and Where You Need!<\/a><\/p><\/blockquote>\n<p><iframe loading=\"lazy\" class=\"wp-embedded-content\" sandbox=\"allow-scripts\" security=\"restricted\" style=\"position: absolute; visibility: hidden;\" title=\"&#8220;Injured? Althauser Rayan Abbarno is There When and Where You Need!&#8221; &#8212; LewisTalkWA\" src=\"https:\/\/www.lewistalk.com\/2016\/12\/15\/injured-althauser-rayan-abbarno-need\/embed\/#?secret=qDjwotheZT#?secret=6WZNULeZwb\" data-secret=\"6WZNULeZwb\" width=\"600\" height=\"338\" frameborder=\"0\" marginwidth=\"0\" marginheight=\"0\" scrolling=\"no\"><\/iframe><\/p>\n","protected":false},"excerpt":{"rendered":"<p>Injured? Althauser Rayan Abbarno is There When and Where You Need!<\/p>\n","protected":false},"author":2,"featured_media":0,"comment_status":"closed","ping_status":"open","sticky":false,"template":"","format":"standard","meta":{"_et_pb_use_builder":"","_et_pb_old_content":"","_et_gb_content_width":"","footnotes":""},"categories":[368,415],"tags":[446,452,369,407,482,370,373,372],"class_list":["post-17802","post","type-post","status-publish","format-standard","hentry","category-indemnizacion-por-accidente-laboral","category-lesiones-personales","tag-accidente","tag-automovil","tag-centralia-es","tag-chehalis-es","tag-colision","tag-indemnizacion-por-accidente-laboral","tag-lesiones-personales","tag-olimpia"],"yoast_head":"<!-- This site is optimized with the Yoast SEO plugin v27.5 - https:\/\/yoast.com\/product\/yoast-seo-wordpress\/ -->\n<title>Art\u00edculo de LewisTalk.com: Althauser Rayan Abbarno \u00a1est\u00e1 ah\u00ed cuando y donde lo necesites! - Ley Centralia<\/title>\n<meta name=\"description\" content=\"Peter Abbarno es abogado de Althauser Rayan Abbarno y concejal de Centralia.\" \/>\n<meta name=\"robots\" content=\"index, follow, max-snippet:-1, max-image-preview:large, max-video-preview:-1\" \/>\n<link rel=\"canonical\" href=\"https:\/\/centralialaw.com\/es\/articulo-de-lewistalk-com-althauser-rayan-abbarno-esta-ahi-cuando-y-donde-lo-necesites\/\" \/>\n<meta property=\"og:locale\" content=\"es_ES\" \/>\n<meta property=\"og:type\" content=\"article\" \/>\n<meta property=\"og:title\" content=\"Art\u00edculo de LewisTalk.com: Althauser Rayan Abbarno \u00a1est\u00e1 ah\u00ed cuando y donde lo necesites! - Ley Centralia\" \/>\n<meta property=\"og:description\" content=\"Peter Abbarno es abogado de Althauser Rayan Abbarno y concejal de Centralia.\" \/>\n<meta property=\"og:url\" content=\"https:\/\/centralialaw.com\/es\/articulo-de-lewistalk-com-althauser-rayan-abbarno-esta-ahi-cuando-y-donde-lo-necesites\/\" \/>\n<meta property=\"og:site_name\" content=\"Ley Centralia\" \/>\n<meta property=\"article:publisher\" content=\"https:\/\/www.facebook.com\/AlthauserRayanAbbarno\/\" \/>\n<meta property=\"article:published_time\" content=\"2016-12-16T07:25:12+00:00\" \/>\n<meta name=\"author\" content=\"Peter Abbarno\" \/>\n<meta name=\"twitter:card\" content=\"summary_large_image\" \/>\n<meta name=\"twitter:creator\" content=\"@PeterAbbarno\" \/>\n<meta name=\"twitter:site\" content=\"@PeterAbbarno\" \/>\n<meta name=\"twitter:label1\" content=\"Written by\" \/>\n\t<meta name=\"twitter:data1\" content=\"Peter Abbarno\" \/>\n<script type=\"application\/ld+json\" class=\"yoast-schema-graph\">{\"@context\":\"https:\\\/\\\/schema.org\",\"@graph\":[{\"@type\":\"Article\",\"@id\":\"https:\\\/\\\/centralialaw.com\\\/es\\\/articulo-de-lewistalk-com-althauser-rayan-abbarno-esta-ahi-cuando-y-donde-lo-necesites\\\/#article\",\"isPartOf\":{\"@id\":\"https:\\\/\\\/centralialaw.com\\\/es\\\/articulo-de-lewistalk-com-althauser-rayan-abbarno-esta-ahi-cuando-y-donde-lo-necesites\\\/\"},\"author\":{\"name\":\"Peter Abbarno\",\"@id\":\"https:\\\/\\\/centralialaw.com\\\/es\\\/#\\\/schema\\\/person\\\/df75a746547e7cef043297aef1bbba38\"},\"headline\":\"Art\u00edculo de LewisTalk.com: Althauser Rayan Abbarno \u00a1est\u00e1 ah\u00ed cuando y donde lo necesites!\",\"datePublished\":\"2016-12-16T07:25:12+00:00\",\"mainEntityOfPage\":{\"@id\":\"https:\\\/\\\/centralialaw.com\\\/es\\\/articulo-de-lewistalk-com-althauser-rayan-abbarno-esta-ahi-cuando-y-donde-lo-necesites\\\/\"},\"wordCount\":20,\"publisher\":{\"@id\":\"https:\\\/\\\/centralialaw.com\\\/es\\\/#organization\"},\"keywords\":[\"Accidente\",\"Autom\u00f3vil\",\"Centralia\",\"Chehalis\",\"Colisi\u00f3n\",\"Indemnizaci\u00f3n por accidente laboral\",\"Lesiones personales\",\"Olimpia\"],\"articleSection\":[\"Indemnizaci\u00f3n por accidente laboral\",\"Lesiones personales\"],\"inLanguage\":\"es\"},{\"@type\":\"WebPage\",\"@id\":\"https:\\\/\\\/centralialaw.com\\\/es\\\/articulo-de-lewistalk-com-althauser-rayan-abbarno-esta-ahi-cuando-y-donde-lo-necesites\\\/\",\"url\":\"https:\\\/\\\/centralialaw.com\\\/es\\\/articulo-de-lewistalk-com-althauser-rayan-abbarno-esta-ahi-cuando-y-donde-lo-necesites\\\/\",\"name\":\"Art\u00edculo de LewisTalk.com: Althauser Rayan Abbarno \u00a1est\u00e1 ah\u00ed cuando y donde lo necesites! - Ley Centralia\",\"isPartOf\":{\"@id\":\"https:\\\/\\\/centralialaw.com\\\/es\\\/#website\"},\"datePublished\":\"2016-12-16T07:25:12+00:00\",\"description\":\"Peter Abbarno es abogado de Althauser Rayan Abbarno y concejal de Centralia.\",\"breadcrumb\":{\"@id\":\"https:\\\/\\\/centralialaw.com\\\/es\\\/articulo-de-lewistalk-com-althauser-rayan-abbarno-esta-ahi-cuando-y-donde-lo-necesites\\\/#breadcrumb\"},\"inLanguage\":\"es\",\"potentialAction\":[{\"@type\":\"ReadAction\",\"target\":[\"https:\\\/\\\/centralialaw.com\\\/es\\\/articulo-de-lewistalk-com-althauser-rayan-abbarno-esta-ahi-cuando-y-donde-lo-necesites\\\/\"]}]},{\"@type\":\"BreadcrumbList\",\"@id\":\"https:\\\/\\\/centralialaw.com\\\/es\\\/articulo-de-lewistalk-com-althauser-rayan-abbarno-esta-ahi-cuando-y-donde-lo-necesites\\\/#breadcrumb\",\"itemListElement\":[{\"@type\":\"ListItem\",\"position\":1,\"name\":\"Inicio\",\"item\":\"https:\\\/\\\/centralialaw.com\\\/es\\\/\"},{\"@type\":\"ListItem\",\"position\":2,\"name\":\"Art\u00edculo de LewisTalk.com: Althauser Rayan Abbarno \u00a1est\u00e1 ah\u00ed cuando y donde lo necesites!\"}]},{\"@type\":\"WebSite\",\"@id\":\"https:\\\/\\\/centralialaw.com\\\/es\\\/#website\",\"url\":\"https:\\\/\\\/centralialaw.com\\\/es\\\/\",\"name\":\"Centralia Law\",\"description\":\"Al servicio del estado de Washington desde hace m\u00e1s de 75 a\u00f1os - Althauser Rayan Abbarno \",\"publisher\":{\"@id\":\"https:\\\/\\\/centralialaw.com\\\/es\\\/#organization\"},\"potentialAction\":[{\"@type\":\"SearchAction\",\"target\":{\"@type\":\"EntryPoint\",\"urlTemplate\":\"https:\\\/\\\/centralialaw.com\\\/es\\\/?s={search_term_string}\"},\"query-input\":{\"@type\":\"PropertyValueSpecification\",\"valueRequired\":true,\"valueName\":\"search_term_string\"}}],\"inLanguage\":\"es\"},{\"@type\":\"Organization\",\"@id\":\"https:\\\/\\\/centralialaw.com\\\/es\\\/#organization\",\"name\":\"Ley Centralia\",\"url\":\"https:\\\/\\\/centralialaw.com\\\/es\\\/\",\"logo\":{\"@type\":\"ImageObject\",\"inLanguage\":\"es\",\"@id\":\"https:\\\/\\\/centralialaw.com\\\/es\\\/#\\\/schema\\\/logo\\\/image\\\/\",\"url\":\"https:\\\/\\\/centralialaw.com\\\/wp-content\\\/uploads\\\/2022\\\/05\\\/ARA-Logo.png\",\"contentUrl\":\"https:\\\/\\\/centralialaw.com\\\/wp-content\\\/uploads\\\/2022\\\/05\\\/ARA-Logo.png\",\"width\":1153,\"height\":364,\"caption\":\"Ley Centralia\"},\"image\":{\"@id\":\"https:\\\/\\\/centralialaw.com\\\/es\\\/#\\\/schema\\\/logo\\\/image\\\/\"},\"sameAs\":[\"https:\\\/\\\/www.facebook.com\\\/AlthauserRayanAbbarno\\\/\",\"https:\\\/\\\/x.com\\\/PeterAbbarno\"]},{\"@type\":\"Person\",\"@id\":\"https:\\\/\\\/centralialaw.com\\\/es\\\/#\\\/schema\\\/person\\\/df75a746547e7cef043297aef1bbba38\",\"name\":\"Peter Abbarno\",\"image\":{\"@type\":\"ImageObject\",\"inLanguage\":\"es\",\"@id\":\"https:\\\/\\\/secure.gravatar.com\\\/avatar\\\/4abfe3b7079121d1f28bfcee302a24a00532f113ebafa311593e0ebac2982d3b?s=96&d=mm&r=g\",\"url\":\"https:\\\/\\\/secure.gravatar.com\\\/avatar\\\/4abfe3b7079121d1f28bfcee302a24a00532f113ebafa311593e0ebac2982d3b?s=96&d=mm&r=g\",\"contentUrl\":\"https:\\\/\\\/secure.gravatar.com\\\/avatar\\\/4abfe3b7079121d1f28bfcee302a24a00532f113ebafa311593e0ebac2982d3b?s=96&d=mm&r=g\",\"caption\":\"Peter Abbarno\"},\"url\":\"https:\\\/\\\/centralialaw.com\\\/es\\\/author\\\/peter-abbarno\\\/\"}]}<\/script>\n<!-- \/ Yoast SEO plugin. -->","yoast_head_json":{"title":"Art\u00edculo de LewisTalk.com: Althauser Rayan Abbarno \u00a1est\u00e1 ah\u00ed cuando y donde lo necesites! - Ley Centralia","description":"Peter Abbarno es abogado de Althauser Rayan Abbarno y concejal de Centralia.","robots":{"index":"index","follow":"follow","max-snippet":"max-snippet:-1","max-image-preview":"max-image-preview:large","max-video-preview":"max-video-preview:-1"},"canonical":"https:\/\/centralialaw.com\/es\/articulo-de-lewistalk-com-althauser-rayan-abbarno-esta-ahi-cuando-y-donde-lo-necesites\/","og_locale":"es_ES","og_type":"article","og_title":"Art\u00edculo de LewisTalk.com: Althauser Rayan Abbarno \u00a1est\u00e1 ah\u00ed cuando y donde lo necesites! - Ley Centralia","og_description":"Peter Abbarno es abogado de Althauser Rayan Abbarno y concejal de Centralia.","og_url":"https:\/\/centralialaw.com\/es\/articulo-de-lewistalk-com-althauser-rayan-abbarno-esta-ahi-cuando-y-donde-lo-necesites\/","og_site_name":"Ley Centralia","article_publisher":"https:\/\/www.facebook.com\/AlthauserRayanAbbarno\/","article_published_time":"2016-12-16T07:25:12+00:00","author":"Peter Abbarno","twitter_card":"summary_large_image","twitter_creator":"@PeterAbbarno","twitter_site":"@PeterAbbarno","twitter_misc":{"Written by":"Peter Abbarno"},"schema":{"@context":"https:\/\/schema.org","@graph":[{"@type":"Article","@id":"https:\/\/centralialaw.com\/es\/articulo-de-lewistalk-com-althauser-rayan-abbarno-esta-ahi-cuando-y-donde-lo-necesites\/#article","isPartOf":{"@id":"https:\/\/centralialaw.com\/es\/articulo-de-lewistalk-com-althauser-rayan-abbarno-esta-ahi-cuando-y-donde-lo-necesites\/"},"author":{"name":"Peter Abbarno","@id":"https:\/\/centralialaw.com\/es\/#\/schema\/person\/df75a746547e7cef043297aef1bbba38"},"headline":"Art\u00edculo de LewisTalk.com: Althauser Rayan Abbarno \u00a1est\u00e1 ah\u00ed cuando y donde lo necesites!","datePublished":"2016-12-16T07:25:12+00:00","mainEntityOfPage":{"@id":"https:\/\/centralialaw.com\/es\/articulo-de-lewistalk-com-althauser-rayan-abbarno-esta-ahi-cuando-y-donde-lo-necesites\/"},"wordCount":20,"publisher":{"@id":"https:\/\/centralialaw.com\/es\/#organization"},"keywords":["Accidente","Autom\u00f3vil","Centralia","Chehalis","Colisi\u00f3n","Indemnizaci\u00f3n por accidente laboral","Lesiones personales","Olimpia"],"articleSection":["Indemnizaci\u00f3n por accidente laboral","Lesiones personales"],"inLanguage":"es"},{"@type":"WebPage","@id":"https:\/\/centralialaw.com\/es\/articulo-de-lewistalk-com-althauser-rayan-abbarno-esta-ahi-cuando-y-donde-lo-necesites\/","url":"https:\/\/centralialaw.com\/es\/articulo-de-lewistalk-com-althauser-rayan-abbarno-esta-ahi-cuando-y-donde-lo-necesites\/","name":"Art\u00edculo de LewisTalk.com: Althauser Rayan Abbarno \u00a1est\u00e1 ah\u00ed cuando y donde lo necesites! - Ley Centralia","isPartOf":{"@id":"https:\/\/centralialaw.com\/es\/#website"},"datePublished":"2016-12-16T07:25:12+00:00","description":"Peter Abbarno es abogado de Althauser Rayan Abbarno y concejal de Centralia.","breadcrumb":{"@id":"https:\/\/centralialaw.com\/es\/articulo-de-lewistalk-com-althauser-rayan-abbarno-esta-ahi-cuando-y-donde-lo-necesites\/#breadcrumb"},"inLanguage":"es","potentialAction":[{"@type":"ReadAction","target":["https:\/\/centralialaw.com\/es\/articulo-de-lewistalk-com-althauser-rayan-abbarno-esta-ahi-cuando-y-donde-lo-necesites\/"]}]},{"@type":"BreadcrumbList","@id":"https:\/\/centralialaw.com\/es\/articulo-de-lewistalk-com-althauser-rayan-abbarno-esta-ahi-cuando-y-donde-lo-necesites\/#breadcrumb","itemListElement":[{"@type":"ListItem","position":1,"name":"Inicio","item":"https:\/\/centralialaw.com\/es\/"},{"@type":"ListItem","position":2,"name":"Art\u00edculo de LewisTalk.com: Althauser Rayan Abbarno \u00a1est\u00e1 ah\u00ed cuando y donde lo necesites!"}]},{"@type":"WebSite","@id":"https:\/\/centralialaw.com\/es\/#website","url":"https:\/\/centralialaw.com\/es\/","name":"Centralia Law","description":"Al servicio del estado de Washington desde hace m\u00e1s de 75 a\u00f1os - Althauser Rayan Abbarno ","publisher":{"@id":"https:\/\/centralialaw.com\/es\/#organization"},"potentialAction":[{"@type":"SearchAction","target":{"@type":"EntryPoint","urlTemplate":"https:\/\/centralialaw.com\/es\/?s={search_term_string}"},"query-input":{"@type":"PropertyValueSpecification","valueRequired":true,"valueName":"search_term_string"}}],"inLanguage":"es"},{"@type":"Organization","@id":"https:\/\/centralialaw.com\/es\/#organization","name":"Ley Centralia","url":"https:\/\/centralialaw.com\/es\/","logo":{"@type":"ImageObject","inLanguage":"es","@id":"https:\/\/centralialaw.com\/es\/#\/schema\/logo\/image\/","url":"https:\/\/centralialaw.com\/wp-content\/uploads\/2022\/05\/ARA-Logo.png","contentUrl":"https:\/\/centralialaw.com\/wp-content\/uploads\/2022\/05\/ARA-Logo.png","width":1153,"height":364,"caption":"Ley Centralia"},"image":{"@id":"https:\/\/centralialaw.com\/es\/#\/schema\/logo\/image\/"},"sameAs":["https:\/\/www.facebook.com\/AlthauserRayanAbbarno\/","https:\/\/x.com\/PeterAbbarno"]},{"@type":"Person","@id":"https:\/\/centralialaw.com\/es\/#\/schema\/person\/df75a746547e7cef043297aef1bbba38","name":"Peter Abbarno","image":{"@type":"ImageObject","inLanguage":"es","@id":"https:\/\/secure.gravatar.com\/avatar\/4abfe3b7079121d1f28bfcee302a24a00532f113ebafa311593e0ebac2982d3b?s=96&d=mm&r=g","url":"https:\/\/secure.gravatar.com\/avatar\/4abfe3b7079121d1f28bfcee302a24a00532f113ebafa311593e0ebac2982d3b?s=96&d=mm&r=g","contentUrl":"https:\/\/secure.gravatar.com\/avatar\/4abfe3b7079121d1f28bfcee302a24a00532f113ebafa311593e0ebac2982d3b?s=96&d=mm&r=g","caption":"Peter Abbarno"},"url":"https:\/\/centralialaw.com\/es\/author\/peter-abbarno\/"}]}},"_links":{"self":[{"href":"https:\/\/centralialaw.com\/es\/wp-json\/wp\/v2\/posts\/17802","targetHints":{"allow":["GET"]}}],"collection":[{"href":"https:\/\/centralialaw.com\/es\/wp-json\/wp\/v2\/posts"}],"about":[{"href":"https:\/\/centralialaw.com\/es\/wp-json\/wp\/v2\/types\/post"}],"author":[{"embeddable":true,"href":"https:\/\/centralialaw.com\/es\/wp-json\/wp\/v2\/users\/2"}],"replies":[{"embeddable":true,"href":"https:\/\/centralialaw.com\/es\/wp-json\/wp\/v2\/comments?post=17802"}],"version-history":[{"count":0,"href":"https:\/\/centralialaw.com\/es\/wp-json\/wp\/v2\/posts\/17802\/revisions"}],"wp:attachment":[{"href":"https:\/\/centralialaw.com\/es\/wp-json\/wp\/v2\/media?parent=17802"}],"wp:term":[{"taxonomy":"category","embeddable":true,"href":"https:\/\/centralialaw.com\/es\/wp-json\/wp\/v2\/categories?post=17802"},{"taxonomy":"post_tag","embeddable":true,"href":"https:\/\/centralialaw.com\/es\/wp-json\/wp\/v2\/tags?post=17802"}],"curies":[{"name":"wp","href":"https:\/\/api.w.org\/{rel}","templated":true}]}}