{"id":17821,"date":"2016-08-16T15:11:05","date_gmt":"2016-08-16T22:11:05","guid":{"rendered":"https:\/\/centralialaw.com\/una-acusacion-o-condena-penal-perjudica-tus-perspectivas-laborales\/"},"modified":"2016-08-16T15:11:05","modified_gmt":"2016-08-16T22:11:05","slug":"una-acusacion-o-condena-penal-perjudica-tus-perspectivas-laborales","status":"publish","type":"post","link":"https:\/\/centralialaw.com\/es\/una-acusacion-o-condena-penal-perjudica-tus-perspectivas-laborales\/","title":{"rendered":"\u00bfUna acusaci\u00f3n o condena penal perjudica tus perspectivas laborales?"},"content":{"rendered":"<div id=\"id_57b32aa10465f7327466769\" class=\"text_exposed_root text_exposed\">\n<p>Como la mayor\u00eda de los estadounidenses, los que buscan trabajo en el suroeste de Washington lo est\u00e1n pasando mal para conseguir un empleo. Hay demasiados candidatos para tan pocos puestos. Ahora, m\u00e1s que nunca, los buscadores de empleo tienen que hacerse notar por las razones correctas. Si tienes antecedentes penales, llamar\u00e1s la atenci\u00f3n por razones equivocadas.   <\/p>\n<p>Las acusaciones y condenas penales tienden a perseguir a las personas durante toda su vida, especialmente las que se produjeron a una edad temprana. \u00bfQu\u00e9 puedes hacer? Anular y sellar<span class=\"text_exposed_show\">tu condena penal. <\/span>   <\/p>\n<div class=\"text_exposed_show\">\n<p>Si tienes antecedentes penales, puedes solicitar al tribunal que borre esa condena de tus antecedentes. Esto significa que una vez que el tribunal anule el registro de una condena, quedar\u00e1s libre de todas las penas e incapacidades derivadas del delito, incluida la respuesta \u201cNO\u201d a la pregunta de una solicitud de empleo sobre si has sido condenado alguna vez por un delito. <\/p>\n<p>Si t\u00fa o alguien que conoces tiene una acusaci\u00f3n o condena penal que necesita que se elimine de sus antecedentes, ponte en contacto con <a class=\"profileLink\" href=\"https:\/\/www.facebook.com\/jake.mcghie.5\" data-hovercard=\"\/ajax\/hovercard\/user.php?id=638041632\"><u><span style=\"color: #0066cc;\">Jake McGhie<\/span><\/u><\/a> en el tel\u00e9fono (360) 736-1301. Althauser Rayan Abbarno representa a clientes en los condados de Thurston, Lewis, Grays Harbor y Cowlitz, as\u00ed como en todo el estado de Washington. <\/p>\n<\/div>\n<\/div>\n","protected":false},"excerpt":{"rendered":"<p>Como la mayor\u00eda de los estadounidenses, los que buscan trabajo en el suroeste de Washington lo est\u00e1n pasando mal para conseguir un empleo. Hay demasiados candidatos para tan pocos puestos. Ahora, m\u00e1s que nunca, los buscadores de empleo tienen que hacerse notar por las razones correctas. Si tienes antecedentes penales, llamar\u00e1s la atenci\u00f3n por razones [&hellip;]<\/p>\n","protected":false},"author":2,"featured_media":0,"comment_status":"closed","ping_status":"open","sticky":false,"template":"","format":"standard","meta":{"_et_pb_use_builder":"","_et_pb_old_content":"","_et_gb_content_width":"","footnotes":""},"categories":[375],"tags":[],"class_list":["post-17821","post","type-post","status-publish","format-standard","hentry","category-defensa-penal"],"yoast_head":"<!-- This site is optimized with the Yoast SEO plugin v27.4 - https:\/\/yoast.com\/product\/yoast-seo-wordpress\/ -->\n<title>\u00bfUna acusaci\u00f3n o condena penal perjudica tus perspectivas laborales? - Ley Centralia<\/title>\n<meta name=\"robots\" content=\"index, follow, max-snippet:-1, max-image-preview:large, max-video-preview:-1\" \/>\n<link rel=\"canonical\" href=\"https:\/\/centralialaw.com\/es\/una-acusacion-o-condena-penal-perjudica-tus-perspectivas-laborales\/\" \/>\n<meta property=\"og:locale\" content=\"es_ES\" \/>\n<meta property=\"og:type\" content=\"article\" \/>\n<meta property=\"og:title\" content=\"\u00bfUna acusaci\u00f3n o condena penal perjudica tus perspectivas laborales? - Ley Centralia\" \/>\n<meta property=\"og:description\" content=\"Como la mayor\u00eda de los estadounidenses, los que buscan trabajo en el suroeste de Washington lo est\u00e1n pasando mal para conseguir un empleo. Hay demasiados candidatos para tan pocos puestos. Ahora, m\u00e1s que nunca, los buscadores de empleo tienen que hacerse notar por las razones correctas. Si tienes antecedentes penales, llamar\u00e1s la atenci\u00f3n por razones [&hellip;]\" \/>\n<meta property=\"og:url\" content=\"https:\/\/centralialaw.com\/es\/una-acusacion-o-condena-penal-perjudica-tus-perspectivas-laborales\/\" \/>\n<meta property=\"og:site_name\" content=\"Ley Centralia\" \/>\n<meta property=\"article:publisher\" content=\"https:\/\/www.facebook.com\/AlthauserRayanAbbarno\/\" \/>\n<meta property=\"article:published_time\" content=\"2016-08-16T22:11:05+00:00\" \/>\n<meta name=\"author\" content=\"Peter Abbarno\" \/>\n<meta name=\"twitter:card\" content=\"summary_large_image\" \/>\n<meta name=\"twitter:creator\" content=\"@PeterAbbarno\" \/>\n<meta name=\"twitter:site\" content=\"@PeterAbbarno\" \/>\n<meta name=\"twitter:label1\" content=\"Written by\" \/>\n\t<meta name=\"twitter:data1\" content=\"Peter Abbarno\" \/>\n\t<meta name=\"twitter:label2\" content=\"Est. reading time\" \/>\n\t<meta name=\"twitter:data2\" content=\"1 minuto\" \/>\n<script type=\"application\/ld+json\" class=\"yoast-schema-graph\">{\"@context\":\"https:\\\/\\\/schema.org\",\"@graph\":[{\"@type\":\"Article\",\"@id\":\"https:\\\/\\\/centralialaw.com\\\/es\\\/una-acusacion-o-condena-penal-perjudica-tus-perspectivas-laborales\\\/#article\",\"isPartOf\":{\"@id\":\"https:\\\/\\\/centralialaw.com\\\/es\\\/una-acusacion-o-condena-penal-perjudica-tus-perspectivas-laborales\\\/\"},\"author\":{\"name\":\"Peter Abbarno\",\"@id\":\"https:\\\/\\\/centralialaw.com\\\/es\\\/#\\\/schema\\\/person\\\/df75a746547e7cef043297aef1bbba38\"},\"headline\":\"\u00bfUna acusaci\u00f3n o condena penal perjudica tus perspectivas laborales?\",\"datePublished\":\"2016-08-16T22:11:05+00:00\",\"mainEntityOfPage\":{\"@id\":\"https:\\\/\\\/centralialaw.com\\\/es\\\/una-acusacion-o-condena-penal-perjudica-tus-perspectivas-laborales\\\/\"},\"wordCount\":222,\"publisher\":{\"@id\":\"https:\\\/\\\/centralialaw.com\\\/es\\\/#organization\"},\"articleSection\":[\"Defensa Penal\"],\"inLanguage\":\"es\"},{\"@type\":\"WebPage\",\"@id\":\"https:\\\/\\\/centralialaw.com\\\/es\\\/una-acusacion-o-condena-penal-perjudica-tus-perspectivas-laborales\\\/\",\"url\":\"https:\\\/\\\/centralialaw.com\\\/es\\\/una-acusacion-o-condena-penal-perjudica-tus-perspectivas-laborales\\\/\",\"name\":\"\u00bfUna acusaci\u00f3n o condena penal perjudica tus perspectivas laborales? - Ley Centralia\",\"isPartOf\":{\"@id\":\"https:\\\/\\\/centralialaw.com\\\/es\\\/#website\"},\"datePublished\":\"2016-08-16T22:11:05+00:00\",\"breadcrumb\":{\"@id\":\"https:\\\/\\\/centralialaw.com\\\/es\\\/una-acusacion-o-condena-penal-perjudica-tus-perspectivas-laborales\\\/#breadcrumb\"},\"inLanguage\":\"es\",\"potentialAction\":[{\"@type\":\"ReadAction\",\"target\":[\"https:\\\/\\\/centralialaw.com\\\/es\\\/una-acusacion-o-condena-penal-perjudica-tus-perspectivas-laborales\\\/\"]}]},{\"@type\":\"BreadcrumbList\",\"@id\":\"https:\\\/\\\/centralialaw.com\\\/es\\\/una-acusacion-o-condena-penal-perjudica-tus-perspectivas-laborales\\\/#breadcrumb\",\"itemListElement\":[{\"@type\":\"ListItem\",\"position\":1,\"name\":\"Inicio\",\"item\":\"https:\\\/\\\/centralialaw.com\\\/es\\\/\"},{\"@type\":\"ListItem\",\"position\":2,\"name\":\"\u00bfUna acusaci\u00f3n o condena penal perjudica tus perspectivas laborales?\"}]},{\"@type\":\"WebSite\",\"@id\":\"https:\\\/\\\/centralialaw.com\\\/es\\\/#website\",\"url\":\"https:\\\/\\\/centralialaw.com\\\/es\\\/\",\"name\":\"Centralia Law\",\"description\":\"Al servicio del estado de Washington desde hace m\u00e1s de 75 a\u00f1os - Althauser Rayan Abbarno \",\"publisher\":{\"@id\":\"https:\\\/\\\/centralialaw.com\\\/es\\\/#organization\"},\"potentialAction\":[{\"@type\":\"SearchAction\",\"target\":{\"@type\":\"EntryPoint\",\"urlTemplate\":\"https:\\\/\\\/centralialaw.com\\\/es\\\/?s={search_term_string}\"},\"query-input\":{\"@type\":\"PropertyValueSpecification\",\"valueRequired\":true,\"valueName\":\"search_term_string\"}}],\"inLanguage\":\"es\"},{\"@type\":\"Organization\",\"@id\":\"https:\\\/\\\/centralialaw.com\\\/es\\\/#organization\",\"name\":\"Ley Centralia\",\"url\":\"https:\\\/\\\/centralialaw.com\\\/es\\\/\",\"logo\":{\"@type\":\"ImageObject\",\"inLanguage\":\"es\",\"@id\":\"https:\\\/\\\/centralialaw.com\\\/es\\\/#\\\/schema\\\/logo\\\/image\\\/\",\"url\":\"https:\\\/\\\/centralialaw.com\\\/wp-content\\\/uploads\\\/2022\\\/05\\\/ARA-Logo.png\",\"contentUrl\":\"https:\\\/\\\/centralialaw.com\\\/wp-content\\\/uploads\\\/2022\\\/05\\\/ARA-Logo.png\",\"width\":1153,\"height\":364,\"caption\":\"Ley Centralia\"},\"image\":{\"@id\":\"https:\\\/\\\/centralialaw.com\\\/es\\\/#\\\/schema\\\/logo\\\/image\\\/\"},\"sameAs\":[\"https:\\\/\\\/www.facebook.com\\\/AlthauserRayanAbbarno\\\/\",\"https:\\\/\\\/x.com\\\/PeterAbbarno\"]},{\"@type\":\"Person\",\"@id\":\"https:\\\/\\\/centralialaw.com\\\/es\\\/#\\\/schema\\\/person\\\/df75a746547e7cef043297aef1bbba38\",\"name\":\"Peter Abbarno\",\"image\":{\"@type\":\"ImageObject\",\"inLanguage\":\"es\",\"@id\":\"https:\\\/\\\/secure.gravatar.com\\\/avatar\\\/4abfe3b7079121d1f28bfcee302a24a00532f113ebafa311593e0ebac2982d3b?s=96&d=mm&r=g\",\"url\":\"https:\\\/\\\/secure.gravatar.com\\\/avatar\\\/4abfe3b7079121d1f28bfcee302a24a00532f113ebafa311593e0ebac2982d3b?s=96&d=mm&r=g\",\"contentUrl\":\"https:\\\/\\\/secure.gravatar.com\\\/avatar\\\/4abfe3b7079121d1f28bfcee302a24a00532f113ebafa311593e0ebac2982d3b?s=96&d=mm&r=g\",\"caption\":\"Peter Abbarno\"},\"url\":\"https:\\\/\\\/centralialaw.com\\\/es\\\/author\\\/peter-abbarno\\\/\"}]}<\/script>\n<!-- \/ Yoast SEO plugin. -->","yoast_head_json":{"title":"\u00bfUna acusaci\u00f3n o condena penal perjudica tus perspectivas laborales? - Ley Centralia","robots":{"index":"index","follow":"follow","max-snippet":"max-snippet:-1","max-image-preview":"max-image-preview:large","max-video-preview":"max-video-preview:-1"},"canonical":"https:\/\/centralialaw.com\/es\/una-acusacion-o-condena-penal-perjudica-tus-perspectivas-laborales\/","og_locale":"es_ES","og_type":"article","og_title":"\u00bfUna acusaci\u00f3n o condena penal perjudica tus perspectivas laborales? - Ley Centralia","og_description":"Como la mayor\u00eda de los estadounidenses, los que buscan trabajo en el suroeste de Washington lo est\u00e1n pasando mal para conseguir un empleo. Hay demasiados candidatos para tan pocos puestos. Ahora, m\u00e1s que nunca, los buscadores de empleo tienen que hacerse notar por las razones correctas. Si tienes antecedentes penales, llamar\u00e1s la atenci\u00f3n por razones [&hellip;]","og_url":"https:\/\/centralialaw.com\/es\/una-acusacion-o-condena-penal-perjudica-tus-perspectivas-laborales\/","og_site_name":"Ley Centralia","article_publisher":"https:\/\/www.facebook.com\/AlthauserRayanAbbarno\/","article_published_time":"2016-08-16T22:11:05+00:00","author":"Peter Abbarno","twitter_card":"summary_large_image","twitter_creator":"@PeterAbbarno","twitter_site":"@PeterAbbarno","twitter_misc":{"Written by":"Peter Abbarno","Est. reading time":"1 minuto"},"schema":{"@context":"https:\/\/schema.org","@graph":[{"@type":"Article","@id":"https:\/\/centralialaw.com\/es\/una-acusacion-o-condena-penal-perjudica-tus-perspectivas-laborales\/#article","isPartOf":{"@id":"https:\/\/centralialaw.com\/es\/una-acusacion-o-condena-penal-perjudica-tus-perspectivas-laborales\/"},"author":{"name":"Peter Abbarno","@id":"https:\/\/centralialaw.com\/es\/#\/schema\/person\/df75a746547e7cef043297aef1bbba38"},"headline":"\u00bfUna acusaci\u00f3n o condena penal perjudica tus perspectivas laborales?","datePublished":"2016-08-16T22:11:05+00:00","mainEntityOfPage":{"@id":"https:\/\/centralialaw.com\/es\/una-acusacion-o-condena-penal-perjudica-tus-perspectivas-laborales\/"},"wordCount":222,"publisher":{"@id":"https:\/\/centralialaw.com\/es\/#organization"},"articleSection":["Defensa Penal"],"inLanguage":"es"},{"@type":"WebPage","@id":"https:\/\/centralialaw.com\/es\/una-acusacion-o-condena-penal-perjudica-tus-perspectivas-laborales\/","url":"https:\/\/centralialaw.com\/es\/una-acusacion-o-condena-penal-perjudica-tus-perspectivas-laborales\/","name":"\u00bfUna acusaci\u00f3n o condena penal perjudica tus perspectivas laborales? - Ley Centralia","isPartOf":{"@id":"https:\/\/centralialaw.com\/es\/#website"},"datePublished":"2016-08-16T22:11:05+00:00","breadcrumb":{"@id":"https:\/\/centralialaw.com\/es\/una-acusacion-o-condena-penal-perjudica-tus-perspectivas-laborales\/#breadcrumb"},"inLanguage":"es","potentialAction":[{"@type":"ReadAction","target":["https:\/\/centralialaw.com\/es\/una-acusacion-o-condena-penal-perjudica-tus-perspectivas-laborales\/"]}]},{"@type":"BreadcrumbList","@id":"https:\/\/centralialaw.com\/es\/una-acusacion-o-condena-penal-perjudica-tus-perspectivas-laborales\/#breadcrumb","itemListElement":[{"@type":"ListItem","position":1,"name":"Inicio","item":"https:\/\/centralialaw.com\/es\/"},{"@type":"ListItem","position":2,"name":"\u00bfUna acusaci\u00f3n o condena penal perjudica tus perspectivas laborales?"}]},{"@type":"WebSite","@id":"https:\/\/centralialaw.com\/es\/#website","url":"https:\/\/centralialaw.com\/es\/","name":"Centralia Law","description":"Al servicio del estado de Washington desde hace m\u00e1s de 75 a\u00f1os - Althauser Rayan Abbarno ","publisher":{"@id":"https:\/\/centralialaw.com\/es\/#organization"},"potentialAction":[{"@type":"SearchAction","target":{"@type":"EntryPoint","urlTemplate":"https:\/\/centralialaw.com\/es\/?s={search_term_string}"},"query-input":{"@type":"PropertyValueSpecification","valueRequired":true,"valueName":"search_term_string"}}],"inLanguage":"es"},{"@type":"Organization","@id":"https:\/\/centralialaw.com\/es\/#organization","name":"Ley Centralia","url":"https:\/\/centralialaw.com\/es\/","logo":{"@type":"ImageObject","inLanguage":"es","@id":"https:\/\/centralialaw.com\/es\/#\/schema\/logo\/image\/","url":"https:\/\/centralialaw.com\/wp-content\/uploads\/2022\/05\/ARA-Logo.png","contentUrl":"https:\/\/centralialaw.com\/wp-content\/uploads\/2022\/05\/ARA-Logo.png","width":1153,"height":364,"caption":"Ley Centralia"},"image":{"@id":"https:\/\/centralialaw.com\/es\/#\/schema\/logo\/image\/"},"sameAs":["https:\/\/www.facebook.com\/AlthauserRayanAbbarno\/","https:\/\/x.com\/PeterAbbarno"]},{"@type":"Person","@id":"https:\/\/centralialaw.com\/es\/#\/schema\/person\/df75a746547e7cef043297aef1bbba38","name":"Peter Abbarno","image":{"@type":"ImageObject","inLanguage":"es","@id":"https:\/\/secure.gravatar.com\/avatar\/4abfe3b7079121d1f28bfcee302a24a00532f113ebafa311593e0ebac2982d3b?s=96&d=mm&r=g","url":"https:\/\/secure.gravatar.com\/avatar\/4abfe3b7079121d1f28bfcee302a24a00532f113ebafa311593e0ebac2982d3b?s=96&d=mm&r=g","contentUrl":"https:\/\/secure.gravatar.com\/avatar\/4abfe3b7079121d1f28bfcee302a24a00532f113ebafa311593e0ebac2982d3b?s=96&d=mm&r=g","caption":"Peter Abbarno"},"url":"https:\/\/centralialaw.com\/es\/author\/peter-abbarno\/"}]}},"_links":{"self":[{"href":"https:\/\/centralialaw.com\/es\/wp-json\/wp\/v2\/posts\/17821","targetHints":{"allow":["GET"]}}],"collection":[{"href":"https:\/\/centralialaw.com\/es\/wp-json\/wp\/v2\/posts"}],"about":[{"href":"https:\/\/centralialaw.com\/es\/wp-json\/wp\/v2\/types\/post"}],"author":[{"embeddable":true,"href":"https:\/\/centralialaw.com\/es\/wp-json\/wp\/v2\/users\/2"}],"replies":[{"embeddable":true,"href":"https:\/\/centralialaw.com\/es\/wp-json\/wp\/v2\/comments?post=17821"}],"version-history":[{"count":0,"href":"https:\/\/centralialaw.com\/es\/wp-json\/wp\/v2\/posts\/17821\/revisions"}],"wp:attachment":[{"href":"https:\/\/centralialaw.com\/es\/wp-json\/wp\/v2\/media?parent=17821"}],"wp:term":[{"taxonomy":"category","embeddable":true,"href":"https:\/\/centralialaw.com\/es\/wp-json\/wp\/v2\/categories?post=17821"},{"taxonomy":"post_tag","embeddable":true,"href":"https:\/\/centralialaw.com\/es\/wp-json\/wp\/v2\/tags?post=17821"}],"curies":[{"name":"wp","href":"https:\/\/api.w.org\/{rel}","templated":true}]}}