{"id":17822,"date":"2016-09-07T22:25:13","date_gmt":"2016-09-08T05:25:13","guid":{"rendered":"https:\/\/centralialaw.com\/althauser-rayan-abbarno-abogados-de-lesiones-explica-por-que-necesito-un-seguro-de-automovil\/"},"modified":"2016-09-07T22:25:13","modified_gmt":"2016-09-08T05:25:13","slug":"althauser-rayan-abbarno-abogados-de-lesiones-explica-por-que-necesito-un-seguro-de-automovil","status":"publish","type":"post","link":"https:\/\/centralialaw.com\/es\/althauser-rayan-abbarno-abogados-de-lesiones-explica-por-que-necesito-un-seguro-de-automovil\/","title":{"rendered":"Althauser Rayan Abbarno Abogados de Lesiones explica; \u00bfPor qu\u00e9 necesito un Seguro de Autom\u00f3vil?"},"content":{"rendered":"<p>Althauser Rayan Abbarno Abogados de Lesiones explica; \u00bfPor qu\u00e9 necesito un Seguro de Autom\u00f3vil?<\/p>\n<p>Una de las primeras preguntas que hacemos a nuestros clientes tras una colisi\u00f3n automovil\u00edstica es: 1) \u00bfTienes seguro? Y, 2) \u00bfSabes si el conductor negligente tiene seguro? Con demasiada frecuencia consultamos a los clientes y o bien ellos o bien el conductor negligente no tienen seguro. En el peor de los casos, \u00a1ninguno de los dos tiene seguro! Sin seguro, tus facturas m\u00e9dicas, p\u00e9rdidas salariales, un coche de alquiler pueden convertirse en tu responsabilidad personal hasta que se resuelva la reclamaci\u00f3n mediante acuerdo o juicio.      <\/p>\n<p>Nunca insistiremos lo suficiente en la importancia del seguro de autom\u00f3vil, del seguro de automovilista sin seguro (UIM) y de la protecci\u00f3n contra lesiones personales (PIP).<\/p>\n<p>El seguro UIM protege al conductor asegurado de las p\u00e9rdidas ocasionadas por otro conductor que no tiene seguro de autom\u00f3vil o que no est\u00e1 totalmente cubierto. El PIP ayuda a las v\u00edctimas a pagar los gastos m\u00e9dicos, las p\u00e9rdidas salariales, los gastos de guarder\u00eda y otras posibles p\u00e9rdidas como consecuencia de la colisi\u00f3n. Las compa\u00f1\u00edas de seguros deben ofrecer PIP y UIM como parte de la p\u00f3liza, a menos que el cliente renuncie espec\u00edficamente a la cobertura por escrito. los gastos de cuidado de los hijos y otras p\u00e9rdidas como consecuencia de la colisi\u00f3n. Las compa\u00f1\u00edas de seguros deben ofrecer PIP y UIM como parte de las p\u00f3lizas, a menos que el asegurado renuncie espec\u00edficamente a ellas por escrito    <\/p>\n<p>Aparte de las razones pr\u00e1cticas para tener un seguro de autom\u00f3vil, UIM y PIP, el Estado de Washington tiene leyes obligatorias sobre el seguro de autom\u00f3vil (RCW 46.30), que exigen a toda persona que conduzca un veh\u00edculo de motor en Washington una de las siguientes medidas: 1) Llevar un seguro de responsabilidad civil con l\u00edmites de responsabilidad de al menos 25.000 $ por lesiones o muerte de otra persona, 50.000 $ por lesiones o muerte de todas las dem\u00e1s personas y 10.000 $ por da\u00f1os a la propiedad de otra persona; 2) solicitar un certificado de dep\u00f3sito para pagar tu seguro de responsabilidad civil al Departamento de Licencias; o tener una fianza de responsabilidad civil de al menos 60.000 $.  <\/p>\n<p>Si no conoces los l\u00edmites de cobertura de tu seguro, solicita una copia de tu p\u00f3liza o revisa tu tarjeta de seguro. Las compa\u00f1\u00edas de seguros te env\u00edan una tarjeta de prueba del seguro que deber\u00eda mostrar tus l\u00edmites. <\/p>\n<p>Si has sufrido una colisi\u00f3n de autom\u00f3vil o motocicleta, ponte en contacto con Althauser Rayan Abbarno llamando al (360) 736-1301 para una consulta gratuita sobre lesiones en nuestras oficinas de Centralia u Olympia o vis\u00edtanos en <a href=\"https:\/\/centralialaw.com\/es\/\"><u>www.CentraliaLaw.com<\/u><\/a><\/p>\n","protected":false},"excerpt":{"rendered":"<p>Althauser Rayan Abbarno Abogados de Lesiones explica; \u00bfPor qu\u00e9 necesito un Seguro de Autom\u00f3vil? Una de las primeras preguntas que hacemos a nuestros clientes tras una colisi\u00f3n automovil\u00edstica es: 1) \u00bfTienes seguro? Y, 2) \u00bfSabes si el conductor negligente tiene seguro? Con demasiada frecuencia consultamos a los clientes y o bien ellos o bien el [&hellip;]<\/p>\n","protected":false},"author":2,"featured_media":0,"comment_status":"closed","ping_status":"open","sticky":false,"template":"","format":"standard","meta":{"_et_pb_use_builder":"","_et_pb_old_content":"","_et_gb_content_width":"","footnotes":""},"categories":[415],"tags":[],"class_list":["post-17822","post","type-post","status-publish","format-standard","hentry","category-lesiones-personales"],"yoast_head":"<!-- This site is optimized with the Yoast SEO plugin v27.5 - https:\/\/yoast.com\/product\/yoast-seo-wordpress\/ -->\n<title>Althauser Rayan Abbarno Abogados de Lesiones explican el Seguro del Autom\u00f3vil<\/title>\n<meta name=\"description\" content=\"Abogados de lesiones personales e indemnizaci\u00f3n laboral en Centralia y Olympia desde 1946 explican c\u00f3mo funciona el seguro tras un accidente de autom\u00f3vil\" \/>\n<meta name=\"robots\" content=\"index, follow, max-snippet:-1, max-image-preview:large, max-video-preview:-1\" \/>\n<link rel=\"canonical\" href=\"https:\/\/centralialaw.com\/es\/althauser-rayan-abbarno-abogados-de-lesiones-explica-por-que-necesito-un-seguro-de-automovil\/\" \/>\n<meta property=\"og:locale\" content=\"es_ES\" \/>\n<meta property=\"og:type\" content=\"article\" \/>\n<meta property=\"og:title\" content=\"Althauser Rayan Abbarno Abogados de Lesiones explican el Seguro del Autom\u00f3vil\" \/>\n<meta property=\"og:description\" content=\"Abogados de lesiones personales e indemnizaci\u00f3n laboral en Centralia y Olympia desde 1946 explican c\u00f3mo funciona el seguro tras un accidente de autom\u00f3vil\" \/>\n<meta property=\"og:url\" content=\"https:\/\/centralialaw.com\/es\/althauser-rayan-abbarno-abogados-de-lesiones-explica-por-que-necesito-un-seguro-de-automovil\/\" \/>\n<meta property=\"og:site_name\" content=\"Ley Centralia\" \/>\n<meta property=\"article:publisher\" content=\"https:\/\/www.facebook.com\/AlthauserRayanAbbarno\/\" \/>\n<meta property=\"article:published_time\" content=\"2016-09-08T05:25:13+00:00\" \/>\n<meta name=\"author\" content=\"Peter Abbarno\" \/>\n<meta name=\"twitter:card\" content=\"summary_large_image\" \/>\n<meta name=\"twitter:creator\" content=\"@PeterAbbarno\" \/>\n<meta name=\"twitter:site\" content=\"@PeterAbbarno\" \/>\n<meta name=\"twitter:label1\" content=\"Written by\" \/>\n\t<meta name=\"twitter:data1\" content=\"Peter Abbarno\" \/>\n\t<meta name=\"twitter:label2\" content=\"Est. reading time\" \/>\n\t<meta name=\"twitter:data2\" content=\"2 minutos\" \/>\n<script type=\"application\/ld+json\" class=\"yoast-schema-graph\">{\"@context\":\"https:\\\/\\\/schema.org\",\"@graph\":[{\"@type\":\"Article\",\"@id\":\"https:\\\/\\\/centralialaw.com\\\/es\\\/althauser-rayan-abbarno-abogados-de-lesiones-explica-por-que-necesito-un-seguro-de-automovil\\\/#article\",\"isPartOf\":{\"@id\":\"https:\\\/\\\/centralialaw.com\\\/es\\\/althauser-rayan-abbarno-abogados-de-lesiones-explica-por-que-necesito-un-seguro-de-automovil\\\/\"},\"author\":{\"name\":\"Peter Abbarno\",\"@id\":\"https:\\\/\\\/centralialaw.com\\\/es\\\/#\\\/schema\\\/person\\\/df75a746547e7cef043297aef1bbba38\"},\"headline\":\"Althauser Rayan Abbarno Abogados de Lesiones explica; \u00bfPor qu\u00e9 necesito un Seguro de Autom\u00f3vil?\",\"datePublished\":\"2016-09-08T05:25:13+00:00\",\"mainEntityOfPage\":{\"@id\":\"https:\\\/\\\/centralialaw.com\\\/es\\\/althauser-rayan-abbarno-abogados-de-lesiones-explica-por-que-necesito-un-seguro-de-automovil\\\/\"},\"wordCount\":484,\"publisher\":{\"@id\":\"https:\\\/\\\/centralialaw.com\\\/es\\\/#organization\"},\"articleSection\":[\"Lesiones personales\"],\"inLanguage\":\"es\"},{\"@type\":\"WebPage\",\"@id\":\"https:\\\/\\\/centralialaw.com\\\/es\\\/althauser-rayan-abbarno-abogados-de-lesiones-explica-por-que-necesito-un-seguro-de-automovil\\\/\",\"url\":\"https:\\\/\\\/centralialaw.com\\\/es\\\/althauser-rayan-abbarno-abogados-de-lesiones-explica-por-que-necesito-un-seguro-de-automovil\\\/\",\"name\":\"Althauser Rayan Abbarno Abogados de Lesiones explican el Seguro del Autom\u00f3vil\",\"isPartOf\":{\"@id\":\"https:\\\/\\\/centralialaw.com\\\/es\\\/#website\"},\"datePublished\":\"2016-09-08T05:25:13+00:00\",\"description\":\"Abogados de lesiones personales e indemnizaci\u00f3n laboral en Centralia y Olympia desde 1946 explican c\u00f3mo funciona el seguro tras un accidente de autom\u00f3vil\",\"breadcrumb\":{\"@id\":\"https:\\\/\\\/centralialaw.com\\\/es\\\/althauser-rayan-abbarno-abogados-de-lesiones-explica-por-que-necesito-un-seguro-de-automovil\\\/#breadcrumb\"},\"inLanguage\":\"es\",\"potentialAction\":[{\"@type\":\"ReadAction\",\"target\":[\"https:\\\/\\\/centralialaw.com\\\/es\\\/althauser-rayan-abbarno-abogados-de-lesiones-explica-por-que-necesito-un-seguro-de-automovil\\\/\"]}]},{\"@type\":\"BreadcrumbList\",\"@id\":\"https:\\\/\\\/centralialaw.com\\\/es\\\/althauser-rayan-abbarno-abogados-de-lesiones-explica-por-que-necesito-un-seguro-de-automovil\\\/#breadcrumb\",\"itemListElement\":[{\"@type\":\"ListItem\",\"position\":1,\"name\":\"Inicio\",\"item\":\"https:\\\/\\\/centralialaw.com\\\/es\\\/\"},{\"@type\":\"ListItem\",\"position\":2,\"name\":\"Althauser Rayan Abbarno Abogados de Lesiones explica; \u00bfPor qu\u00e9 necesito un Seguro de Autom\u00f3vil?\"}]},{\"@type\":\"WebSite\",\"@id\":\"https:\\\/\\\/centralialaw.com\\\/es\\\/#website\",\"url\":\"https:\\\/\\\/centralialaw.com\\\/es\\\/\",\"name\":\"Centralia Law\",\"description\":\"Al servicio del estado de Washington desde hace m\u00e1s de 75 a\u00f1os - Althauser Rayan Abbarno \",\"publisher\":{\"@id\":\"https:\\\/\\\/centralialaw.com\\\/es\\\/#organization\"},\"potentialAction\":[{\"@type\":\"SearchAction\",\"target\":{\"@type\":\"EntryPoint\",\"urlTemplate\":\"https:\\\/\\\/centralialaw.com\\\/es\\\/?s={search_term_string}\"},\"query-input\":{\"@type\":\"PropertyValueSpecification\",\"valueRequired\":true,\"valueName\":\"search_term_string\"}}],\"inLanguage\":\"es\"},{\"@type\":\"Organization\",\"@id\":\"https:\\\/\\\/centralialaw.com\\\/es\\\/#organization\",\"name\":\"Ley Centralia\",\"url\":\"https:\\\/\\\/centralialaw.com\\\/es\\\/\",\"logo\":{\"@type\":\"ImageObject\",\"inLanguage\":\"es\",\"@id\":\"https:\\\/\\\/centralialaw.com\\\/es\\\/#\\\/schema\\\/logo\\\/image\\\/\",\"url\":\"https:\\\/\\\/centralialaw.com\\\/wp-content\\\/uploads\\\/2022\\\/05\\\/ARA-Logo.png\",\"contentUrl\":\"https:\\\/\\\/centralialaw.com\\\/wp-content\\\/uploads\\\/2022\\\/05\\\/ARA-Logo.png\",\"width\":1153,\"height\":364,\"caption\":\"Ley Centralia\"},\"image\":{\"@id\":\"https:\\\/\\\/centralialaw.com\\\/es\\\/#\\\/schema\\\/logo\\\/image\\\/\"},\"sameAs\":[\"https:\\\/\\\/www.facebook.com\\\/AlthauserRayanAbbarno\\\/\",\"https:\\\/\\\/x.com\\\/PeterAbbarno\"]},{\"@type\":\"Person\",\"@id\":\"https:\\\/\\\/centralialaw.com\\\/es\\\/#\\\/schema\\\/person\\\/df75a746547e7cef043297aef1bbba38\",\"name\":\"Peter Abbarno\",\"image\":{\"@type\":\"ImageObject\",\"inLanguage\":\"es\",\"@id\":\"https:\\\/\\\/secure.gravatar.com\\\/avatar\\\/4abfe3b7079121d1f28bfcee302a24a00532f113ebafa311593e0ebac2982d3b?s=96&d=mm&r=g\",\"url\":\"https:\\\/\\\/secure.gravatar.com\\\/avatar\\\/4abfe3b7079121d1f28bfcee302a24a00532f113ebafa311593e0ebac2982d3b?s=96&d=mm&r=g\",\"contentUrl\":\"https:\\\/\\\/secure.gravatar.com\\\/avatar\\\/4abfe3b7079121d1f28bfcee302a24a00532f113ebafa311593e0ebac2982d3b?s=96&d=mm&r=g\",\"caption\":\"Peter Abbarno\"},\"url\":\"https:\\\/\\\/centralialaw.com\\\/es\\\/author\\\/peter-abbarno\\\/\"}]}<\/script>\n<!-- \/ Yoast SEO plugin. -->","yoast_head_json":{"title":"Althauser Rayan Abbarno Abogados de Lesiones explican el Seguro del Autom\u00f3vil","description":"Abogados de lesiones personales e indemnizaci\u00f3n laboral en Centralia y Olympia desde 1946 explican c\u00f3mo funciona el seguro tras un accidente de autom\u00f3vil","robots":{"index":"index","follow":"follow","max-snippet":"max-snippet:-1","max-image-preview":"max-image-preview:large","max-video-preview":"max-video-preview:-1"},"canonical":"https:\/\/centralialaw.com\/es\/althauser-rayan-abbarno-abogados-de-lesiones-explica-por-que-necesito-un-seguro-de-automovil\/","og_locale":"es_ES","og_type":"article","og_title":"Althauser Rayan Abbarno Abogados de Lesiones explican el Seguro del Autom\u00f3vil","og_description":"Abogados de lesiones personales e indemnizaci\u00f3n laboral en Centralia y Olympia desde 1946 explican c\u00f3mo funciona el seguro tras un accidente de autom\u00f3vil","og_url":"https:\/\/centralialaw.com\/es\/althauser-rayan-abbarno-abogados-de-lesiones-explica-por-que-necesito-un-seguro-de-automovil\/","og_site_name":"Ley Centralia","article_publisher":"https:\/\/www.facebook.com\/AlthauserRayanAbbarno\/","article_published_time":"2016-09-08T05:25:13+00:00","author":"Peter Abbarno","twitter_card":"summary_large_image","twitter_creator":"@PeterAbbarno","twitter_site":"@PeterAbbarno","twitter_misc":{"Written by":"Peter Abbarno","Est. reading time":"2 minutos"},"schema":{"@context":"https:\/\/schema.org","@graph":[{"@type":"Article","@id":"https:\/\/centralialaw.com\/es\/althauser-rayan-abbarno-abogados-de-lesiones-explica-por-que-necesito-un-seguro-de-automovil\/#article","isPartOf":{"@id":"https:\/\/centralialaw.com\/es\/althauser-rayan-abbarno-abogados-de-lesiones-explica-por-que-necesito-un-seguro-de-automovil\/"},"author":{"name":"Peter Abbarno","@id":"https:\/\/centralialaw.com\/es\/#\/schema\/person\/df75a746547e7cef043297aef1bbba38"},"headline":"Althauser Rayan Abbarno Abogados de Lesiones explica; \u00bfPor qu\u00e9 necesito un Seguro de Autom\u00f3vil?","datePublished":"2016-09-08T05:25:13+00:00","mainEntityOfPage":{"@id":"https:\/\/centralialaw.com\/es\/althauser-rayan-abbarno-abogados-de-lesiones-explica-por-que-necesito-un-seguro-de-automovil\/"},"wordCount":484,"publisher":{"@id":"https:\/\/centralialaw.com\/es\/#organization"},"articleSection":["Lesiones personales"],"inLanguage":"es"},{"@type":"WebPage","@id":"https:\/\/centralialaw.com\/es\/althauser-rayan-abbarno-abogados-de-lesiones-explica-por-que-necesito-un-seguro-de-automovil\/","url":"https:\/\/centralialaw.com\/es\/althauser-rayan-abbarno-abogados-de-lesiones-explica-por-que-necesito-un-seguro-de-automovil\/","name":"Althauser Rayan Abbarno Abogados de Lesiones explican el Seguro del Autom\u00f3vil","isPartOf":{"@id":"https:\/\/centralialaw.com\/es\/#website"},"datePublished":"2016-09-08T05:25:13+00:00","description":"Abogados de lesiones personales e indemnizaci\u00f3n laboral en Centralia y Olympia desde 1946 explican c\u00f3mo funciona el seguro tras un accidente de autom\u00f3vil","breadcrumb":{"@id":"https:\/\/centralialaw.com\/es\/althauser-rayan-abbarno-abogados-de-lesiones-explica-por-que-necesito-un-seguro-de-automovil\/#breadcrumb"},"inLanguage":"es","potentialAction":[{"@type":"ReadAction","target":["https:\/\/centralialaw.com\/es\/althauser-rayan-abbarno-abogados-de-lesiones-explica-por-que-necesito-un-seguro-de-automovil\/"]}]},{"@type":"BreadcrumbList","@id":"https:\/\/centralialaw.com\/es\/althauser-rayan-abbarno-abogados-de-lesiones-explica-por-que-necesito-un-seguro-de-automovil\/#breadcrumb","itemListElement":[{"@type":"ListItem","position":1,"name":"Inicio","item":"https:\/\/centralialaw.com\/es\/"},{"@type":"ListItem","position":2,"name":"Althauser Rayan Abbarno Abogados de Lesiones explica; \u00bfPor qu\u00e9 necesito un Seguro de Autom\u00f3vil?"}]},{"@type":"WebSite","@id":"https:\/\/centralialaw.com\/es\/#website","url":"https:\/\/centralialaw.com\/es\/","name":"Centralia Law","description":"Al servicio del estado de Washington desde hace m\u00e1s de 75 a\u00f1os - Althauser Rayan Abbarno ","publisher":{"@id":"https:\/\/centralialaw.com\/es\/#organization"},"potentialAction":[{"@type":"SearchAction","target":{"@type":"EntryPoint","urlTemplate":"https:\/\/centralialaw.com\/es\/?s={search_term_string}"},"query-input":{"@type":"PropertyValueSpecification","valueRequired":true,"valueName":"search_term_string"}}],"inLanguage":"es"},{"@type":"Organization","@id":"https:\/\/centralialaw.com\/es\/#organization","name":"Ley Centralia","url":"https:\/\/centralialaw.com\/es\/","logo":{"@type":"ImageObject","inLanguage":"es","@id":"https:\/\/centralialaw.com\/es\/#\/schema\/logo\/image\/","url":"https:\/\/centralialaw.com\/wp-content\/uploads\/2022\/05\/ARA-Logo.png","contentUrl":"https:\/\/centralialaw.com\/wp-content\/uploads\/2022\/05\/ARA-Logo.png","width":1153,"height":364,"caption":"Ley Centralia"},"image":{"@id":"https:\/\/centralialaw.com\/es\/#\/schema\/logo\/image\/"},"sameAs":["https:\/\/www.facebook.com\/AlthauserRayanAbbarno\/","https:\/\/x.com\/PeterAbbarno"]},{"@type":"Person","@id":"https:\/\/centralialaw.com\/es\/#\/schema\/person\/df75a746547e7cef043297aef1bbba38","name":"Peter Abbarno","image":{"@type":"ImageObject","inLanguage":"es","@id":"https:\/\/secure.gravatar.com\/avatar\/4abfe3b7079121d1f28bfcee302a24a00532f113ebafa311593e0ebac2982d3b?s=96&d=mm&r=g","url":"https:\/\/secure.gravatar.com\/avatar\/4abfe3b7079121d1f28bfcee302a24a00532f113ebafa311593e0ebac2982d3b?s=96&d=mm&r=g","contentUrl":"https:\/\/secure.gravatar.com\/avatar\/4abfe3b7079121d1f28bfcee302a24a00532f113ebafa311593e0ebac2982d3b?s=96&d=mm&r=g","caption":"Peter Abbarno"},"url":"https:\/\/centralialaw.com\/es\/author\/peter-abbarno\/"}]}},"_links":{"self":[{"href":"https:\/\/centralialaw.com\/es\/wp-json\/wp\/v2\/posts\/17822","targetHints":{"allow":["GET"]}}],"collection":[{"href":"https:\/\/centralialaw.com\/es\/wp-json\/wp\/v2\/posts"}],"about":[{"href":"https:\/\/centralialaw.com\/es\/wp-json\/wp\/v2\/types\/post"}],"author":[{"embeddable":true,"href":"https:\/\/centralialaw.com\/es\/wp-json\/wp\/v2\/users\/2"}],"replies":[{"embeddable":true,"href":"https:\/\/centralialaw.com\/es\/wp-json\/wp\/v2\/comments?post=17822"}],"version-history":[{"count":0,"href":"https:\/\/centralialaw.com\/es\/wp-json\/wp\/v2\/posts\/17822\/revisions"}],"wp:attachment":[{"href":"https:\/\/centralialaw.com\/es\/wp-json\/wp\/v2\/media?parent=17822"}],"wp:term":[{"taxonomy":"category","embeddable":true,"href":"https:\/\/centralialaw.com\/es\/wp-json\/wp\/v2\/categories?post=17822"},{"taxonomy":"post_tag","embeddable":true,"href":"https:\/\/centralialaw.com\/es\/wp-json\/wp\/v2\/tags?post=17822"}],"curies":[{"name":"wp","href":"https:\/\/api.w.org\/{rel}","templated":true}]}}