{"id":17833,"date":"2016-04-05T15:05:17","date_gmt":"2016-04-05T22:05:17","guid":{"rendered":"https:\/\/centralialaw.com\/herido-en-el-aparcamiento-del-trabajo-exclusion-de-aparcamiento\/"},"modified":"2016-04-05T15:05:17","modified_gmt":"2016-04-05T22:05:17","slug":"herido-en-el-aparcamiento-del-trabajo-exclusion-de-aparcamiento","status":"publish","type":"post","link":"https:\/\/centralialaw.com\/es\/herido-en-el-aparcamiento-del-trabajo-exclusion-de-aparcamiento\/","title":{"rendered":"\u00bfHerido en el aparcamiento del trabajo? \u00a1Exclusi\u00f3n de aparcamiento!"},"content":{"rendered":"<p>\u00bfSab\u00edas que el aparcamiento de tu empresa est\u00e1 excluido de la cobertura por accidentes laborales? A menos que el empleado est\u00e9 realizando una actividad relacionada con el trabajo o que el aparcamiento sea un \u201clugar de trabajo\u201d real, la cobertura de la Indemnizaci\u00f3n por Accidentes de Trabajo suele estar excluida. Las exclusiones de los aparcamientos y la posibilidad de una reclamaci\u00f3n por da\u00f1os personales de terceros dependen mucho de los hechos. Si t\u00fa o alguien que conoces se ha lesionado en el trabajo, ponte en contacto con Peter Abbarno en el (360) 736-1301 para una consulta gratuita sobre lesiones. Con oficinas en Olympia y Centralia, nuestros abogados de lesiones pueden reunirse con clientes de todo el SO de Washington, incluidos los condados de Thurston (Lacey, Olympia, Tumwater), Grays Harbor (Elma, Montesano, Aberdeen), Pacific, Cowlitz (Kelso, Longview) y Lewis (Centralia, Chehalis, Morton, Packwood).    <\/p>\n","protected":false},"excerpt":{"rendered":"<p>\u00bfSab\u00edas que el aparcamiento de tu empresa est\u00e1 excluido de la cobertura por accidentes laborales? A menos que el empleado est\u00e9 realizando una actividad relacionada con el trabajo o que el aparcamiento sea un \u201clugar de trabajo\u201d real, la cobertura de la Indemnizaci\u00f3n por Accidentes de Trabajo suele estar excluida. Las exclusiones de los aparcamientos [&hellip;]<\/p>\n","protected":false},"author":2,"featured_media":0,"comment_status":"closed","ping_status":"open","sticky":false,"template":"","format":"standard","meta":{"_et_pb_use_builder":"","_et_pb_old_content":"","_et_gb_content_width":"","footnotes":""},"categories":[361],"tags":[],"class_list":["post-17833","post","type-post","status-publish","format-standard","hentry","category-sin-categoria"],"yoast_head":"<!-- This site is optimized with the Yoast SEO plugin v27.5 - https:\/\/yoast.com\/product\/yoast-seo-wordpress\/ -->\n<title>\u00bfHerido en el aparcamiento del trabajo? \u00a1Exclusi\u00f3n de aparcamiento! - Ley Centralia<\/title>\n<meta name=\"robots\" content=\"index, follow, max-snippet:-1, max-image-preview:large, max-video-preview:-1\" \/>\n<link rel=\"canonical\" href=\"https:\/\/centralialaw.com\/es\/herido-en-el-aparcamiento-del-trabajo-exclusion-de-aparcamiento\/\" \/>\n<meta property=\"og:locale\" content=\"es_ES\" \/>\n<meta property=\"og:type\" content=\"article\" \/>\n<meta property=\"og:title\" content=\"\u00bfHerido en el aparcamiento del trabajo? \u00a1Exclusi\u00f3n de aparcamiento! - Ley Centralia\" \/>\n<meta property=\"og:description\" content=\"\u00bfSab\u00edas que el aparcamiento de tu empresa est\u00e1 excluido de la cobertura por accidentes laborales? A menos que el empleado est\u00e9 realizando una actividad relacionada con el trabajo o que el aparcamiento sea un \u201clugar de trabajo\u201d real, la cobertura de la Indemnizaci\u00f3n por Accidentes de Trabajo suele estar excluida. Las exclusiones de los aparcamientos [&hellip;]\" \/>\n<meta property=\"og:url\" content=\"https:\/\/centralialaw.com\/es\/herido-en-el-aparcamiento-del-trabajo-exclusion-de-aparcamiento\/\" \/>\n<meta property=\"og:site_name\" content=\"Ley Centralia\" \/>\n<meta property=\"article:publisher\" content=\"https:\/\/www.facebook.com\/AlthauserRayanAbbarno\/\" \/>\n<meta property=\"article:published_time\" content=\"2016-04-05T22:05:17+00:00\" \/>\n<meta name=\"author\" content=\"Peter Abbarno\" \/>\n<meta name=\"twitter:card\" content=\"summary_large_image\" \/>\n<meta name=\"twitter:creator\" content=\"@PeterAbbarno\" \/>\n<meta name=\"twitter:site\" content=\"@PeterAbbarno\" \/>\n<meta name=\"twitter:label1\" content=\"Written by\" \/>\n\t<meta name=\"twitter:data1\" content=\"Peter Abbarno\" \/>\n\t<meta name=\"twitter:label2\" content=\"Est. reading time\" \/>\n\t<meta name=\"twitter:data2\" content=\"1 minuto\" \/>\n<script type=\"application\/ld+json\" class=\"yoast-schema-graph\">{\"@context\":\"https:\\\/\\\/schema.org\",\"@graph\":[{\"@type\":\"Article\",\"@id\":\"https:\\\/\\\/centralialaw.com\\\/es\\\/herido-en-el-aparcamiento-del-trabajo-exclusion-de-aparcamiento\\\/#article\",\"isPartOf\":{\"@id\":\"https:\\\/\\\/centralialaw.com\\\/es\\\/herido-en-el-aparcamiento-del-trabajo-exclusion-de-aparcamiento\\\/\"},\"author\":{\"name\":\"Peter Abbarno\",\"@id\":\"https:\\\/\\\/centralialaw.com\\\/es\\\/#\\\/schema\\\/person\\\/df75a746547e7cef043297aef1bbba38\"},\"headline\":\"\u00bfHerido en el aparcamiento del trabajo? \u00a1Exclusi\u00f3n de aparcamiento!\",\"datePublished\":\"2016-04-05T22:05:17+00:00\",\"mainEntityOfPage\":{\"@id\":\"https:\\\/\\\/centralialaw.com\\\/es\\\/herido-en-el-aparcamiento-del-trabajo-exclusion-de-aparcamiento\\\/\"},\"wordCount\":155,\"publisher\":{\"@id\":\"https:\\\/\\\/centralialaw.com\\\/es\\\/#organization\"},\"inLanguage\":\"es\"},{\"@type\":\"WebPage\",\"@id\":\"https:\\\/\\\/centralialaw.com\\\/es\\\/herido-en-el-aparcamiento-del-trabajo-exclusion-de-aparcamiento\\\/\",\"url\":\"https:\\\/\\\/centralialaw.com\\\/es\\\/herido-en-el-aparcamiento-del-trabajo-exclusion-de-aparcamiento\\\/\",\"name\":\"\u00bfHerido en el aparcamiento del trabajo? \u00a1Exclusi\u00f3n de aparcamiento! - Ley Centralia\",\"isPartOf\":{\"@id\":\"https:\\\/\\\/centralialaw.com\\\/es\\\/#website\"},\"datePublished\":\"2016-04-05T22:05:17+00:00\",\"breadcrumb\":{\"@id\":\"https:\\\/\\\/centralialaw.com\\\/es\\\/herido-en-el-aparcamiento-del-trabajo-exclusion-de-aparcamiento\\\/#breadcrumb\"},\"inLanguage\":\"es\",\"potentialAction\":[{\"@type\":\"ReadAction\",\"target\":[\"https:\\\/\\\/centralialaw.com\\\/es\\\/herido-en-el-aparcamiento-del-trabajo-exclusion-de-aparcamiento\\\/\"]}]},{\"@type\":\"BreadcrumbList\",\"@id\":\"https:\\\/\\\/centralialaw.com\\\/es\\\/herido-en-el-aparcamiento-del-trabajo-exclusion-de-aparcamiento\\\/#breadcrumb\",\"itemListElement\":[{\"@type\":\"ListItem\",\"position\":1,\"name\":\"Inicio\",\"item\":\"https:\\\/\\\/centralialaw.com\\\/es\\\/\"},{\"@type\":\"ListItem\",\"position\":2,\"name\":\"\u00bfHerido en el aparcamiento del trabajo? \u00a1Exclusi\u00f3n de aparcamiento!\"}]},{\"@type\":\"WebSite\",\"@id\":\"https:\\\/\\\/centralialaw.com\\\/es\\\/#website\",\"url\":\"https:\\\/\\\/centralialaw.com\\\/es\\\/\",\"name\":\"Centralia Law\",\"description\":\"Al servicio del estado de Washington desde hace m\u00e1s de 75 a\u00f1os - Althauser Rayan Abbarno \",\"publisher\":{\"@id\":\"https:\\\/\\\/centralialaw.com\\\/es\\\/#organization\"},\"potentialAction\":[{\"@type\":\"SearchAction\",\"target\":{\"@type\":\"EntryPoint\",\"urlTemplate\":\"https:\\\/\\\/centralialaw.com\\\/es\\\/?s={search_term_string}\"},\"query-input\":{\"@type\":\"PropertyValueSpecification\",\"valueRequired\":true,\"valueName\":\"search_term_string\"}}],\"inLanguage\":\"es\"},{\"@type\":\"Organization\",\"@id\":\"https:\\\/\\\/centralialaw.com\\\/es\\\/#organization\",\"name\":\"Ley Centralia\",\"url\":\"https:\\\/\\\/centralialaw.com\\\/es\\\/\",\"logo\":{\"@type\":\"ImageObject\",\"inLanguage\":\"es\",\"@id\":\"https:\\\/\\\/centralialaw.com\\\/es\\\/#\\\/schema\\\/logo\\\/image\\\/\",\"url\":\"https:\\\/\\\/centralialaw.com\\\/wp-content\\\/uploads\\\/2022\\\/05\\\/ARA-Logo.png\",\"contentUrl\":\"https:\\\/\\\/centralialaw.com\\\/wp-content\\\/uploads\\\/2022\\\/05\\\/ARA-Logo.png\",\"width\":1153,\"height\":364,\"caption\":\"Ley Centralia\"},\"image\":{\"@id\":\"https:\\\/\\\/centralialaw.com\\\/es\\\/#\\\/schema\\\/logo\\\/image\\\/\"},\"sameAs\":[\"https:\\\/\\\/www.facebook.com\\\/AlthauserRayanAbbarno\\\/\",\"https:\\\/\\\/x.com\\\/PeterAbbarno\"]},{\"@type\":\"Person\",\"@id\":\"https:\\\/\\\/centralialaw.com\\\/es\\\/#\\\/schema\\\/person\\\/df75a746547e7cef043297aef1bbba38\",\"name\":\"Peter Abbarno\",\"image\":{\"@type\":\"ImageObject\",\"inLanguage\":\"es\",\"@id\":\"https:\\\/\\\/secure.gravatar.com\\\/avatar\\\/4abfe3b7079121d1f28bfcee302a24a00532f113ebafa311593e0ebac2982d3b?s=96&d=mm&r=g\",\"url\":\"https:\\\/\\\/secure.gravatar.com\\\/avatar\\\/4abfe3b7079121d1f28bfcee302a24a00532f113ebafa311593e0ebac2982d3b?s=96&d=mm&r=g\",\"contentUrl\":\"https:\\\/\\\/secure.gravatar.com\\\/avatar\\\/4abfe3b7079121d1f28bfcee302a24a00532f113ebafa311593e0ebac2982d3b?s=96&d=mm&r=g\",\"caption\":\"Peter Abbarno\"},\"url\":\"https:\\\/\\\/centralialaw.com\\\/es\\\/author\\\/peter-abbarno\\\/\"}]}<\/script>\n<!-- \/ Yoast SEO plugin. -->","yoast_head_json":{"title":"\u00bfHerido en el aparcamiento del trabajo? \u00a1Exclusi\u00f3n de aparcamiento! - Ley Centralia","robots":{"index":"index","follow":"follow","max-snippet":"max-snippet:-1","max-image-preview":"max-image-preview:large","max-video-preview":"max-video-preview:-1"},"canonical":"https:\/\/centralialaw.com\/es\/herido-en-el-aparcamiento-del-trabajo-exclusion-de-aparcamiento\/","og_locale":"es_ES","og_type":"article","og_title":"\u00bfHerido en el aparcamiento del trabajo? \u00a1Exclusi\u00f3n de aparcamiento! - Ley Centralia","og_description":"\u00bfSab\u00edas que el aparcamiento de tu empresa est\u00e1 excluido de la cobertura por accidentes laborales? A menos que el empleado est\u00e9 realizando una actividad relacionada con el trabajo o que el aparcamiento sea un \u201clugar de trabajo\u201d real, la cobertura de la Indemnizaci\u00f3n por Accidentes de Trabajo suele estar excluida. Las exclusiones de los aparcamientos [&hellip;]","og_url":"https:\/\/centralialaw.com\/es\/herido-en-el-aparcamiento-del-trabajo-exclusion-de-aparcamiento\/","og_site_name":"Ley Centralia","article_publisher":"https:\/\/www.facebook.com\/AlthauserRayanAbbarno\/","article_published_time":"2016-04-05T22:05:17+00:00","author":"Peter Abbarno","twitter_card":"summary_large_image","twitter_creator":"@PeterAbbarno","twitter_site":"@PeterAbbarno","twitter_misc":{"Written by":"Peter Abbarno","Est. reading time":"1 minuto"},"schema":{"@context":"https:\/\/schema.org","@graph":[{"@type":"Article","@id":"https:\/\/centralialaw.com\/es\/herido-en-el-aparcamiento-del-trabajo-exclusion-de-aparcamiento\/#article","isPartOf":{"@id":"https:\/\/centralialaw.com\/es\/herido-en-el-aparcamiento-del-trabajo-exclusion-de-aparcamiento\/"},"author":{"name":"Peter Abbarno","@id":"https:\/\/centralialaw.com\/es\/#\/schema\/person\/df75a746547e7cef043297aef1bbba38"},"headline":"\u00bfHerido en el aparcamiento del trabajo? \u00a1Exclusi\u00f3n de aparcamiento!","datePublished":"2016-04-05T22:05:17+00:00","mainEntityOfPage":{"@id":"https:\/\/centralialaw.com\/es\/herido-en-el-aparcamiento-del-trabajo-exclusion-de-aparcamiento\/"},"wordCount":155,"publisher":{"@id":"https:\/\/centralialaw.com\/es\/#organization"},"inLanguage":"es"},{"@type":"WebPage","@id":"https:\/\/centralialaw.com\/es\/herido-en-el-aparcamiento-del-trabajo-exclusion-de-aparcamiento\/","url":"https:\/\/centralialaw.com\/es\/herido-en-el-aparcamiento-del-trabajo-exclusion-de-aparcamiento\/","name":"\u00bfHerido en el aparcamiento del trabajo? \u00a1Exclusi\u00f3n de aparcamiento! - Ley Centralia","isPartOf":{"@id":"https:\/\/centralialaw.com\/es\/#website"},"datePublished":"2016-04-05T22:05:17+00:00","breadcrumb":{"@id":"https:\/\/centralialaw.com\/es\/herido-en-el-aparcamiento-del-trabajo-exclusion-de-aparcamiento\/#breadcrumb"},"inLanguage":"es","potentialAction":[{"@type":"ReadAction","target":["https:\/\/centralialaw.com\/es\/herido-en-el-aparcamiento-del-trabajo-exclusion-de-aparcamiento\/"]}]},{"@type":"BreadcrumbList","@id":"https:\/\/centralialaw.com\/es\/herido-en-el-aparcamiento-del-trabajo-exclusion-de-aparcamiento\/#breadcrumb","itemListElement":[{"@type":"ListItem","position":1,"name":"Inicio","item":"https:\/\/centralialaw.com\/es\/"},{"@type":"ListItem","position":2,"name":"\u00bfHerido en el aparcamiento del trabajo? \u00a1Exclusi\u00f3n de aparcamiento!"}]},{"@type":"WebSite","@id":"https:\/\/centralialaw.com\/es\/#website","url":"https:\/\/centralialaw.com\/es\/","name":"Centralia Law","description":"Al servicio del estado de Washington desde hace m\u00e1s de 75 a\u00f1os - Althauser Rayan Abbarno ","publisher":{"@id":"https:\/\/centralialaw.com\/es\/#organization"},"potentialAction":[{"@type":"SearchAction","target":{"@type":"EntryPoint","urlTemplate":"https:\/\/centralialaw.com\/es\/?s={search_term_string}"},"query-input":{"@type":"PropertyValueSpecification","valueRequired":true,"valueName":"search_term_string"}}],"inLanguage":"es"},{"@type":"Organization","@id":"https:\/\/centralialaw.com\/es\/#organization","name":"Ley Centralia","url":"https:\/\/centralialaw.com\/es\/","logo":{"@type":"ImageObject","inLanguage":"es","@id":"https:\/\/centralialaw.com\/es\/#\/schema\/logo\/image\/","url":"https:\/\/centralialaw.com\/wp-content\/uploads\/2022\/05\/ARA-Logo.png","contentUrl":"https:\/\/centralialaw.com\/wp-content\/uploads\/2022\/05\/ARA-Logo.png","width":1153,"height":364,"caption":"Ley Centralia"},"image":{"@id":"https:\/\/centralialaw.com\/es\/#\/schema\/logo\/image\/"},"sameAs":["https:\/\/www.facebook.com\/AlthauserRayanAbbarno\/","https:\/\/x.com\/PeterAbbarno"]},{"@type":"Person","@id":"https:\/\/centralialaw.com\/es\/#\/schema\/person\/df75a746547e7cef043297aef1bbba38","name":"Peter Abbarno","image":{"@type":"ImageObject","inLanguage":"es","@id":"https:\/\/secure.gravatar.com\/avatar\/4abfe3b7079121d1f28bfcee302a24a00532f113ebafa311593e0ebac2982d3b?s=96&d=mm&r=g","url":"https:\/\/secure.gravatar.com\/avatar\/4abfe3b7079121d1f28bfcee302a24a00532f113ebafa311593e0ebac2982d3b?s=96&d=mm&r=g","contentUrl":"https:\/\/secure.gravatar.com\/avatar\/4abfe3b7079121d1f28bfcee302a24a00532f113ebafa311593e0ebac2982d3b?s=96&d=mm&r=g","caption":"Peter Abbarno"},"url":"https:\/\/centralialaw.com\/es\/author\/peter-abbarno\/"}]}},"_links":{"self":[{"href":"https:\/\/centralialaw.com\/es\/wp-json\/wp\/v2\/posts\/17833","targetHints":{"allow":["GET"]}}],"collection":[{"href":"https:\/\/centralialaw.com\/es\/wp-json\/wp\/v2\/posts"}],"about":[{"href":"https:\/\/centralialaw.com\/es\/wp-json\/wp\/v2\/types\/post"}],"author":[{"embeddable":true,"href":"https:\/\/centralialaw.com\/es\/wp-json\/wp\/v2\/users\/2"}],"replies":[{"embeddable":true,"href":"https:\/\/centralialaw.com\/es\/wp-json\/wp\/v2\/comments?post=17833"}],"version-history":[{"count":0,"href":"https:\/\/centralialaw.com\/es\/wp-json\/wp\/v2\/posts\/17833\/revisions"}],"wp:attachment":[{"href":"https:\/\/centralialaw.com\/es\/wp-json\/wp\/v2\/media?parent=17833"}],"wp:term":[{"taxonomy":"category","embeddable":true,"href":"https:\/\/centralialaw.com\/es\/wp-json\/wp\/v2\/categories?post=17833"},{"taxonomy":"post_tag","embeddable":true,"href":"https:\/\/centralialaw.com\/es\/wp-json\/wp\/v2\/tags?post=17833"}],"curies":[{"name":"wp","href":"https:\/\/api.w.org\/{rel}","templated":true}]}}