{"id":17849,"date":"2015-12-29T18:23:51","date_gmt":"2015-12-30T02:23:51","guid":{"rendered":"https:\/\/centralialaw.com\/te-has-lesionado-en-el-trabajo-lee-todas-las-ordenes-de-tu-departamento\/"},"modified":"2015-12-29T18:23:51","modified_gmt":"2015-12-30T02:23:51","slug":"te-has-lesionado-en-el-trabajo-lee-todas-las-ordenes-de-tu-departamento","status":"publish","type":"post","link":"https:\/\/centralialaw.com\/es\/te-has-lesionado-en-el-trabajo-lee-todas-las-ordenes-de-tu-departamento\/","title":{"rendered":"\u00bfTe has lesionado en el trabajo? \u00a1Lee todas las \u00d3rdenes de tu Departamento!"},"content":{"rendered":"<p><strong>\u00bfLesiones laborales?<\/strong> Conf\u00eda en <a href=\"https:\/\/www.facebook.com\/AlthauserRayanAbbarno\/\">Althauser Rayan Abbarno<\/a>: \u00a1Abogados de Indemnizaci\u00f3n Laboral!<\/p>\n<p>Si te has lesionado en el trabajo, \u00a1lee con mucha atenci\u00f3n todas las comunicaciones del Departamento de Trabajo e Industrias o del empresario que se ha autolesionado! Si una orden no se recurre correctamente y en el plazo adecuado, el trabajador lesionado puede renunciar a todos los derechos y prestaciones asociados a la reclamaci\u00f3n. <\/p>\n<p>El Departamento o el empresario autoasegurado pueden intentar cerrar tu reclamaci\u00f3n poniendo el texto \u201cEsta Reclamaci\u00f3n est\u00e1 Cerrada\u201d en alg\u00fan lugar en medio de una Orden de Pago u otra Orden para cerrar la reclamaci\u00f3n antes de que hayas recibido todas tus prestaciones y terminado el tratamiento.<\/p>\n<p>El Departamento puede denegarte todas las prestaciones futuras, el tratamiento y la oportunidad de reciclaje profesional. Generalmente, un trabajador lesionado s\u00f3lo dispone de sesenta (60) d\u00edas para protestar o recurrir una orden del Departamento de Trabajo e Industrias o del empresario autoasegurado. <\/p>\n<p>Si un trabajador lesionado no protesta o recurre una orden de cierre en el plazo de 60 d\u00edas desde la recepci\u00f3n de la orden, pueden extinguirse sus derechos y prestaciones, incluidas las indemnizaciones por P\u00e9rdida de Tiempo, P\u00e9rdida de Poder Adquisitivo, Tratamiento M\u00e9dico, Servicios Profesionales, Incapacidad Parcial Permanente y Pensiones.<\/p>\n<p>Si t\u00fa o alguien que conoces se lesion\u00f3 en el trabajo, ponte en contacto con Peter Abbarno, de Althauser Rayan Abbarno, para una consulta gratuita sobre lesiones en Olympia o Centralia, llamando al (360) 736-1301.<\/p>\n","protected":false},"excerpt":{"rendered":"<p>\u00bfLesiones laborales? Conf\u00eda en Althauser Rayan Abbarno: \u00a1Abogados de Indemnizaci\u00f3n Laboral! Si te has lesionado en el trabajo, \u00a1lee con mucha atenci\u00f3n todas las comunicaciones del Departamento de Trabajo e Industrias o del empresario que se ha autolesionado! Si una orden no se recurre correctamente y en el plazo adecuado, el trabajador lesionado puede renunciar [&hellip;]<\/p>\n","protected":false},"author":1,"featured_media":0,"comment_status":"closed","ping_status":"closed","sticky":false,"template":"","format":"standard","meta":{"_et_pb_use_builder":"","_et_pb_old_content":"","_et_gb_content_width":"","footnotes":""},"categories":[368],"tags":[642],"class_list":["post-17849","post","type-post","status-publish","format-standard","hentry","category-indemnizacion-por-accidente-laboral","tag-lesion-laboral"],"yoast_head":"<!-- This site is optimized with the Yoast SEO plugin v27.4 - https:\/\/yoast.com\/product\/yoast-seo-wordpress\/ -->\n<title>Abogados laboralistas de Centralia y Olympia. \u00bfLesi\u00f3n Laboral?<\/title>\n<meta name=\"description\" content=\"Si te has lesionado en el trabajo, conf\u00eda en la experiencia de Althauser Rayan Abbarno para tu caso de indemnizaci\u00f3n laboral. Consulta gratuita sobre lesiones en Centralia\" \/>\n<meta name=\"robots\" content=\"index, follow, max-snippet:-1, max-image-preview:large, max-video-preview:-1\" \/>\n<link rel=\"canonical\" href=\"https:\/\/centralialaw.com\/es\/te-has-lesionado-en-el-trabajo-lee-todas-las-ordenes-de-tu-departamento\/\" \/>\n<meta property=\"og:locale\" content=\"es_ES\" \/>\n<meta property=\"og:type\" content=\"article\" \/>\n<meta property=\"og:title\" content=\"Abogados laboralistas de Centralia y Olympia. \u00bfLesi\u00f3n Laboral?\" \/>\n<meta property=\"og:description\" content=\"Si te has lesionado en el trabajo, conf\u00eda en la experiencia de Althauser Rayan Abbarno para tu caso de indemnizaci\u00f3n laboral. Consulta gratuita sobre lesiones en Centralia\" \/>\n<meta property=\"og:url\" content=\"https:\/\/centralialaw.com\/es\/te-has-lesionado-en-el-trabajo-lee-todas-las-ordenes-de-tu-departamento\/\" \/>\n<meta property=\"og:site_name\" content=\"Ley Centralia\" \/>\n<meta property=\"article:publisher\" content=\"https:\/\/www.facebook.com\/AlthauserRayanAbbarno\/\" \/>\n<meta property=\"article:published_time\" content=\"2015-12-30T02:23:51+00:00\" \/>\n<meta name=\"author\" content=\"silveragency\" \/>\n<meta name=\"twitter:card\" content=\"summary_large_image\" \/>\n<meta name=\"twitter:creator\" content=\"@PeterAbbarno\" \/>\n<meta name=\"twitter:site\" content=\"@PeterAbbarno\" \/>\n<meta name=\"twitter:label1\" content=\"Written by\" \/>\n\t<meta name=\"twitter:data1\" content=\"silveragency\" \/>\n\t<meta name=\"twitter:label2\" content=\"Est. reading time\" \/>\n\t<meta name=\"twitter:data2\" content=\"1 minuto\" \/>\n<script type=\"application\/ld+json\" class=\"yoast-schema-graph\">{\"@context\":\"https:\\\/\\\/schema.org\",\"@graph\":[{\"@type\":\"Article\",\"@id\":\"https:\\\/\\\/centralialaw.com\\\/es\\\/te-has-lesionado-en-el-trabajo-lee-todas-las-ordenes-de-tu-departamento\\\/#article\",\"isPartOf\":{\"@id\":\"https:\\\/\\\/centralialaw.com\\\/es\\\/te-has-lesionado-en-el-trabajo-lee-todas-las-ordenes-de-tu-departamento\\\/\"},\"author\":{\"name\":\"silveragency\",\"@id\":\"https:\\\/\\\/centralialaw.com\\\/es\\\/#\\\/schema\\\/person\\\/c90a306e6cec19446363bb73622e38f0\"},\"headline\":\"\u00bfTe has lesionado en el trabajo? \u00a1Lee todas las \u00d3rdenes de tu Departamento!\",\"datePublished\":\"2015-12-30T02:23:51+00:00\",\"mainEntityOfPage\":{\"@id\":\"https:\\\/\\\/centralialaw.com\\\/es\\\/te-has-lesionado-en-el-trabajo-lee-todas-las-ordenes-de-tu-departamento\\\/\"},\"wordCount\":264,\"publisher\":{\"@id\":\"https:\\\/\\\/centralialaw.com\\\/es\\\/#organization\"},\"keywords\":[\"Lesi\u00f3n laboral\"],\"articleSection\":[\"Indemnizaci\u00f3n por accidente laboral\"],\"inLanguage\":\"es\"},{\"@type\":\"WebPage\",\"@id\":\"https:\\\/\\\/centralialaw.com\\\/es\\\/te-has-lesionado-en-el-trabajo-lee-todas-las-ordenes-de-tu-departamento\\\/\",\"url\":\"https:\\\/\\\/centralialaw.com\\\/es\\\/te-has-lesionado-en-el-trabajo-lee-todas-las-ordenes-de-tu-departamento\\\/\",\"name\":\"Abogados laboralistas de Centralia y Olympia. \u00bfLesi\u00f3n Laboral?\",\"isPartOf\":{\"@id\":\"https:\\\/\\\/centralialaw.com\\\/es\\\/#website\"},\"datePublished\":\"2015-12-30T02:23:51+00:00\",\"description\":\"Si te has lesionado en el trabajo, conf\u00eda en la experiencia de Althauser Rayan Abbarno para tu caso de indemnizaci\u00f3n laboral. Consulta gratuita sobre lesiones en Centralia\",\"breadcrumb\":{\"@id\":\"https:\\\/\\\/centralialaw.com\\\/es\\\/te-has-lesionado-en-el-trabajo-lee-todas-las-ordenes-de-tu-departamento\\\/#breadcrumb\"},\"inLanguage\":\"es\",\"potentialAction\":[{\"@type\":\"ReadAction\",\"target\":[\"https:\\\/\\\/centralialaw.com\\\/es\\\/te-has-lesionado-en-el-trabajo-lee-todas-las-ordenes-de-tu-departamento\\\/\"]}]},{\"@type\":\"BreadcrumbList\",\"@id\":\"https:\\\/\\\/centralialaw.com\\\/es\\\/te-has-lesionado-en-el-trabajo-lee-todas-las-ordenes-de-tu-departamento\\\/#breadcrumb\",\"itemListElement\":[{\"@type\":\"ListItem\",\"position\":1,\"name\":\"Inicio\",\"item\":\"https:\\\/\\\/centralialaw.com\\\/es\\\/\"},{\"@type\":\"ListItem\",\"position\":2,\"name\":\"\u00bfTe has lesionado en el trabajo? \u00a1Lee todas las \u00d3rdenes de tu Departamento!\"}]},{\"@type\":\"WebSite\",\"@id\":\"https:\\\/\\\/centralialaw.com\\\/es\\\/#website\",\"url\":\"https:\\\/\\\/centralialaw.com\\\/es\\\/\",\"name\":\"Centralia Law\",\"description\":\"Al servicio del estado de Washington desde hace m\u00e1s de 75 a\u00f1os - Althauser Rayan Abbarno \",\"publisher\":{\"@id\":\"https:\\\/\\\/centralialaw.com\\\/es\\\/#organization\"},\"potentialAction\":[{\"@type\":\"SearchAction\",\"target\":{\"@type\":\"EntryPoint\",\"urlTemplate\":\"https:\\\/\\\/centralialaw.com\\\/es\\\/?s={search_term_string}\"},\"query-input\":{\"@type\":\"PropertyValueSpecification\",\"valueRequired\":true,\"valueName\":\"search_term_string\"}}],\"inLanguage\":\"es\"},{\"@type\":\"Organization\",\"@id\":\"https:\\\/\\\/centralialaw.com\\\/es\\\/#organization\",\"name\":\"Ley Centralia\",\"url\":\"https:\\\/\\\/centralialaw.com\\\/es\\\/\",\"logo\":{\"@type\":\"ImageObject\",\"inLanguage\":\"es\",\"@id\":\"https:\\\/\\\/centralialaw.com\\\/es\\\/#\\\/schema\\\/logo\\\/image\\\/\",\"url\":\"https:\\\/\\\/centralialaw.com\\\/wp-content\\\/uploads\\\/2022\\\/05\\\/ARA-Logo.png\",\"contentUrl\":\"https:\\\/\\\/centralialaw.com\\\/wp-content\\\/uploads\\\/2022\\\/05\\\/ARA-Logo.png\",\"width\":1153,\"height\":364,\"caption\":\"Ley Centralia\"},\"image\":{\"@id\":\"https:\\\/\\\/centralialaw.com\\\/es\\\/#\\\/schema\\\/logo\\\/image\\\/\"},\"sameAs\":[\"https:\\\/\\\/www.facebook.com\\\/AlthauserRayanAbbarno\\\/\",\"https:\\\/\\\/x.com\\\/PeterAbbarno\"]},{\"@type\":\"Person\",\"@id\":\"https:\\\/\\\/centralialaw.com\\\/es\\\/#\\\/schema\\\/person\\\/c90a306e6cec19446363bb73622e38f0\",\"name\":\"silveragency\",\"image\":{\"@type\":\"ImageObject\",\"inLanguage\":\"es\",\"@id\":\"https:\\\/\\\/secure.gravatar.com\\\/avatar\\\/4651f4f7a0b935cb1de39e18a57f11b714fe08c8958a68707e471418252972e5?s=96&d=mm&r=g\",\"url\":\"https:\\\/\\\/secure.gravatar.com\\\/avatar\\\/4651f4f7a0b935cb1de39e18a57f11b714fe08c8958a68707e471418252972e5?s=96&d=mm&r=g\",\"contentUrl\":\"https:\\\/\\\/secure.gravatar.com\\\/avatar\\\/4651f4f7a0b935cb1de39e18a57f11b714fe08c8958a68707e471418252972e5?s=96&d=mm&r=g\",\"caption\":\"silveragency\"},\"sameAs\":[\"http:\\\/\\\/centralialaw.com\"],\"url\":\"https:\\\/\\\/centralialaw.com\\\/es\\\/author\\\/silveragency\\\/\"}]}<\/script>\n<!-- \/ Yoast SEO plugin. -->","yoast_head_json":{"title":"Abogados laboralistas de Centralia y Olympia. \u00bfLesi\u00f3n Laboral?","description":"Si te has lesionado en el trabajo, conf\u00eda en la experiencia de Althauser Rayan Abbarno para tu caso de indemnizaci\u00f3n laboral. Consulta gratuita sobre lesiones en Centralia","robots":{"index":"index","follow":"follow","max-snippet":"max-snippet:-1","max-image-preview":"max-image-preview:large","max-video-preview":"max-video-preview:-1"},"canonical":"https:\/\/centralialaw.com\/es\/te-has-lesionado-en-el-trabajo-lee-todas-las-ordenes-de-tu-departamento\/","og_locale":"es_ES","og_type":"article","og_title":"Abogados laboralistas de Centralia y Olympia. \u00bfLesi\u00f3n Laboral?","og_description":"Si te has lesionado en el trabajo, conf\u00eda en la experiencia de Althauser Rayan Abbarno para tu caso de indemnizaci\u00f3n laboral. Consulta gratuita sobre lesiones en Centralia","og_url":"https:\/\/centralialaw.com\/es\/te-has-lesionado-en-el-trabajo-lee-todas-las-ordenes-de-tu-departamento\/","og_site_name":"Ley Centralia","article_publisher":"https:\/\/www.facebook.com\/AlthauserRayanAbbarno\/","article_published_time":"2015-12-30T02:23:51+00:00","author":"silveragency","twitter_card":"summary_large_image","twitter_creator":"@PeterAbbarno","twitter_site":"@PeterAbbarno","twitter_misc":{"Written by":"silveragency","Est. reading time":"1 minuto"},"schema":{"@context":"https:\/\/schema.org","@graph":[{"@type":"Article","@id":"https:\/\/centralialaw.com\/es\/te-has-lesionado-en-el-trabajo-lee-todas-las-ordenes-de-tu-departamento\/#article","isPartOf":{"@id":"https:\/\/centralialaw.com\/es\/te-has-lesionado-en-el-trabajo-lee-todas-las-ordenes-de-tu-departamento\/"},"author":{"name":"silveragency","@id":"https:\/\/centralialaw.com\/es\/#\/schema\/person\/c90a306e6cec19446363bb73622e38f0"},"headline":"\u00bfTe has lesionado en el trabajo? \u00a1Lee todas las \u00d3rdenes de tu Departamento!","datePublished":"2015-12-30T02:23:51+00:00","mainEntityOfPage":{"@id":"https:\/\/centralialaw.com\/es\/te-has-lesionado-en-el-trabajo-lee-todas-las-ordenes-de-tu-departamento\/"},"wordCount":264,"publisher":{"@id":"https:\/\/centralialaw.com\/es\/#organization"},"keywords":["Lesi\u00f3n laboral"],"articleSection":["Indemnizaci\u00f3n por accidente laboral"],"inLanguage":"es"},{"@type":"WebPage","@id":"https:\/\/centralialaw.com\/es\/te-has-lesionado-en-el-trabajo-lee-todas-las-ordenes-de-tu-departamento\/","url":"https:\/\/centralialaw.com\/es\/te-has-lesionado-en-el-trabajo-lee-todas-las-ordenes-de-tu-departamento\/","name":"Abogados laboralistas de Centralia y Olympia. \u00bfLesi\u00f3n Laboral?","isPartOf":{"@id":"https:\/\/centralialaw.com\/es\/#website"},"datePublished":"2015-12-30T02:23:51+00:00","description":"Si te has lesionado en el trabajo, conf\u00eda en la experiencia de Althauser Rayan Abbarno para tu caso de indemnizaci\u00f3n laboral. Consulta gratuita sobre lesiones en Centralia","breadcrumb":{"@id":"https:\/\/centralialaw.com\/es\/te-has-lesionado-en-el-trabajo-lee-todas-las-ordenes-de-tu-departamento\/#breadcrumb"},"inLanguage":"es","potentialAction":[{"@type":"ReadAction","target":["https:\/\/centralialaw.com\/es\/te-has-lesionado-en-el-trabajo-lee-todas-las-ordenes-de-tu-departamento\/"]}]},{"@type":"BreadcrumbList","@id":"https:\/\/centralialaw.com\/es\/te-has-lesionado-en-el-trabajo-lee-todas-las-ordenes-de-tu-departamento\/#breadcrumb","itemListElement":[{"@type":"ListItem","position":1,"name":"Inicio","item":"https:\/\/centralialaw.com\/es\/"},{"@type":"ListItem","position":2,"name":"\u00bfTe has lesionado en el trabajo? \u00a1Lee todas las \u00d3rdenes de tu Departamento!"}]},{"@type":"WebSite","@id":"https:\/\/centralialaw.com\/es\/#website","url":"https:\/\/centralialaw.com\/es\/","name":"Centralia Law","description":"Al servicio del estado de Washington desde hace m\u00e1s de 75 a\u00f1os - Althauser Rayan Abbarno ","publisher":{"@id":"https:\/\/centralialaw.com\/es\/#organization"},"potentialAction":[{"@type":"SearchAction","target":{"@type":"EntryPoint","urlTemplate":"https:\/\/centralialaw.com\/es\/?s={search_term_string}"},"query-input":{"@type":"PropertyValueSpecification","valueRequired":true,"valueName":"search_term_string"}}],"inLanguage":"es"},{"@type":"Organization","@id":"https:\/\/centralialaw.com\/es\/#organization","name":"Ley Centralia","url":"https:\/\/centralialaw.com\/es\/","logo":{"@type":"ImageObject","inLanguage":"es","@id":"https:\/\/centralialaw.com\/es\/#\/schema\/logo\/image\/","url":"https:\/\/centralialaw.com\/wp-content\/uploads\/2022\/05\/ARA-Logo.png","contentUrl":"https:\/\/centralialaw.com\/wp-content\/uploads\/2022\/05\/ARA-Logo.png","width":1153,"height":364,"caption":"Ley Centralia"},"image":{"@id":"https:\/\/centralialaw.com\/es\/#\/schema\/logo\/image\/"},"sameAs":["https:\/\/www.facebook.com\/AlthauserRayanAbbarno\/","https:\/\/x.com\/PeterAbbarno"]},{"@type":"Person","@id":"https:\/\/centralialaw.com\/es\/#\/schema\/person\/c90a306e6cec19446363bb73622e38f0","name":"silveragency","image":{"@type":"ImageObject","inLanguage":"es","@id":"https:\/\/secure.gravatar.com\/avatar\/4651f4f7a0b935cb1de39e18a57f11b714fe08c8958a68707e471418252972e5?s=96&d=mm&r=g","url":"https:\/\/secure.gravatar.com\/avatar\/4651f4f7a0b935cb1de39e18a57f11b714fe08c8958a68707e471418252972e5?s=96&d=mm&r=g","contentUrl":"https:\/\/secure.gravatar.com\/avatar\/4651f4f7a0b935cb1de39e18a57f11b714fe08c8958a68707e471418252972e5?s=96&d=mm&r=g","caption":"silveragency"},"sameAs":["http:\/\/centralialaw.com"],"url":"https:\/\/centralialaw.com\/es\/author\/silveragency\/"}]}},"_links":{"self":[{"href":"https:\/\/centralialaw.com\/es\/wp-json\/wp\/v2\/posts\/17849","targetHints":{"allow":["GET"]}}],"collection":[{"href":"https:\/\/centralialaw.com\/es\/wp-json\/wp\/v2\/posts"}],"about":[{"href":"https:\/\/centralialaw.com\/es\/wp-json\/wp\/v2\/types\/post"}],"author":[{"embeddable":true,"href":"https:\/\/centralialaw.com\/es\/wp-json\/wp\/v2\/users\/1"}],"replies":[{"embeddable":true,"href":"https:\/\/centralialaw.com\/es\/wp-json\/wp\/v2\/comments?post=17849"}],"version-history":[{"count":0,"href":"https:\/\/centralialaw.com\/es\/wp-json\/wp\/v2\/posts\/17849\/revisions"}],"wp:attachment":[{"href":"https:\/\/centralialaw.com\/es\/wp-json\/wp\/v2\/media?parent=17849"}],"wp:term":[{"taxonomy":"category","embeddable":true,"href":"https:\/\/centralialaw.com\/es\/wp-json\/wp\/v2\/categories?post=17849"},{"taxonomy":"post_tag","embeddable":true,"href":"https:\/\/centralialaw.com\/es\/wp-json\/wp\/v2\/tags?post=17849"}],"curies":[{"name":"wp","href":"https:\/\/api.w.org\/{rel}","templated":true}]}}