{"id":17878,"date":"2018-05-29T17:56:28","date_gmt":"2018-05-30T00:56:28","guid":{"rendered":"https:\/\/centralialaw.com\/primeros-intervinientes-policias-y-bomberos-con-derecho-a-prestaciones-por-tept\/"},"modified":"2018-05-29T17:56:28","modified_gmt":"2018-05-30T00:56:28","slug":"primeros-intervinientes-policias-y-bomberos-con-derecho-a-prestaciones-por-tept","status":"publish","type":"post","link":"https:\/\/centralialaw.com\/es\/primeros-intervinientes-policias-y-bomberos-con-derecho-a-prestaciones-por-tept\/","title":{"rendered":"Primeros intervinientes, polic\u00edas y bomberos con derecho a prestaciones por TEPT."},"content":{"rendered":"<p>Un estudio sobre <a href=\"https:\/\/www.ems1.com\/ems-management\/articles\/122180048-Research-Phenomenological-study-of-PTSD-in-the-first-responder-workplace\/\">primeros intervinientes<\/a> publicado en el<a href=\"http:\/\/www.jems.com\/welcome.html?destination=\/index.html\">Journal of Emergency Medical Services<\/a>revel\u00f3 que 3.447 (86%) de los 4.022 encuestados experimentaban estr\u00e9s cr\u00edtico y 1.383 (37%) de ellos hab\u00edan contemplado el suicidio. Lamentablemente, el estudio revel\u00f3 que 225 (6,6%) hab\u00edan intentado quitarse la vida. <\/p>\n<p><a href=\"https:\/\/centralialaw.com\/wp-content\/uploads\/2018\/05\/First-Responders_0_1-e1415806973755.jpg\"><img loading=\"lazy\" decoding=\"async\" class=\"size-medium wp-image-1468 alignleft\" src=\"https:\/\/centralialaw.com\/wp-content\/uploads\/2018\/05\/First-Responders_0_1-e1415806973755-300x174.jpg\" alt=\"\" width=\"300\" height=\"174\"><\/a>Este a\u00f1o, la Legislatura aprob\u00f3<a href=\"http:\/\/apps2.leg.wa.gov\/billsummary?BillNumber=6214&amp;Year=2017&amp;BillNumber=6214&amp;Year=2017\"> el Proyecto de Ley del Senado 6214<\/a>, que hace que los Bomberos, Param\u00e9dicos y Agentes de la Ley puedan optar a las prestaciones de compensaci\u00f3n laboral por Trastorno de Estr\u00e9s Postraum\u00e1tico (\u201cTEPT\u201d) causado por la exposici\u00f3n repetida a traumas y estr\u00e9s. Los abogados y el personal de Althauser Rayan Abbarno, LLP se alegran de que se tomen medidas bipartidistas para proteger a quienes nos protegen. <\/p>\n<p><!--more-->Para m\u00e1s informaci\u00f3n o una consulta gratuita sobre indemnizaci\u00f3n por accidente laboral con nuestros abogados de Centralia u Olympia, llama a <a href=\"https:\/\/centralialaw.com\/es\/\">Althauser Rayan Abbarno, LLP<\/a> al (360) 736-1301. Si t\u00fa o un ser querido es un Primer Interviniente que padece TEPT y ha pensado en el suicidio, ponte en contacto con la L\u00ednea Nacional de Prevenci\u00f3n del Suicidio \u201c1-800-273-TALK (8255)\u201d, o con el profesional de salud mental de tu localidad. Si necesitas ayuda, estamos aqu\u00ed para ponerte en contacto con el profesional m\u00e9dico adecuado.  <\/p>\n","protected":false},"excerpt":{"rendered":"<p>Un estudio sobre primeros intervinientes publicado en elJournal of Emergency Medical Servicesrevel\u00f3 que 3.447 (86%) de los 4.022 encuestados experimentaban estr\u00e9s cr\u00edtico y 1.383 (37%) de ellos hab\u00edan contemplado el suicidio. Lamentablemente, el estudio revel\u00f3 que 225 (6,6%) hab\u00edan intentado quitarse la vida. Este a\u00f1o, la Legislatura aprob\u00f3 el Proyecto de Ley del Senado 6214, [&hellip;]<\/p>\n","protected":false},"author":1,"featured_media":0,"comment_status":"closed","ping_status":"open","sticky":false,"template":"","format":"standard","meta":{"_et_pb_use_builder":"","_et_pb_old_content":"","_et_gb_content_width":"","footnotes":""},"categories":[368],"tags":[699,369,372,700,701],"class_list":["post-17878","post","type-post","status-publish","format-standard","hentry","category-indemnizacion-por-accidente-laboral","tag-bomberos","tag-centralia-es","tag-olimpia","tag-policia","tag-tept"],"yoast_head":"<!-- This site is optimized with the Yoast SEO plugin v27.4 - https:\/\/yoast.com\/product\/yoast-seo-wordpress\/ -->\n<title>Primeros intervinientes, polic\u00edas y bomberos con derecho a prestaciones por TEPT. - Ley Centralia<\/title>\n<meta name=\"robots\" content=\"index, follow, max-snippet:-1, max-image-preview:large, max-video-preview:-1\" \/>\n<link rel=\"canonical\" href=\"https:\/\/centralialaw.com\/es\/primeros-intervinientes-policias-y-bomberos-con-derecho-a-prestaciones-por-tept\/\" \/>\n<meta property=\"og:locale\" content=\"es_ES\" \/>\n<meta property=\"og:type\" content=\"article\" \/>\n<meta property=\"og:title\" content=\"Primeros intervinientes, polic\u00edas y bomberos con derecho a prestaciones por TEPT. - Ley Centralia\" \/>\n<meta property=\"og:description\" content=\"Un estudio sobre primeros intervinientes publicado en elJournal of Emergency Medical Servicesrevel\u00f3 que 3.447 (86%) de los 4.022 encuestados experimentaban estr\u00e9s cr\u00edtico y 1.383 (37%) de ellos hab\u00edan contemplado el suicidio. Lamentablemente, el estudio revel\u00f3 que 225 (6,6%) hab\u00edan intentado quitarse la vida. Este a\u00f1o, la Legislatura aprob\u00f3 el Proyecto de Ley del Senado 6214, [&hellip;]\" \/>\n<meta property=\"og:url\" content=\"https:\/\/centralialaw.com\/es\/primeros-intervinientes-policias-y-bomberos-con-derecho-a-prestaciones-por-tept\/\" \/>\n<meta property=\"og:site_name\" content=\"Ley Centralia\" \/>\n<meta property=\"article:publisher\" content=\"https:\/\/www.facebook.com\/AlthauserRayanAbbarno\/\" \/>\n<meta property=\"article:published_time\" content=\"2018-05-30T00:56:28+00:00\" \/>\n<meta name=\"author\" content=\"silveragency\" \/>\n<meta name=\"twitter:card\" content=\"summary_large_image\" \/>\n<meta name=\"twitter:creator\" content=\"@PeterAbbarno\" \/>\n<meta name=\"twitter:site\" content=\"@PeterAbbarno\" \/>\n<meta name=\"twitter:label1\" content=\"Written by\" \/>\n\t<meta name=\"twitter:data1\" content=\"silveragency\" \/>\n\t<meta name=\"twitter:label2\" content=\"Est. reading time\" \/>\n\t<meta name=\"twitter:data2\" content=\"1 minuto\" \/>\n<script type=\"application\/ld+json\" class=\"yoast-schema-graph\">{\"@context\":\"https:\\\/\\\/schema.org\",\"@graph\":[{\"@type\":\"Article\",\"@id\":\"https:\\\/\\\/centralialaw.com\\\/es\\\/primeros-intervinientes-policias-y-bomberos-con-derecho-a-prestaciones-por-tept\\\/#article\",\"isPartOf\":{\"@id\":\"https:\\\/\\\/centralialaw.com\\\/es\\\/primeros-intervinientes-policias-y-bomberos-con-derecho-a-prestaciones-por-tept\\\/\"},\"author\":{\"name\":\"silveragency\",\"@id\":\"https:\\\/\\\/centralialaw.com\\\/es\\\/#\\\/schema\\\/person\\\/c90a306e6cec19446363bb73622e38f0\"},\"headline\":\"Primeros intervinientes, polic\u00edas y bomberos con derecho a prestaciones por TEPT.\",\"datePublished\":\"2018-05-30T00:56:28+00:00\",\"mainEntityOfPage\":{\"@id\":\"https:\\\/\\\/centralialaw.com\\\/es\\\/primeros-intervinientes-policias-y-bomberos-con-derecho-a-prestaciones-por-tept\\\/\"},\"wordCount\":218,\"publisher\":{\"@id\":\"https:\\\/\\\/centralialaw.com\\\/es\\\/#organization\"},\"image\":{\"@id\":\"https:\\\/\\\/centralialaw.com\\\/es\\\/primeros-intervinientes-policias-y-bomberos-con-derecho-a-prestaciones-por-tept\\\/#primaryimage\"},\"thumbnailUrl\":\"https:\\\/\\\/centralialaw.com\\\/wp-content\\\/uploads\\\/2018\\\/05\\\/First-Responders_0_1-e1415806973755-300x174.jpg\",\"keywords\":[\"Bomberos\",\"Centralia\",\"Olimpia\",\"Polic\u00eda\",\"TEPT\"],\"articleSection\":[\"Indemnizaci\u00f3n por accidente laboral\"],\"inLanguage\":\"es\"},{\"@type\":\"WebPage\",\"@id\":\"https:\\\/\\\/centralialaw.com\\\/es\\\/primeros-intervinientes-policias-y-bomberos-con-derecho-a-prestaciones-por-tept\\\/\",\"url\":\"https:\\\/\\\/centralialaw.com\\\/es\\\/primeros-intervinientes-policias-y-bomberos-con-derecho-a-prestaciones-por-tept\\\/\",\"name\":\"Primeros intervinientes, polic\u00edas y bomberos con derecho a prestaciones por TEPT. - Ley Centralia\",\"isPartOf\":{\"@id\":\"https:\\\/\\\/centralialaw.com\\\/es\\\/#website\"},\"primaryImageOfPage\":{\"@id\":\"https:\\\/\\\/centralialaw.com\\\/es\\\/primeros-intervinientes-policias-y-bomberos-con-derecho-a-prestaciones-por-tept\\\/#primaryimage\"},\"image\":{\"@id\":\"https:\\\/\\\/centralialaw.com\\\/es\\\/primeros-intervinientes-policias-y-bomberos-con-derecho-a-prestaciones-por-tept\\\/#primaryimage\"},\"thumbnailUrl\":\"https:\\\/\\\/centralialaw.com\\\/wp-content\\\/uploads\\\/2018\\\/05\\\/First-Responders_0_1-e1415806973755-300x174.jpg\",\"datePublished\":\"2018-05-30T00:56:28+00:00\",\"breadcrumb\":{\"@id\":\"https:\\\/\\\/centralialaw.com\\\/es\\\/primeros-intervinientes-policias-y-bomberos-con-derecho-a-prestaciones-por-tept\\\/#breadcrumb\"},\"inLanguage\":\"es\",\"potentialAction\":[{\"@type\":\"ReadAction\",\"target\":[\"https:\\\/\\\/centralialaw.com\\\/es\\\/primeros-intervinientes-policias-y-bomberos-con-derecho-a-prestaciones-por-tept\\\/\"]}]},{\"@type\":\"ImageObject\",\"inLanguage\":\"es\",\"@id\":\"https:\\\/\\\/centralialaw.com\\\/es\\\/primeros-intervinientes-policias-y-bomberos-con-derecho-a-prestaciones-por-tept\\\/#primaryimage\",\"url\":\"https:\\\/\\\/centralialaw.com\\\/wp-content\\\/uploads\\\/2018\\\/05\\\/First-Responders_0_1-e1415806973755-300x174.jpg\",\"contentUrl\":\"https:\\\/\\\/centralialaw.com\\\/wp-content\\\/uploads\\\/2018\\\/05\\\/First-Responders_0_1-e1415806973755-300x174.jpg\"},{\"@type\":\"BreadcrumbList\",\"@id\":\"https:\\\/\\\/centralialaw.com\\\/es\\\/primeros-intervinientes-policias-y-bomberos-con-derecho-a-prestaciones-por-tept\\\/#breadcrumb\",\"itemListElement\":[{\"@type\":\"ListItem\",\"position\":1,\"name\":\"Inicio\",\"item\":\"https:\\\/\\\/centralialaw.com\\\/es\\\/\"},{\"@type\":\"ListItem\",\"position\":2,\"name\":\"Primeros intervinientes, polic\u00edas y bomberos con derecho a prestaciones por TEPT.\"}]},{\"@type\":\"WebSite\",\"@id\":\"https:\\\/\\\/centralialaw.com\\\/es\\\/#website\",\"url\":\"https:\\\/\\\/centralialaw.com\\\/es\\\/\",\"name\":\"Centralia Law\",\"description\":\"Al servicio del estado de Washington desde hace m\u00e1s de 75 a\u00f1os - Althauser Rayan Abbarno \",\"publisher\":{\"@id\":\"https:\\\/\\\/centralialaw.com\\\/es\\\/#organization\"},\"potentialAction\":[{\"@type\":\"SearchAction\",\"target\":{\"@type\":\"EntryPoint\",\"urlTemplate\":\"https:\\\/\\\/centralialaw.com\\\/es\\\/?s={search_term_string}\"},\"query-input\":{\"@type\":\"PropertyValueSpecification\",\"valueRequired\":true,\"valueName\":\"search_term_string\"}}],\"inLanguage\":\"es\"},{\"@type\":\"Organization\",\"@id\":\"https:\\\/\\\/centralialaw.com\\\/es\\\/#organization\",\"name\":\"Ley Centralia\",\"url\":\"https:\\\/\\\/centralialaw.com\\\/es\\\/\",\"logo\":{\"@type\":\"ImageObject\",\"inLanguage\":\"es\",\"@id\":\"https:\\\/\\\/centralialaw.com\\\/es\\\/#\\\/schema\\\/logo\\\/image\\\/\",\"url\":\"https:\\\/\\\/centralialaw.com\\\/wp-content\\\/uploads\\\/2022\\\/05\\\/ARA-Logo.png\",\"contentUrl\":\"https:\\\/\\\/centralialaw.com\\\/wp-content\\\/uploads\\\/2022\\\/05\\\/ARA-Logo.png\",\"width\":1153,\"height\":364,\"caption\":\"Ley Centralia\"},\"image\":{\"@id\":\"https:\\\/\\\/centralialaw.com\\\/es\\\/#\\\/schema\\\/logo\\\/image\\\/\"},\"sameAs\":[\"https:\\\/\\\/www.facebook.com\\\/AlthauserRayanAbbarno\\\/\",\"https:\\\/\\\/x.com\\\/PeterAbbarno\"]},{\"@type\":\"Person\",\"@id\":\"https:\\\/\\\/centralialaw.com\\\/es\\\/#\\\/schema\\\/person\\\/c90a306e6cec19446363bb73622e38f0\",\"name\":\"silveragency\",\"image\":{\"@type\":\"ImageObject\",\"inLanguage\":\"es\",\"@id\":\"https:\\\/\\\/secure.gravatar.com\\\/avatar\\\/4651f4f7a0b935cb1de39e18a57f11b714fe08c8958a68707e471418252972e5?s=96&d=mm&r=g\",\"url\":\"https:\\\/\\\/secure.gravatar.com\\\/avatar\\\/4651f4f7a0b935cb1de39e18a57f11b714fe08c8958a68707e471418252972e5?s=96&d=mm&r=g\",\"contentUrl\":\"https:\\\/\\\/secure.gravatar.com\\\/avatar\\\/4651f4f7a0b935cb1de39e18a57f11b714fe08c8958a68707e471418252972e5?s=96&d=mm&r=g\",\"caption\":\"silveragency\"},\"sameAs\":[\"http:\\\/\\\/centralialaw.com\"],\"url\":\"https:\\\/\\\/centralialaw.com\\\/es\\\/author\\\/silveragency\\\/\"}]}<\/script>\n<!-- \/ Yoast SEO plugin. -->","yoast_head_json":{"title":"Primeros intervinientes, polic\u00edas y bomberos con derecho a prestaciones por TEPT. - Ley Centralia","robots":{"index":"index","follow":"follow","max-snippet":"max-snippet:-1","max-image-preview":"max-image-preview:large","max-video-preview":"max-video-preview:-1"},"canonical":"https:\/\/centralialaw.com\/es\/primeros-intervinientes-policias-y-bomberos-con-derecho-a-prestaciones-por-tept\/","og_locale":"es_ES","og_type":"article","og_title":"Primeros intervinientes, polic\u00edas y bomberos con derecho a prestaciones por TEPT. - Ley Centralia","og_description":"Un estudio sobre primeros intervinientes publicado en elJournal of Emergency Medical Servicesrevel\u00f3 que 3.447 (86%) de los 4.022 encuestados experimentaban estr\u00e9s cr\u00edtico y 1.383 (37%) de ellos hab\u00edan contemplado el suicidio. Lamentablemente, el estudio revel\u00f3 que 225 (6,6%) hab\u00edan intentado quitarse la vida. Este a\u00f1o, la Legislatura aprob\u00f3 el Proyecto de Ley del Senado 6214, [&hellip;]","og_url":"https:\/\/centralialaw.com\/es\/primeros-intervinientes-policias-y-bomberos-con-derecho-a-prestaciones-por-tept\/","og_site_name":"Ley Centralia","article_publisher":"https:\/\/www.facebook.com\/AlthauserRayanAbbarno\/","article_published_time":"2018-05-30T00:56:28+00:00","author":"silveragency","twitter_card":"summary_large_image","twitter_creator":"@PeterAbbarno","twitter_site":"@PeterAbbarno","twitter_misc":{"Written by":"silveragency","Est. reading time":"1 minuto"},"schema":{"@context":"https:\/\/schema.org","@graph":[{"@type":"Article","@id":"https:\/\/centralialaw.com\/es\/primeros-intervinientes-policias-y-bomberos-con-derecho-a-prestaciones-por-tept\/#article","isPartOf":{"@id":"https:\/\/centralialaw.com\/es\/primeros-intervinientes-policias-y-bomberos-con-derecho-a-prestaciones-por-tept\/"},"author":{"name":"silveragency","@id":"https:\/\/centralialaw.com\/es\/#\/schema\/person\/c90a306e6cec19446363bb73622e38f0"},"headline":"Primeros intervinientes, polic\u00edas y bomberos con derecho a prestaciones por TEPT.","datePublished":"2018-05-30T00:56:28+00:00","mainEntityOfPage":{"@id":"https:\/\/centralialaw.com\/es\/primeros-intervinientes-policias-y-bomberos-con-derecho-a-prestaciones-por-tept\/"},"wordCount":218,"publisher":{"@id":"https:\/\/centralialaw.com\/es\/#organization"},"image":{"@id":"https:\/\/centralialaw.com\/es\/primeros-intervinientes-policias-y-bomberos-con-derecho-a-prestaciones-por-tept\/#primaryimage"},"thumbnailUrl":"https:\/\/centralialaw.com\/wp-content\/uploads\/2018\/05\/First-Responders_0_1-e1415806973755-300x174.jpg","keywords":["Bomberos","Centralia","Olimpia","Polic\u00eda","TEPT"],"articleSection":["Indemnizaci\u00f3n por accidente laboral"],"inLanguage":"es"},{"@type":"WebPage","@id":"https:\/\/centralialaw.com\/es\/primeros-intervinientes-policias-y-bomberos-con-derecho-a-prestaciones-por-tept\/","url":"https:\/\/centralialaw.com\/es\/primeros-intervinientes-policias-y-bomberos-con-derecho-a-prestaciones-por-tept\/","name":"Primeros intervinientes, polic\u00edas y bomberos con derecho a prestaciones por TEPT. - Ley Centralia","isPartOf":{"@id":"https:\/\/centralialaw.com\/es\/#website"},"primaryImageOfPage":{"@id":"https:\/\/centralialaw.com\/es\/primeros-intervinientes-policias-y-bomberos-con-derecho-a-prestaciones-por-tept\/#primaryimage"},"image":{"@id":"https:\/\/centralialaw.com\/es\/primeros-intervinientes-policias-y-bomberos-con-derecho-a-prestaciones-por-tept\/#primaryimage"},"thumbnailUrl":"https:\/\/centralialaw.com\/wp-content\/uploads\/2018\/05\/First-Responders_0_1-e1415806973755-300x174.jpg","datePublished":"2018-05-30T00:56:28+00:00","breadcrumb":{"@id":"https:\/\/centralialaw.com\/es\/primeros-intervinientes-policias-y-bomberos-con-derecho-a-prestaciones-por-tept\/#breadcrumb"},"inLanguage":"es","potentialAction":[{"@type":"ReadAction","target":["https:\/\/centralialaw.com\/es\/primeros-intervinientes-policias-y-bomberos-con-derecho-a-prestaciones-por-tept\/"]}]},{"@type":"ImageObject","inLanguage":"es","@id":"https:\/\/centralialaw.com\/es\/primeros-intervinientes-policias-y-bomberos-con-derecho-a-prestaciones-por-tept\/#primaryimage","url":"https:\/\/centralialaw.com\/wp-content\/uploads\/2018\/05\/First-Responders_0_1-e1415806973755-300x174.jpg","contentUrl":"https:\/\/centralialaw.com\/wp-content\/uploads\/2018\/05\/First-Responders_0_1-e1415806973755-300x174.jpg"},{"@type":"BreadcrumbList","@id":"https:\/\/centralialaw.com\/es\/primeros-intervinientes-policias-y-bomberos-con-derecho-a-prestaciones-por-tept\/#breadcrumb","itemListElement":[{"@type":"ListItem","position":1,"name":"Inicio","item":"https:\/\/centralialaw.com\/es\/"},{"@type":"ListItem","position":2,"name":"Primeros intervinientes, polic\u00edas y bomberos con derecho a prestaciones por TEPT."}]},{"@type":"WebSite","@id":"https:\/\/centralialaw.com\/es\/#website","url":"https:\/\/centralialaw.com\/es\/","name":"Centralia Law","description":"Al servicio del estado de Washington desde hace m\u00e1s de 75 a\u00f1os - Althauser Rayan Abbarno ","publisher":{"@id":"https:\/\/centralialaw.com\/es\/#organization"},"potentialAction":[{"@type":"SearchAction","target":{"@type":"EntryPoint","urlTemplate":"https:\/\/centralialaw.com\/es\/?s={search_term_string}"},"query-input":{"@type":"PropertyValueSpecification","valueRequired":true,"valueName":"search_term_string"}}],"inLanguage":"es"},{"@type":"Organization","@id":"https:\/\/centralialaw.com\/es\/#organization","name":"Ley Centralia","url":"https:\/\/centralialaw.com\/es\/","logo":{"@type":"ImageObject","inLanguage":"es","@id":"https:\/\/centralialaw.com\/es\/#\/schema\/logo\/image\/","url":"https:\/\/centralialaw.com\/wp-content\/uploads\/2022\/05\/ARA-Logo.png","contentUrl":"https:\/\/centralialaw.com\/wp-content\/uploads\/2022\/05\/ARA-Logo.png","width":1153,"height":364,"caption":"Ley Centralia"},"image":{"@id":"https:\/\/centralialaw.com\/es\/#\/schema\/logo\/image\/"},"sameAs":["https:\/\/www.facebook.com\/AlthauserRayanAbbarno\/","https:\/\/x.com\/PeterAbbarno"]},{"@type":"Person","@id":"https:\/\/centralialaw.com\/es\/#\/schema\/person\/c90a306e6cec19446363bb73622e38f0","name":"silveragency","image":{"@type":"ImageObject","inLanguage":"es","@id":"https:\/\/secure.gravatar.com\/avatar\/4651f4f7a0b935cb1de39e18a57f11b714fe08c8958a68707e471418252972e5?s=96&d=mm&r=g","url":"https:\/\/secure.gravatar.com\/avatar\/4651f4f7a0b935cb1de39e18a57f11b714fe08c8958a68707e471418252972e5?s=96&d=mm&r=g","contentUrl":"https:\/\/secure.gravatar.com\/avatar\/4651f4f7a0b935cb1de39e18a57f11b714fe08c8958a68707e471418252972e5?s=96&d=mm&r=g","caption":"silveragency"},"sameAs":["http:\/\/centralialaw.com"],"url":"https:\/\/centralialaw.com\/es\/author\/silveragency\/"}]}},"_links":{"self":[{"href":"https:\/\/centralialaw.com\/es\/wp-json\/wp\/v2\/posts\/17878","targetHints":{"allow":["GET"]}}],"collection":[{"href":"https:\/\/centralialaw.com\/es\/wp-json\/wp\/v2\/posts"}],"about":[{"href":"https:\/\/centralialaw.com\/es\/wp-json\/wp\/v2\/types\/post"}],"author":[{"embeddable":true,"href":"https:\/\/centralialaw.com\/es\/wp-json\/wp\/v2\/users\/1"}],"replies":[{"embeddable":true,"href":"https:\/\/centralialaw.com\/es\/wp-json\/wp\/v2\/comments?post=17878"}],"version-history":[{"count":0,"href":"https:\/\/centralialaw.com\/es\/wp-json\/wp\/v2\/posts\/17878\/revisions"}],"wp:attachment":[{"href":"https:\/\/centralialaw.com\/es\/wp-json\/wp\/v2\/media?parent=17878"}],"wp:term":[{"taxonomy":"category","embeddable":true,"href":"https:\/\/centralialaw.com\/es\/wp-json\/wp\/v2\/categories?post=17878"},{"taxonomy":"post_tag","embeddable":true,"href":"https:\/\/centralialaw.com\/es\/wp-json\/wp\/v2\/tags?post=17878"}],"curies":[{"name":"wp","href":"https:\/\/api.w.org\/{rel}","templated":true}]}}