{"id":17879,"date":"2018-04-11T22:43:03","date_gmt":"2018-04-12T05:43:03","guid":{"rendered":"https:\/\/centralialaw.com\/el-teatro-fox-de-centralia-recibe-el-apoyo-de-althauser-rayan-abbarno\/"},"modified":"2018-04-11T22:43:03","modified_gmt":"2018-04-12T05:43:03","slug":"el-teatro-fox-de-centralia-recibe-el-apoyo-de-althauser-rayan-abbarno","status":"publish","type":"post","link":"https:\/\/centralialaw.com\/es\/el-teatro-fox-de-centralia-recibe-el-apoyo-de-althauser-rayan-abbarno\/","title":{"rendered":"El Teatro Fox de Centralia recibe el apoyo de Althauser Rayan Abbarno"},"content":{"rendered":"<p>El bufete de abogados <a href=\"https:\/\/www.facebook.com\/AlthauserRayanAbbarno\/\">Althauser Rayan Abbarno, LLP<\/a> apoya y patrocina desde hace mucho tiempo el Teatro Fox Hist\u00f3rico de Centralia. Todd Rayan, socio de Althauser Rayan Abbarno, es miembro de la junta directiva. <\/p>\n<div id=\"attachment_1171\" style=\"width: 310px\" class=\"wp-caption alignleft\"><a href=\"https:\/\/centralialaw.com\/wp-content\/uploads\/2018\/04\/5accf25b9e56d.image_.jpg\"><img loading=\"lazy\" decoding=\"async\" aria-describedby=\"caption-attachment-1171\" class=\"wp-image-1171 size-medium\" title=\"Peter Abbarno con la congresista Jaime Herrera-Beutler en el Fox Theatre\" src=\"https:\/\/centralialaw.com\/wp-content\/uploads\/2018\/04\/5accf25b9e56d.image_-300x225.jpg\" alt=\"Peter Abbarno con la congresista Jaime Herrera-Beutler en el Fox Theatre\" width=\"300\" height=\"225\"><\/a><p id=\"caption-attachment-1171\" class=\"wp-caption-text\">Peter Abbarno con la congresista Jaime Herrera-Beutler en el Fox Theatre<\/p><\/div>\n<p>En la foto con la congresista Jaime Herrera Beutler aparece <a href=\"https:\/\/www.facebook.com\/CitizensForPeterAbbarno\/\">Peter Abbarno, socio de Althauser Rayan Abbarno<\/a>, que tambi\u00e9n es miembro del Ayuntamiento de Centralia. Cuando concluyan las reformas, el Centralia Fox ser\u00e1 un faro hist\u00f3rico en nuestra comunidad que tambi\u00e9n contribuir\u00e1 a impulsar el crecimiento econ\u00f3mico. <\/p>\n<p>Construido en 1930, el hist\u00f3rico Teatro Fox de Centralia est\u00e1 siendo restaurado. El resultado ser\u00e1 un centro de artes esc\u00e9nicas Art Dec\u00f3 de 1.000 localidades que dar\u00e1 servicio a todo el suroeste de Washington. \u00danete a nosotros esta primavera en uno de nuestros muchos actos para recaudar fondos, hazte socio, compra una butaca, hazte voluntario o haz hoy mismo un donativo deducible de impuestos. Para apoyar al Teatro Fox, considera la posibilidad de contribuir a <a href=\"http:\/\/www.centraliafoxtheatre.com\/\">http:\/\/www.centraliafoxtheatre.com\/<\/a>   <\/p>\n","protected":false},"excerpt":{"rendered":"<p>El bufete de abogados Althauser Rayan Abbarno, LLP apoya y patrocina desde hace mucho tiempo el Teatro Fox Hist\u00f3rico de Centralia. Todd Rayan, socio de Althauser Rayan Abbarno, es miembro de la junta directiva. En la foto con la congresista Jaime Herrera Beutler aparece Peter Abbarno, socio de Althauser Rayan Abbarno, que tambi\u00e9n es miembro [&hellip;]<\/p>\n","protected":false},"author":2,"featured_media":0,"comment_status":"closed","ping_status":"open","sticky":false,"template":"","format":"standard","meta":{"_et_pb_use_builder":"","_et_pb_old_content":"","_et_gb_content_width":"","footnotes":""},"categories":[361],"tags":[],"class_list":["post-17879","post","type-post","status-publish","format-standard","hentry","category-sin-categoria"],"yoast_head":"<!-- This site is optimized with the Yoast SEO plugin v27.5 - https:\/\/yoast.com\/product\/yoast-seo-wordpress\/ -->\n<title>El Teatro Fox de Centralia recibe el apoyo de Althauser Rayan Abbarno - Ley Centralia<\/title>\n<meta name=\"description\" content=\"El bufete de abogados Althauser Rayan Abbarno, LLP lleva mucho tiempo apoyando y patrocinando el hist\u00f3rico Teatro Fox de Centralia. En la foto, junto a la congresista Jaime Herrera Beutler, Peter Abbarno, socio de Althauser Rayan Abbarno y miembro del Consejo Municipal de Centralia.\" \/>\n<meta name=\"robots\" content=\"index, follow, max-snippet:-1, max-image-preview:large, max-video-preview:-1\" \/>\n<link rel=\"canonical\" href=\"https:\/\/centralialaw.com\/es\/el-teatro-fox-de-centralia-recibe-el-apoyo-de-althauser-rayan-abbarno\/\" \/>\n<meta property=\"og:locale\" content=\"es_ES\" \/>\n<meta property=\"og:type\" content=\"article\" \/>\n<meta property=\"og:title\" content=\"El Teatro Fox de Centralia recibe el apoyo de Althauser Rayan Abbarno - Ley Centralia\" \/>\n<meta property=\"og:description\" content=\"El bufete de abogados Althauser Rayan Abbarno, LLP lleva mucho tiempo apoyando y patrocinando el hist\u00f3rico Teatro Fox de Centralia. En la foto, junto a la congresista Jaime Herrera Beutler, Peter Abbarno, socio de Althauser Rayan Abbarno y miembro del Consejo Municipal de Centralia.\" \/>\n<meta property=\"og:url\" content=\"https:\/\/centralialaw.com\/es\/el-teatro-fox-de-centralia-recibe-el-apoyo-de-althauser-rayan-abbarno\/\" \/>\n<meta property=\"og:site_name\" content=\"Ley Centralia\" \/>\n<meta property=\"article:publisher\" content=\"https:\/\/www.facebook.com\/AlthauserRayanAbbarno\/\" \/>\n<meta property=\"article:published_time\" content=\"2018-04-12T05:43:03+00:00\" \/>\n<meta name=\"author\" content=\"Peter Abbarno\" \/>\n<meta name=\"twitter:card\" content=\"summary_large_image\" \/>\n<meta name=\"twitter:creator\" content=\"@PeterAbbarno\" \/>\n<meta name=\"twitter:site\" content=\"@PeterAbbarno\" \/>\n<meta name=\"twitter:label1\" content=\"Written by\" \/>\n\t<meta name=\"twitter:data1\" content=\"Peter Abbarno\" \/>\n\t<meta name=\"twitter:label2\" content=\"Est. reading time\" \/>\n\t<meta name=\"twitter:data2\" content=\"1 minuto\" \/>\n<script type=\"application\/ld+json\" class=\"yoast-schema-graph\">{\"@context\":\"https:\\\/\\\/schema.org\",\"@graph\":[{\"@type\":\"Article\",\"@id\":\"https:\\\/\\\/centralialaw.com\\\/es\\\/el-teatro-fox-de-centralia-recibe-el-apoyo-de-althauser-rayan-abbarno\\\/#article\",\"isPartOf\":{\"@id\":\"https:\\\/\\\/centralialaw.com\\\/es\\\/el-teatro-fox-de-centralia-recibe-el-apoyo-de-althauser-rayan-abbarno\\\/\"},\"author\":{\"name\":\"Peter Abbarno\",\"@id\":\"https:\\\/\\\/centralialaw.com\\\/es\\\/#\\\/schema\\\/person\\\/df75a746547e7cef043297aef1bbba38\"},\"headline\":\"El Teatro Fox de Centralia recibe el apoyo de Althauser Rayan Abbarno\",\"datePublished\":\"2018-04-12T05:43:03+00:00\",\"mainEntityOfPage\":{\"@id\":\"https:\\\/\\\/centralialaw.com\\\/es\\\/el-teatro-fox-de-centralia-recibe-el-apoyo-de-althauser-rayan-abbarno\\\/\"},\"wordCount\":195,\"publisher\":{\"@id\":\"https:\\\/\\\/centralialaw.com\\\/es\\\/#organization\"},\"image\":{\"@id\":\"https:\\\/\\\/centralialaw.com\\\/es\\\/el-teatro-fox-de-centralia-recibe-el-apoyo-de-althauser-rayan-abbarno\\\/#primaryimage\"},\"thumbnailUrl\":\"https:\\\/\\\/centralialaw.com\\\/wp-content\\\/uploads\\\/2018\\\/04\\\/5accf25b9e56d.image_-300x225.jpg\",\"inLanguage\":\"es\"},{\"@type\":\"WebPage\",\"@id\":\"https:\\\/\\\/centralialaw.com\\\/es\\\/el-teatro-fox-de-centralia-recibe-el-apoyo-de-althauser-rayan-abbarno\\\/\",\"url\":\"https:\\\/\\\/centralialaw.com\\\/es\\\/el-teatro-fox-de-centralia-recibe-el-apoyo-de-althauser-rayan-abbarno\\\/\",\"name\":\"El Teatro Fox de Centralia recibe el apoyo de Althauser Rayan Abbarno - Ley Centralia\",\"isPartOf\":{\"@id\":\"https:\\\/\\\/centralialaw.com\\\/es\\\/#website\"},\"primaryImageOfPage\":{\"@id\":\"https:\\\/\\\/centralialaw.com\\\/es\\\/el-teatro-fox-de-centralia-recibe-el-apoyo-de-althauser-rayan-abbarno\\\/#primaryimage\"},\"image\":{\"@id\":\"https:\\\/\\\/centralialaw.com\\\/es\\\/el-teatro-fox-de-centralia-recibe-el-apoyo-de-althauser-rayan-abbarno\\\/#primaryimage\"},\"thumbnailUrl\":\"https:\\\/\\\/centralialaw.com\\\/wp-content\\\/uploads\\\/2018\\\/04\\\/5accf25b9e56d.image_-300x225.jpg\",\"datePublished\":\"2018-04-12T05:43:03+00:00\",\"description\":\"El bufete de abogados Althauser Rayan Abbarno, LLP lleva mucho tiempo apoyando y patrocinando el hist\u00f3rico Teatro Fox de Centralia. En la foto, junto a la congresista Jaime Herrera Beutler, Peter Abbarno, socio de Althauser Rayan Abbarno y miembro del Consejo Municipal de Centralia.\",\"breadcrumb\":{\"@id\":\"https:\\\/\\\/centralialaw.com\\\/es\\\/el-teatro-fox-de-centralia-recibe-el-apoyo-de-althauser-rayan-abbarno\\\/#breadcrumb\"},\"inLanguage\":\"es\",\"potentialAction\":[{\"@type\":\"ReadAction\",\"target\":[\"https:\\\/\\\/centralialaw.com\\\/es\\\/el-teatro-fox-de-centralia-recibe-el-apoyo-de-althauser-rayan-abbarno\\\/\"]}]},{\"@type\":\"ImageObject\",\"inLanguage\":\"es\",\"@id\":\"https:\\\/\\\/centralialaw.com\\\/es\\\/el-teatro-fox-de-centralia-recibe-el-apoyo-de-althauser-rayan-abbarno\\\/#primaryimage\",\"url\":\"https:\\\/\\\/centralialaw.com\\\/wp-content\\\/uploads\\\/2018\\\/04\\\/5accf25b9e56d.image_-300x225.jpg\",\"contentUrl\":\"https:\\\/\\\/centralialaw.com\\\/wp-content\\\/uploads\\\/2018\\\/04\\\/5accf25b9e56d.image_-300x225.jpg\"},{\"@type\":\"BreadcrumbList\",\"@id\":\"https:\\\/\\\/centralialaw.com\\\/es\\\/el-teatro-fox-de-centralia-recibe-el-apoyo-de-althauser-rayan-abbarno\\\/#breadcrumb\",\"itemListElement\":[{\"@type\":\"ListItem\",\"position\":1,\"name\":\"Inicio\",\"item\":\"https:\\\/\\\/centralialaw.com\\\/es\\\/\"},{\"@type\":\"ListItem\",\"position\":2,\"name\":\"El Teatro Fox de Centralia recibe el apoyo de Althauser Rayan Abbarno\"}]},{\"@type\":\"WebSite\",\"@id\":\"https:\\\/\\\/centralialaw.com\\\/es\\\/#website\",\"url\":\"https:\\\/\\\/centralialaw.com\\\/es\\\/\",\"name\":\"Centralia Law\",\"description\":\"Al servicio del estado de Washington desde hace m\u00e1s de 75 a\u00f1os - Althauser Rayan Abbarno \",\"publisher\":{\"@id\":\"https:\\\/\\\/centralialaw.com\\\/es\\\/#organization\"},\"potentialAction\":[{\"@type\":\"SearchAction\",\"target\":{\"@type\":\"EntryPoint\",\"urlTemplate\":\"https:\\\/\\\/centralialaw.com\\\/es\\\/?s={search_term_string}\"},\"query-input\":{\"@type\":\"PropertyValueSpecification\",\"valueRequired\":true,\"valueName\":\"search_term_string\"}}],\"inLanguage\":\"es\"},{\"@type\":\"Organization\",\"@id\":\"https:\\\/\\\/centralialaw.com\\\/es\\\/#organization\",\"name\":\"Ley Centralia\",\"url\":\"https:\\\/\\\/centralialaw.com\\\/es\\\/\",\"logo\":{\"@type\":\"ImageObject\",\"inLanguage\":\"es\",\"@id\":\"https:\\\/\\\/centralialaw.com\\\/es\\\/#\\\/schema\\\/logo\\\/image\\\/\",\"url\":\"https:\\\/\\\/centralialaw.com\\\/wp-content\\\/uploads\\\/2022\\\/05\\\/ARA-Logo.png\",\"contentUrl\":\"https:\\\/\\\/centralialaw.com\\\/wp-content\\\/uploads\\\/2022\\\/05\\\/ARA-Logo.png\",\"width\":1153,\"height\":364,\"caption\":\"Ley Centralia\"},\"image\":{\"@id\":\"https:\\\/\\\/centralialaw.com\\\/es\\\/#\\\/schema\\\/logo\\\/image\\\/\"},\"sameAs\":[\"https:\\\/\\\/www.facebook.com\\\/AlthauserRayanAbbarno\\\/\",\"https:\\\/\\\/x.com\\\/PeterAbbarno\"]},{\"@type\":\"Person\",\"@id\":\"https:\\\/\\\/centralialaw.com\\\/es\\\/#\\\/schema\\\/person\\\/df75a746547e7cef043297aef1bbba38\",\"name\":\"Peter Abbarno\",\"image\":{\"@type\":\"ImageObject\",\"inLanguage\":\"es\",\"@id\":\"https:\\\/\\\/secure.gravatar.com\\\/avatar\\\/4abfe3b7079121d1f28bfcee302a24a00532f113ebafa311593e0ebac2982d3b?s=96&d=mm&r=g\",\"url\":\"https:\\\/\\\/secure.gravatar.com\\\/avatar\\\/4abfe3b7079121d1f28bfcee302a24a00532f113ebafa311593e0ebac2982d3b?s=96&d=mm&r=g\",\"contentUrl\":\"https:\\\/\\\/secure.gravatar.com\\\/avatar\\\/4abfe3b7079121d1f28bfcee302a24a00532f113ebafa311593e0ebac2982d3b?s=96&d=mm&r=g\",\"caption\":\"Peter Abbarno\"},\"url\":\"https:\\\/\\\/centralialaw.com\\\/es\\\/author\\\/peter-abbarno\\\/\"}]}<\/script>\n<!-- \/ Yoast SEO plugin. -->","yoast_head_json":{"title":"El Teatro Fox de Centralia recibe el apoyo de Althauser Rayan Abbarno - Ley Centralia","description":"El bufete de abogados Althauser Rayan Abbarno, LLP lleva mucho tiempo apoyando y patrocinando el hist\u00f3rico Teatro Fox de Centralia. En la foto, junto a la congresista Jaime Herrera Beutler, Peter Abbarno, socio de Althauser Rayan Abbarno y miembro del Consejo Municipal de Centralia.","robots":{"index":"index","follow":"follow","max-snippet":"max-snippet:-1","max-image-preview":"max-image-preview:large","max-video-preview":"max-video-preview:-1"},"canonical":"https:\/\/centralialaw.com\/es\/el-teatro-fox-de-centralia-recibe-el-apoyo-de-althauser-rayan-abbarno\/","og_locale":"es_ES","og_type":"article","og_title":"El Teatro Fox de Centralia recibe el apoyo de Althauser Rayan Abbarno - Ley Centralia","og_description":"El bufete de abogados Althauser Rayan Abbarno, LLP lleva mucho tiempo apoyando y patrocinando el hist\u00f3rico Teatro Fox de Centralia. En la foto, junto a la congresista Jaime Herrera Beutler, Peter Abbarno, socio de Althauser Rayan Abbarno y miembro del Consejo Municipal de Centralia.","og_url":"https:\/\/centralialaw.com\/es\/el-teatro-fox-de-centralia-recibe-el-apoyo-de-althauser-rayan-abbarno\/","og_site_name":"Ley Centralia","article_publisher":"https:\/\/www.facebook.com\/AlthauserRayanAbbarno\/","article_published_time":"2018-04-12T05:43:03+00:00","author":"Peter Abbarno","twitter_card":"summary_large_image","twitter_creator":"@PeterAbbarno","twitter_site":"@PeterAbbarno","twitter_misc":{"Written by":"Peter Abbarno","Est. reading time":"1 minuto"},"schema":{"@context":"https:\/\/schema.org","@graph":[{"@type":"Article","@id":"https:\/\/centralialaw.com\/es\/el-teatro-fox-de-centralia-recibe-el-apoyo-de-althauser-rayan-abbarno\/#article","isPartOf":{"@id":"https:\/\/centralialaw.com\/es\/el-teatro-fox-de-centralia-recibe-el-apoyo-de-althauser-rayan-abbarno\/"},"author":{"name":"Peter Abbarno","@id":"https:\/\/centralialaw.com\/es\/#\/schema\/person\/df75a746547e7cef043297aef1bbba38"},"headline":"El Teatro Fox de Centralia recibe el apoyo de Althauser Rayan Abbarno","datePublished":"2018-04-12T05:43:03+00:00","mainEntityOfPage":{"@id":"https:\/\/centralialaw.com\/es\/el-teatro-fox-de-centralia-recibe-el-apoyo-de-althauser-rayan-abbarno\/"},"wordCount":195,"publisher":{"@id":"https:\/\/centralialaw.com\/es\/#organization"},"image":{"@id":"https:\/\/centralialaw.com\/es\/el-teatro-fox-de-centralia-recibe-el-apoyo-de-althauser-rayan-abbarno\/#primaryimage"},"thumbnailUrl":"https:\/\/centralialaw.com\/wp-content\/uploads\/2018\/04\/5accf25b9e56d.image_-300x225.jpg","inLanguage":"es"},{"@type":"WebPage","@id":"https:\/\/centralialaw.com\/es\/el-teatro-fox-de-centralia-recibe-el-apoyo-de-althauser-rayan-abbarno\/","url":"https:\/\/centralialaw.com\/es\/el-teatro-fox-de-centralia-recibe-el-apoyo-de-althauser-rayan-abbarno\/","name":"El Teatro Fox de Centralia recibe el apoyo de Althauser Rayan Abbarno - Ley Centralia","isPartOf":{"@id":"https:\/\/centralialaw.com\/es\/#website"},"primaryImageOfPage":{"@id":"https:\/\/centralialaw.com\/es\/el-teatro-fox-de-centralia-recibe-el-apoyo-de-althauser-rayan-abbarno\/#primaryimage"},"image":{"@id":"https:\/\/centralialaw.com\/es\/el-teatro-fox-de-centralia-recibe-el-apoyo-de-althauser-rayan-abbarno\/#primaryimage"},"thumbnailUrl":"https:\/\/centralialaw.com\/wp-content\/uploads\/2018\/04\/5accf25b9e56d.image_-300x225.jpg","datePublished":"2018-04-12T05:43:03+00:00","description":"El bufete de abogados Althauser Rayan Abbarno, LLP lleva mucho tiempo apoyando y patrocinando el hist\u00f3rico Teatro Fox de Centralia. En la foto, junto a la congresista Jaime Herrera Beutler, Peter Abbarno, socio de Althauser Rayan Abbarno y miembro del Consejo Municipal de Centralia.","breadcrumb":{"@id":"https:\/\/centralialaw.com\/es\/el-teatro-fox-de-centralia-recibe-el-apoyo-de-althauser-rayan-abbarno\/#breadcrumb"},"inLanguage":"es","potentialAction":[{"@type":"ReadAction","target":["https:\/\/centralialaw.com\/es\/el-teatro-fox-de-centralia-recibe-el-apoyo-de-althauser-rayan-abbarno\/"]}]},{"@type":"ImageObject","inLanguage":"es","@id":"https:\/\/centralialaw.com\/es\/el-teatro-fox-de-centralia-recibe-el-apoyo-de-althauser-rayan-abbarno\/#primaryimage","url":"https:\/\/centralialaw.com\/wp-content\/uploads\/2018\/04\/5accf25b9e56d.image_-300x225.jpg","contentUrl":"https:\/\/centralialaw.com\/wp-content\/uploads\/2018\/04\/5accf25b9e56d.image_-300x225.jpg"},{"@type":"BreadcrumbList","@id":"https:\/\/centralialaw.com\/es\/el-teatro-fox-de-centralia-recibe-el-apoyo-de-althauser-rayan-abbarno\/#breadcrumb","itemListElement":[{"@type":"ListItem","position":1,"name":"Inicio","item":"https:\/\/centralialaw.com\/es\/"},{"@type":"ListItem","position":2,"name":"El Teatro Fox de Centralia recibe el apoyo de Althauser Rayan Abbarno"}]},{"@type":"WebSite","@id":"https:\/\/centralialaw.com\/es\/#website","url":"https:\/\/centralialaw.com\/es\/","name":"Centralia Law","description":"Al servicio del estado de Washington desde hace m\u00e1s de 75 a\u00f1os - Althauser Rayan Abbarno ","publisher":{"@id":"https:\/\/centralialaw.com\/es\/#organization"},"potentialAction":[{"@type":"SearchAction","target":{"@type":"EntryPoint","urlTemplate":"https:\/\/centralialaw.com\/es\/?s={search_term_string}"},"query-input":{"@type":"PropertyValueSpecification","valueRequired":true,"valueName":"search_term_string"}}],"inLanguage":"es"},{"@type":"Organization","@id":"https:\/\/centralialaw.com\/es\/#organization","name":"Ley Centralia","url":"https:\/\/centralialaw.com\/es\/","logo":{"@type":"ImageObject","inLanguage":"es","@id":"https:\/\/centralialaw.com\/es\/#\/schema\/logo\/image\/","url":"https:\/\/centralialaw.com\/wp-content\/uploads\/2022\/05\/ARA-Logo.png","contentUrl":"https:\/\/centralialaw.com\/wp-content\/uploads\/2022\/05\/ARA-Logo.png","width":1153,"height":364,"caption":"Ley Centralia"},"image":{"@id":"https:\/\/centralialaw.com\/es\/#\/schema\/logo\/image\/"},"sameAs":["https:\/\/www.facebook.com\/AlthauserRayanAbbarno\/","https:\/\/x.com\/PeterAbbarno"]},{"@type":"Person","@id":"https:\/\/centralialaw.com\/es\/#\/schema\/person\/df75a746547e7cef043297aef1bbba38","name":"Peter Abbarno","image":{"@type":"ImageObject","inLanguage":"es","@id":"https:\/\/secure.gravatar.com\/avatar\/4abfe3b7079121d1f28bfcee302a24a00532f113ebafa311593e0ebac2982d3b?s=96&d=mm&r=g","url":"https:\/\/secure.gravatar.com\/avatar\/4abfe3b7079121d1f28bfcee302a24a00532f113ebafa311593e0ebac2982d3b?s=96&d=mm&r=g","contentUrl":"https:\/\/secure.gravatar.com\/avatar\/4abfe3b7079121d1f28bfcee302a24a00532f113ebafa311593e0ebac2982d3b?s=96&d=mm&r=g","caption":"Peter Abbarno"},"url":"https:\/\/centralialaw.com\/es\/author\/peter-abbarno\/"}]}},"_links":{"self":[{"href":"https:\/\/centralialaw.com\/es\/wp-json\/wp\/v2\/posts\/17879","targetHints":{"allow":["GET"]}}],"collection":[{"href":"https:\/\/centralialaw.com\/es\/wp-json\/wp\/v2\/posts"}],"about":[{"href":"https:\/\/centralialaw.com\/es\/wp-json\/wp\/v2\/types\/post"}],"author":[{"embeddable":true,"href":"https:\/\/centralialaw.com\/es\/wp-json\/wp\/v2\/users\/2"}],"replies":[{"embeddable":true,"href":"https:\/\/centralialaw.com\/es\/wp-json\/wp\/v2\/comments?post=17879"}],"version-history":[{"count":0,"href":"https:\/\/centralialaw.com\/es\/wp-json\/wp\/v2\/posts\/17879\/revisions"}],"wp:attachment":[{"href":"https:\/\/centralialaw.com\/es\/wp-json\/wp\/v2\/media?parent=17879"}],"wp:term":[{"taxonomy":"category","embeddable":true,"href":"https:\/\/centralialaw.com\/es\/wp-json\/wp\/v2\/categories?post=17879"},{"taxonomy":"post_tag","embeddable":true,"href":"https:\/\/centralialaw.com\/es\/wp-json\/wp\/v2\/tags?post=17879"}],"curies":[{"name":"wp","href":"https:\/\/api.w.org\/{rel}","templated":true}]}}