{"id":17892,"date":"2020-03-24T14:52:19","date_gmt":"2020-03-24T21:52:19","guid":{"rendered":"https:\/\/centralialaw.com\/puedo-recibir-tratamiento-medico-durante-la-orden-de-permanecer-en-casa\/"},"modified":"2020-03-24T14:52:19","modified_gmt":"2020-03-24T21:52:19","slug":"puedo-recibir-tratamiento-medico-durante-la-orden-de-permanecer-en-casa","status":"publish","type":"post","link":"https:\/\/centralialaw.com\/es\/puedo-recibir-tratamiento-medico-durante-la-orden-de-permanecer-en-casa\/","title":{"rendered":"\u00bfPuedo recibir tratamiento m\u00e9dico durante la orden de \u201cPermanecer en casa\u201d?"},"content":{"rendered":"<h3>\u00bfQu\u00e9 est\u00e1 abierto durante la Orden de \u201cPermanecer en casa\u201d?<\/h3>\n<p>El gobernador Jay Inslee ha emitido una orden de Permanece en Casa, Mantente Sano en el estado de Washington que estar\u00e1 en vigor durante un m\u00ednimo de dos semanas. La orden pide a todos los habitantes de Washington que se queden en casa, excepto las personas: <\/p>\n<ul>\n<li>Realizar una actividad esencial, como hacer la compra o acudir a una cita m\u00e9dica.<\/li>\n<li>Conseguir comida para llevar. (Tambi\u00e9n se permiten las entregas de comida). <\/li>\n<li>Ir a trabajar a una <a href=\"https:\/\/coronavirus.wa.gov\/sites\/default\/files\/2020-03\/EssentialCriticalInfrastructureWorkers.pdf\">empresa esencial<\/a>.<\/li>\n<li>Salir a pasear y hacer ejercicio, siempre que se mantenga una distancia social de dos metros.<\/li>\n<\/ul>\n<h3>\u00bfPuedo recibir tratamiento m\u00e9dico por mi lesi\u00f3n?<\/h3>\n<p>S\u00ed, la profesi\u00f3n m\u00e9dica sigue abierta para atender a los pacientes. Si has sufrido lesiones en un accidente de tr\u00e1fico o en el lugar de trabajo, puedes seguir recibiendo tratamiento. <\/p>\n<p>S\u00ed, tu abogado de Althauser Rayan Abbarno asistir\u00e1 a los clientes en sus casos legales y les ayudar\u00e1 a coordinar sus tratamientos tras una lesi\u00f3n laboral, accidente de coche o lesi\u00f3n personal.<\/p>\n<h3>\u00bfPuedo ponerme en contacto con los abogados y el personal de Althauser Rayan Abbarno?<\/h3>\n<p><a href=\"https:\/\/centralialaw.com\/wp-content\/uploads\/2020\/03\/covid-6.jpg\"><img loading=\"lazy\" decoding=\"async\" class=\" wp-image-15234 alignleft\" src=\"https:\/\/centralialaw.com\/wp-content\/uploads\/2020\/03\/covid-6-300x121.jpg\" alt=\"\" width=\"280\" height=\"113\"><\/a>Los abogados y el personal de Althauser Rayan Abbarno estar\u00e1n disponibles tanto en sus oficinas de Centralia como de Olympia para ayudar a los clientes actuales y a los nuevos en el cumplimiento de las actividades legalmente obligatorias y en el servicio al sector cr\u00edtico.<\/p>\n<p>Los abogados y el personal de Althauser Rayan Abbarno tambi\u00e9n est\u00e1n disponibles para conferencias telef\u00f3nicas y videoconferencias llamando al (360) 736-1301 o envi\u00e1ndonos un correo electr\u00f3nico a Receptionist@CentraliaLaw.com.<\/p>\n","protected":false},"excerpt":{"rendered":"<p>\u00bfQu\u00e9 est\u00e1 abierto durante la Orden de \u201cPermanecer en casa\u201d? El gobernador Jay Inslee ha emitido una orden de Permanece en Casa, Mantente Sano en el estado de Washington que estar\u00e1 en vigor durante un m\u00ednimo de dos semanas. La orden pide a todos los habitantes de Washington que se queden en casa, excepto las [&hellip;]<\/p>\n","protected":false},"author":1,"featured_media":0,"comment_status":"closed","ping_status":"closed","sticky":false,"template":"","format":"standard","meta":{"_et_pb_use_builder":"","_et_pb_old_content":"","_et_gb_content_width":"","footnotes":""},"categories":[415],"tags":[484,410,554,370,373],"class_list":["post-17892","post","type-post","status-publish","format-standard","hentry","category-lesiones-personales","tag-abogados-cerca-de-mi-es","tag-accidente-de-trafico","tag-covid-19-es","tag-indemnizacion-por-accidente-laboral","tag-lesiones-personales"],"yoast_head":"<!-- This site is optimized with the Yoast SEO plugin v27.4 - https:\/\/yoast.com\/product\/yoast-seo-wordpress\/ -->\n<title>\u00bfPuedo recibir tratamiento m\u00e9dico durante la orden de \u201cPermanecer en casa\u201d? - Ley Centralia<\/title>\n<meta name=\"description\" content=\"S\u00ed, la profesi\u00f3n m\u00e9dica sigue abierta para atender a los pacientes. Si has sufrido lesiones en un accidente de tr\u00e1fico o en el lugar de trabajo, puedes continuar tu tratamiento.S\u00ed, Althauser Rayan Abbarno asistir\u00e1 a los clientes en sus casos legales y les ayudar\u00e1 a coordinar sus tratamientos tras una lesi\u00f3n en el lugar de trabajo, un accidente de tr\u00e1fico o una lesi\u00f3n personal.\" \/>\n<meta name=\"robots\" content=\"index, follow, max-snippet:-1, max-image-preview:large, max-video-preview:-1\" \/>\n<link rel=\"canonical\" href=\"https:\/\/centralialaw.com\/es\/puedo-recibir-tratamiento-medico-durante-la-orden-de-permanecer-en-casa\/\" \/>\n<meta property=\"og:locale\" content=\"es_ES\" \/>\n<meta property=\"og:type\" content=\"article\" \/>\n<meta property=\"og:title\" content=\"\u00bfPuedo recibir tratamiento m\u00e9dico durante la orden de \u201cPermanecer en casa\u201d? - Ley Centralia\" \/>\n<meta property=\"og:description\" content=\"S\u00ed, la profesi\u00f3n m\u00e9dica sigue abierta para atender a los pacientes. Si has sufrido lesiones en un accidente de tr\u00e1fico o en el lugar de trabajo, puedes continuar tu tratamiento.S\u00ed, Althauser Rayan Abbarno asistir\u00e1 a los clientes en sus casos legales y les ayudar\u00e1 a coordinar sus tratamientos tras una lesi\u00f3n en el lugar de trabajo, un accidente de tr\u00e1fico o una lesi\u00f3n personal.\" \/>\n<meta property=\"og:url\" content=\"https:\/\/centralialaw.com\/es\/puedo-recibir-tratamiento-medico-durante-la-orden-de-permanecer-en-casa\/\" \/>\n<meta property=\"og:site_name\" content=\"Ley Centralia\" \/>\n<meta property=\"article:publisher\" content=\"https:\/\/www.facebook.com\/AlthauserRayanAbbarno\/\" \/>\n<meta property=\"article:published_time\" content=\"2020-03-24T21:52:19+00:00\" \/>\n<meta name=\"author\" content=\"silveragency\" \/>\n<meta name=\"twitter:card\" content=\"summary_large_image\" \/>\n<meta name=\"twitter:creator\" content=\"@PeterAbbarno\" \/>\n<meta name=\"twitter:site\" content=\"@PeterAbbarno\" \/>\n<meta name=\"twitter:label1\" content=\"Written by\" \/>\n\t<meta name=\"twitter:data1\" content=\"silveragency\" \/>\n\t<meta name=\"twitter:label2\" content=\"Est. reading time\" \/>\n\t<meta name=\"twitter:data2\" content=\"1 minuto\" \/>\n<script type=\"application\/ld+json\" class=\"yoast-schema-graph\">{\"@context\":\"https:\\\/\\\/schema.org\",\"@graph\":[{\"@type\":\"Article\",\"@id\":\"https:\\\/\\\/centralialaw.com\\\/es\\\/puedo-recibir-tratamiento-medico-durante-la-orden-de-permanecer-en-casa\\\/#article\",\"isPartOf\":{\"@id\":\"https:\\\/\\\/centralialaw.com\\\/es\\\/puedo-recibir-tratamiento-medico-durante-la-orden-de-permanecer-en-casa\\\/\"},\"author\":{\"name\":\"silveragency\",\"@id\":\"https:\\\/\\\/centralialaw.com\\\/es\\\/#\\\/schema\\\/person\\\/c90a306e6cec19446363bb73622e38f0\"},\"headline\":\"\u00bfPuedo recibir tratamiento m\u00e9dico durante la orden de \u201cPermanecer en casa\u201d?\",\"datePublished\":\"2020-03-24T21:52:19+00:00\",\"mainEntityOfPage\":{\"@id\":\"https:\\\/\\\/centralialaw.com\\\/es\\\/puedo-recibir-tratamiento-medico-durante-la-orden-de-permanecer-en-casa\\\/\"},\"wordCount\":290,\"publisher\":{\"@id\":\"https:\\\/\\\/centralialaw.com\\\/es\\\/#organization\"},\"image\":{\"@id\":\"https:\\\/\\\/centralialaw.com\\\/es\\\/puedo-recibir-tratamiento-medico-durante-la-orden-de-permanecer-en-casa\\\/#primaryimage\"},\"thumbnailUrl\":\"https:\\\/\\\/centralialaw.com\\\/wp-content\\\/uploads\\\/2020\\\/03\\\/covid-6-300x121.jpg\",\"keywords\":[\"Abogados cerca de m\u00ed\",\"Accidente de tr\u00e1fico\",\"Covid-19\",\"Indemnizaci\u00f3n por accidente laboral\",\"Lesiones personales\"],\"articleSection\":[\"Lesiones personales\"],\"inLanguage\":\"es\"},{\"@type\":\"WebPage\",\"@id\":\"https:\\\/\\\/centralialaw.com\\\/es\\\/puedo-recibir-tratamiento-medico-durante-la-orden-de-permanecer-en-casa\\\/\",\"url\":\"https:\\\/\\\/centralialaw.com\\\/es\\\/puedo-recibir-tratamiento-medico-durante-la-orden-de-permanecer-en-casa\\\/\",\"name\":\"\u00bfPuedo recibir tratamiento m\u00e9dico durante la orden de \u201cPermanecer en casa\u201d? - Ley Centralia\",\"isPartOf\":{\"@id\":\"https:\\\/\\\/centralialaw.com\\\/es\\\/#website\"},\"primaryImageOfPage\":{\"@id\":\"https:\\\/\\\/centralialaw.com\\\/es\\\/puedo-recibir-tratamiento-medico-durante-la-orden-de-permanecer-en-casa\\\/#primaryimage\"},\"image\":{\"@id\":\"https:\\\/\\\/centralialaw.com\\\/es\\\/puedo-recibir-tratamiento-medico-durante-la-orden-de-permanecer-en-casa\\\/#primaryimage\"},\"thumbnailUrl\":\"https:\\\/\\\/centralialaw.com\\\/wp-content\\\/uploads\\\/2020\\\/03\\\/covid-6-300x121.jpg\",\"datePublished\":\"2020-03-24T21:52:19+00:00\",\"description\":\"S\u00ed, la profesi\u00f3n m\u00e9dica sigue abierta para atender a los pacientes. Si has sufrido lesiones en un accidente de tr\u00e1fico o en el lugar de trabajo, puedes continuar tu tratamiento.S\u00ed, Althauser Rayan Abbarno asistir\u00e1 a los clientes en sus casos legales y les ayudar\u00e1 a coordinar sus tratamientos tras una lesi\u00f3n en el lugar de trabajo, un accidente de tr\u00e1fico o una lesi\u00f3n personal.\",\"breadcrumb\":{\"@id\":\"https:\\\/\\\/centralialaw.com\\\/es\\\/puedo-recibir-tratamiento-medico-durante-la-orden-de-permanecer-en-casa\\\/#breadcrumb\"},\"inLanguage\":\"es\",\"potentialAction\":[{\"@type\":\"ReadAction\",\"target\":[\"https:\\\/\\\/centralialaw.com\\\/es\\\/puedo-recibir-tratamiento-medico-durante-la-orden-de-permanecer-en-casa\\\/\"]}]},{\"@type\":\"ImageObject\",\"inLanguage\":\"es\",\"@id\":\"https:\\\/\\\/centralialaw.com\\\/es\\\/puedo-recibir-tratamiento-medico-durante-la-orden-de-permanecer-en-casa\\\/#primaryimage\",\"url\":\"https:\\\/\\\/centralialaw.com\\\/wp-content\\\/uploads\\\/2020\\\/03\\\/covid-6-300x121.jpg\",\"contentUrl\":\"https:\\\/\\\/centralialaw.com\\\/wp-content\\\/uploads\\\/2020\\\/03\\\/covid-6-300x121.jpg\"},{\"@type\":\"BreadcrumbList\",\"@id\":\"https:\\\/\\\/centralialaw.com\\\/es\\\/puedo-recibir-tratamiento-medico-durante-la-orden-de-permanecer-en-casa\\\/#breadcrumb\",\"itemListElement\":[{\"@type\":\"ListItem\",\"position\":1,\"name\":\"Inicio\",\"item\":\"https:\\\/\\\/centralialaw.com\\\/es\\\/\"},{\"@type\":\"ListItem\",\"position\":2,\"name\":\"\u00bfPuedo recibir tratamiento m\u00e9dico durante la orden de \u201cPermanecer en casa\u201d?\"}]},{\"@type\":\"WebSite\",\"@id\":\"https:\\\/\\\/centralialaw.com\\\/es\\\/#website\",\"url\":\"https:\\\/\\\/centralialaw.com\\\/es\\\/\",\"name\":\"Centralia Law\",\"description\":\"Al servicio del estado de Washington desde hace m\u00e1s de 75 a\u00f1os - Althauser Rayan Abbarno \",\"publisher\":{\"@id\":\"https:\\\/\\\/centralialaw.com\\\/es\\\/#organization\"},\"potentialAction\":[{\"@type\":\"SearchAction\",\"target\":{\"@type\":\"EntryPoint\",\"urlTemplate\":\"https:\\\/\\\/centralialaw.com\\\/es\\\/?s={search_term_string}\"},\"query-input\":{\"@type\":\"PropertyValueSpecification\",\"valueRequired\":true,\"valueName\":\"search_term_string\"}}],\"inLanguage\":\"es\"},{\"@type\":\"Organization\",\"@id\":\"https:\\\/\\\/centralialaw.com\\\/es\\\/#organization\",\"name\":\"Ley Centralia\",\"url\":\"https:\\\/\\\/centralialaw.com\\\/es\\\/\",\"logo\":{\"@type\":\"ImageObject\",\"inLanguage\":\"es\",\"@id\":\"https:\\\/\\\/centralialaw.com\\\/es\\\/#\\\/schema\\\/logo\\\/image\\\/\",\"url\":\"https:\\\/\\\/centralialaw.com\\\/wp-content\\\/uploads\\\/2022\\\/05\\\/ARA-Logo.png\",\"contentUrl\":\"https:\\\/\\\/centralialaw.com\\\/wp-content\\\/uploads\\\/2022\\\/05\\\/ARA-Logo.png\",\"width\":1153,\"height\":364,\"caption\":\"Ley Centralia\"},\"image\":{\"@id\":\"https:\\\/\\\/centralialaw.com\\\/es\\\/#\\\/schema\\\/logo\\\/image\\\/\"},\"sameAs\":[\"https:\\\/\\\/www.facebook.com\\\/AlthauserRayanAbbarno\\\/\",\"https:\\\/\\\/x.com\\\/PeterAbbarno\"]},{\"@type\":\"Person\",\"@id\":\"https:\\\/\\\/centralialaw.com\\\/es\\\/#\\\/schema\\\/person\\\/c90a306e6cec19446363bb73622e38f0\",\"name\":\"silveragency\",\"image\":{\"@type\":\"ImageObject\",\"inLanguage\":\"es\",\"@id\":\"https:\\\/\\\/secure.gravatar.com\\\/avatar\\\/4651f4f7a0b935cb1de39e18a57f11b714fe08c8958a68707e471418252972e5?s=96&d=mm&r=g\",\"url\":\"https:\\\/\\\/secure.gravatar.com\\\/avatar\\\/4651f4f7a0b935cb1de39e18a57f11b714fe08c8958a68707e471418252972e5?s=96&d=mm&r=g\",\"contentUrl\":\"https:\\\/\\\/secure.gravatar.com\\\/avatar\\\/4651f4f7a0b935cb1de39e18a57f11b714fe08c8958a68707e471418252972e5?s=96&d=mm&r=g\",\"caption\":\"silveragency\"},\"sameAs\":[\"http:\\\/\\\/centralialaw.com\"],\"url\":\"https:\\\/\\\/centralialaw.com\\\/es\\\/author\\\/silveragency\\\/\"}]}<\/script>\n<!-- \/ Yoast SEO plugin. -->","yoast_head_json":{"title":"\u00bfPuedo recibir tratamiento m\u00e9dico durante la orden de \u201cPermanecer en casa\u201d? - Ley Centralia","description":"S\u00ed, la profesi\u00f3n m\u00e9dica sigue abierta para atender a los pacientes. Si has sufrido lesiones en un accidente de tr\u00e1fico o en el lugar de trabajo, puedes continuar tu tratamiento.S\u00ed, Althauser Rayan Abbarno asistir\u00e1 a los clientes en sus casos legales y les ayudar\u00e1 a coordinar sus tratamientos tras una lesi\u00f3n en el lugar de trabajo, un accidente de tr\u00e1fico o una lesi\u00f3n personal.","robots":{"index":"index","follow":"follow","max-snippet":"max-snippet:-1","max-image-preview":"max-image-preview:large","max-video-preview":"max-video-preview:-1"},"canonical":"https:\/\/centralialaw.com\/es\/puedo-recibir-tratamiento-medico-durante-la-orden-de-permanecer-en-casa\/","og_locale":"es_ES","og_type":"article","og_title":"\u00bfPuedo recibir tratamiento m\u00e9dico durante la orden de \u201cPermanecer en casa\u201d? - Ley Centralia","og_description":"S\u00ed, la profesi\u00f3n m\u00e9dica sigue abierta para atender a los pacientes. Si has sufrido lesiones en un accidente de tr\u00e1fico o en el lugar de trabajo, puedes continuar tu tratamiento.S\u00ed, Althauser Rayan Abbarno asistir\u00e1 a los clientes en sus casos legales y les ayudar\u00e1 a coordinar sus tratamientos tras una lesi\u00f3n en el lugar de trabajo, un accidente de tr\u00e1fico o una lesi\u00f3n personal.","og_url":"https:\/\/centralialaw.com\/es\/puedo-recibir-tratamiento-medico-durante-la-orden-de-permanecer-en-casa\/","og_site_name":"Ley Centralia","article_publisher":"https:\/\/www.facebook.com\/AlthauserRayanAbbarno\/","article_published_time":"2020-03-24T21:52:19+00:00","author":"silveragency","twitter_card":"summary_large_image","twitter_creator":"@PeterAbbarno","twitter_site":"@PeterAbbarno","twitter_misc":{"Written by":"silveragency","Est. reading time":"1 minuto"},"schema":{"@context":"https:\/\/schema.org","@graph":[{"@type":"Article","@id":"https:\/\/centralialaw.com\/es\/puedo-recibir-tratamiento-medico-durante-la-orden-de-permanecer-en-casa\/#article","isPartOf":{"@id":"https:\/\/centralialaw.com\/es\/puedo-recibir-tratamiento-medico-durante-la-orden-de-permanecer-en-casa\/"},"author":{"name":"silveragency","@id":"https:\/\/centralialaw.com\/es\/#\/schema\/person\/c90a306e6cec19446363bb73622e38f0"},"headline":"\u00bfPuedo recibir tratamiento m\u00e9dico durante la orden de \u201cPermanecer en casa\u201d?","datePublished":"2020-03-24T21:52:19+00:00","mainEntityOfPage":{"@id":"https:\/\/centralialaw.com\/es\/puedo-recibir-tratamiento-medico-durante-la-orden-de-permanecer-en-casa\/"},"wordCount":290,"publisher":{"@id":"https:\/\/centralialaw.com\/es\/#organization"},"image":{"@id":"https:\/\/centralialaw.com\/es\/puedo-recibir-tratamiento-medico-durante-la-orden-de-permanecer-en-casa\/#primaryimage"},"thumbnailUrl":"https:\/\/centralialaw.com\/wp-content\/uploads\/2020\/03\/covid-6-300x121.jpg","keywords":["Abogados cerca de m\u00ed","Accidente de tr\u00e1fico","Covid-19","Indemnizaci\u00f3n por accidente laboral","Lesiones personales"],"articleSection":["Lesiones personales"],"inLanguage":"es"},{"@type":"WebPage","@id":"https:\/\/centralialaw.com\/es\/puedo-recibir-tratamiento-medico-durante-la-orden-de-permanecer-en-casa\/","url":"https:\/\/centralialaw.com\/es\/puedo-recibir-tratamiento-medico-durante-la-orden-de-permanecer-en-casa\/","name":"\u00bfPuedo recibir tratamiento m\u00e9dico durante la orden de \u201cPermanecer en casa\u201d? - Ley Centralia","isPartOf":{"@id":"https:\/\/centralialaw.com\/es\/#website"},"primaryImageOfPage":{"@id":"https:\/\/centralialaw.com\/es\/puedo-recibir-tratamiento-medico-durante-la-orden-de-permanecer-en-casa\/#primaryimage"},"image":{"@id":"https:\/\/centralialaw.com\/es\/puedo-recibir-tratamiento-medico-durante-la-orden-de-permanecer-en-casa\/#primaryimage"},"thumbnailUrl":"https:\/\/centralialaw.com\/wp-content\/uploads\/2020\/03\/covid-6-300x121.jpg","datePublished":"2020-03-24T21:52:19+00:00","description":"S\u00ed, la profesi\u00f3n m\u00e9dica sigue abierta para atender a los pacientes. Si has sufrido lesiones en un accidente de tr\u00e1fico o en el lugar de trabajo, puedes continuar tu tratamiento.S\u00ed, Althauser Rayan Abbarno asistir\u00e1 a los clientes en sus casos legales y les ayudar\u00e1 a coordinar sus tratamientos tras una lesi\u00f3n en el lugar de trabajo, un accidente de tr\u00e1fico o una lesi\u00f3n personal.","breadcrumb":{"@id":"https:\/\/centralialaw.com\/es\/puedo-recibir-tratamiento-medico-durante-la-orden-de-permanecer-en-casa\/#breadcrumb"},"inLanguage":"es","potentialAction":[{"@type":"ReadAction","target":["https:\/\/centralialaw.com\/es\/puedo-recibir-tratamiento-medico-durante-la-orden-de-permanecer-en-casa\/"]}]},{"@type":"ImageObject","inLanguage":"es","@id":"https:\/\/centralialaw.com\/es\/puedo-recibir-tratamiento-medico-durante-la-orden-de-permanecer-en-casa\/#primaryimage","url":"https:\/\/centralialaw.com\/wp-content\/uploads\/2020\/03\/covid-6-300x121.jpg","contentUrl":"https:\/\/centralialaw.com\/wp-content\/uploads\/2020\/03\/covid-6-300x121.jpg"},{"@type":"BreadcrumbList","@id":"https:\/\/centralialaw.com\/es\/puedo-recibir-tratamiento-medico-durante-la-orden-de-permanecer-en-casa\/#breadcrumb","itemListElement":[{"@type":"ListItem","position":1,"name":"Inicio","item":"https:\/\/centralialaw.com\/es\/"},{"@type":"ListItem","position":2,"name":"\u00bfPuedo recibir tratamiento m\u00e9dico durante la orden de \u201cPermanecer en casa\u201d?"}]},{"@type":"WebSite","@id":"https:\/\/centralialaw.com\/es\/#website","url":"https:\/\/centralialaw.com\/es\/","name":"Centralia Law","description":"Al servicio del estado de Washington desde hace m\u00e1s de 75 a\u00f1os - Althauser Rayan Abbarno ","publisher":{"@id":"https:\/\/centralialaw.com\/es\/#organization"},"potentialAction":[{"@type":"SearchAction","target":{"@type":"EntryPoint","urlTemplate":"https:\/\/centralialaw.com\/es\/?s={search_term_string}"},"query-input":{"@type":"PropertyValueSpecification","valueRequired":true,"valueName":"search_term_string"}}],"inLanguage":"es"},{"@type":"Organization","@id":"https:\/\/centralialaw.com\/es\/#organization","name":"Ley Centralia","url":"https:\/\/centralialaw.com\/es\/","logo":{"@type":"ImageObject","inLanguage":"es","@id":"https:\/\/centralialaw.com\/es\/#\/schema\/logo\/image\/","url":"https:\/\/centralialaw.com\/wp-content\/uploads\/2022\/05\/ARA-Logo.png","contentUrl":"https:\/\/centralialaw.com\/wp-content\/uploads\/2022\/05\/ARA-Logo.png","width":1153,"height":364,"caption":"Ley Centralia"},"image":{"@id":"https:\/\/centralialaw.com\/es\/#\/schema\/logo\/image\/"},"sameAs":["https:\/\/www.facebook.com\/AlthauserRayanAbbarno\/","https:\/\/x.com\/PeterAbbarno"]},{"@type":"Person","@id":"https:\/\/centralialaw.com\/es\/#\/schema\/person\/c90a306e6cec19446363bb73622e38f0","name":"silveragency","image":{"@type":"ImageObject","inLanguage":"es","@id":"https:\/\/secure.gravatar.com\/avatar\/4651f4f7a0b935cb1de39e18a57f11b714fe08c8958a68707e471418252972e5?s=96&d=mm&r=g","url":"https:\/\/secure.gravatar.com\/avatar\/4651f4f7a0b935cb1de39e18a57f11b714fe08c8958a68707e471418252972e5?s=96&d=mm&r=g","contentUrl":"https:\/\/secure.gravatar.com\/avatar\/4651f4f7a0b935cb1de39e18a57f11b714fe08c8958a68707e471418252972e5?s=96&d=mm&r=g","caption":"silveragency"},"sameAs":["http:\/\/centralialaw.com"],"url":"https:\/\/centralialaw.com\/es\/author\/silveragency\/"}]}},"_links":{"self":[{"href":"https:\/\/centralialaw.com\/es\/wp-json\/wp\/v2\/posts\/17892","targetHints":{"allow":["GET"]}}],"collection":[{"href":"https:\/\/centralialaw.com\/es\/wp-json\/wp\/v2\/posts"}],"about":[{"href":"https:\/\/centralialaw.com\/es\/wp-json\/wp\/v2\/types\/post"}],"author":[{"embeddable":true,"href":"https:\/\/centralialaw.com\/es\/wp-json\/wp\/v2\/users\/1"}],"replies":[{"embeddable":true,"href":"https:\/\/centralialaw.com\/es\/wp-json\/wp\/v2\/comments?post=17892"}],"version-history":[{"count":0,"href":"https:\/\/centralialaw.com\/es\/wp-json\/wp\/v2\/posts\/17892\/revisions"}],"wp:attachment":[{"href":"https:\/\/centralialaw.com\/es\/wp-json\/wp\/v2\/media?parent=17892"}],"wp:term":[{"taxonomy":"category","embeddable":true,"href":"https:\/\/centralialaw.com\/es\/wp-json\/wp\/v2\/categories?post=17892"},{"taxonomy":"post_tag","embeddable":true,"href":"https:\/\/centralialaw.com\/es\/wp-json\/wp\/v2\/tags?post=17892"}],"curies":[{"name":"wp","href":"https:\/\/api.w.org\/{rel}","templated":true}]}}