{"id":18008,"date":"2025-06-20T09:52:54","date_gmt":"2025-06-20T16:52:54","guid":{"rendered":"https:\/\/centralialaw.com\/cuanto-vale-mi-caso-de-lesiones\/"},"modified":"2025-06-20T09:53:06","modified_gmt":"2025-06-20T16:53:06","slug":"cuanto-vale-mi-caso-de-lesiones","status":"publish","type":"post","link":"https:\/\/centralialaw.com\/es\/cuanto-vale-mi-caso-de-lesiones\/","title":{"rendered":"\u201c\u00bfCu\u00e1nto vale mi caso de lesiones?\u201d"},"content":{"rendered":"\n<h3 class=\"wp-block-heading\"><strong>\u201c\u00bfCu\u00e1nto vale mi caso de lesiones?\u201d<\/strong><\/h3>\n\n<p>Una de las preguntas m\u00e1s frecuentes que escuchamos en <em>Althauser Rayan Abbarno<\/em> es:<\/p>\n\n<blockquote class=\"wp-block-quote is-layout-flow wp-block-quote-is-layout-flow\">\n<p><strong>\u201c\u00bfCu\u00e1nto vale mi caso de lesiones personales?\u201d<\/strong><\/p>\n<\/blockquote>\n\n<p>Es una pregunta justa e importante, sobre todo cuando te enfrentas al dolor, la p\u00e9rdida de salario, el aumento de las facturas m\u00e9dicas y la incertidumbre de la recuperaci\u00f3n.<\/p>\n\n<p>La verdad es que <strong>cada caso de lesiones es \u00fanico<\/strong>. El valor de tu reclamaci\u00f3n depende de muchos factores, entre ellos: <\/p>\n\n<ul class=\"wp-block-list\">\n<li>El <strong>alcance de tus lesiones<\/strong><\/li>\n\n\n\n<li>El <strong>tipo y la duraci\u00f3n de tu tratamiento m\u00e9dico<\/strong><\/li>\n\n\n\n<li>Si <strong>te recuperar\u00e1s totalmente o sufrir\u00e1s efectos a largo plazo<\/strong><\/li>\n\n\n\n<li><strong>P\u00e9rdida de ingresos o de capacidad laboral<\/strong><\/li>\n\n\n\n<li><strong>Dolor y sufrimiento<\/strong>, tanto f\u00edsico como emocional<\/li>\n\n\n\n<li>Si <strong>compartes alguna responsabilidad<\/strong> (culpa comparativa)<\/li>\n\n\n\n<li>La <strong>cobertura de seguro<\/strong> disponible<\/li>\n<\/ul>\n\n<p>Por eso ofrecemos <strong>consultas gratuitas sobre lesiones<\/strong> para guiarte en el proceso, responder a tus preguntas y garantizar <strong>la plena protecci\u00f3n de tus derechos y prestaciones, incluida la<\/strong>indemnizaci\u00f3n que mereces.<\/p>\n\n<h3 class=\"wp-block-heading\">No conf\u00edes en las calculadoras online.<\/h3>\n\n<p>Las compa\u00f1\u00edas de seguros har\u00e1n todo lo posible por minimizar tu indemnizaci\u00f3n. Te mereces un <strong>equipo jur\u00eddico experimentado<\/strong> que luche por tu mejor resultado. <\/p>\n\n<p>\ud83d\udcde Ponte en contacto con <em>Althauser Rayan Abbarno<\/em> hoy mismo. Tu consulta es gratuita, y tu recuperaci\u00f3n es demasiado importante como para esperar. <\/p>\n\n<figure class=\"wp-block-image size-large\"><img loading=\"lazy\" decoding=\"async\" width=\"1024\" height=\"256\" src=\"https:\/\/centralialaw.com\/wp-content\/uploads\/2024\/10\/ARA-4th-of-July-Ad-page-001-1024x256.jpg\" alt=\"\" class=\"wp-image-17154\" srcset=\"https:\/\/centralialaw.com\/wp-content\/uploads\/2024\/10\/ARA-4th-of-July-Ad-page-001-980x245.jpg 980w, https:\/\/centralialaw.com\/wp-content\/uploads\/2024\/10\/ARA-4th-of-July-Ad-page-001-480x120.jpg 480w\" sizes=\"(min-width: 0px) and (max-width: 480px) 480px, (min-width: 481px) and (max-width: 980px) 980px, (min-width: 981px) 1024px, 100vw\" \/><\/figure>\n","protected":false},"excerpt":{"rendered":"<p>\u201c\u00bfCu\u00e1nto vale mi caso de lesiones?\u201d Una de las preguntas m\u00e1s frecuentes que escuchamos en Althauser Rayan Abbarno es: \u201c\u00bfCu\u00e1nto vale mi caso de lesiones personales?\u201d Es una pregunta justa e importante, sobre todo cuando te enfrentas al dolor, la p\u00e9rdida de salario, el aumento de las facturas m\u00e9dicas y la incertidumbre de la recuperaci\u00f3n. [&hellip;]<\/p>\n","protected":false},"author":2,"featured_media":17991,"comment_status":"closed","ping_status":"closed","sticky":false,"template":"","format":"standard","meta":{"_et_pb_use_builder":"off","_et_pb_old_content":"","_et_gb_content_width":"","footnotes":""},"categories":[415],"tags":[410,765,369,407,373,372,766],"class_list":["post-18008","post","type-post","status-publish","format-standard","has-post-thumbnail","hentry","category-lesiones-personales","tag-accidente-de-trafico","tag-caso-worth","tag-centralia-es","tag-chehalis-es","tag-lesiones-personales","tag-olimpia","tag-valor-del-caso"],"yoast_head":"<!-- This site is optimized with the Yoast SEO plugin v27.5 - https:\/\/yoast.com\/product\/yoast-seo-wordpress\/ -->\n<title>\u201c\u00bfCu\u00e1nto vale mi caso de lesiones?\u201d - Ley Centralia<\/title>\n<meta name=\"robots\" content=\"index, follow, max-snippet:-1, max-image-preview:large, max-video-preview:-1\" \/>\n<link rel=\"canonical\" href=\"https:\/\/centralialaw.com\/es\/cuanto-vale-mi-caso-de-lesiones\/\" \/>\n<meta property=\"og:locale\" content=\"es_ES\" \/>\n<meta property=\"og:type\" content=\"article\" \/>\n<meta property=\"og:title\" content=\"\u201c\u00bfCu\u00e1nto vale mi caso de lesiones?\u201d - Ley Centralia\" \/>\n<meta property=\"og:description\" content=\"\u201c\u00bfCu\u00e1nto vale mi caso de lesiones?\u201d Una de las preguntas m\u00e1s frecuentes que escuchamos en Althauser Rayan Abbarno es: \u201c\u00bfCu\u00e1nto vale mi caso de lesiones personales?\u201d Es una pregunta justa e importante, sobre todo cuando te enfrentas al dolor, la p\u00e9rdida de salario, el aumento de las facturas m\u00e9dicas y la incertidumbre de la recuperaci\u00f3n. [&hellip;]\" \/>\n<meta property=\"og:url\" content=\"https:\/\/centralialaw.com\/es\/cuanto-vale-mi-caso-de-lesiones\/\" \/>\n<meta property=\"og:site_name\" content=\"Ley Centralia\" \/>\n<meta property=\"article:publisher\" content=\"https:\/\/www.facebook.com\/AlthauserRayanAbbarno\/\" \/>\n<meta property=\"article:published_time\" content=\"2025-06-20T16:52:54+00:00\" \/>\n<meta property=\"article:modified_time\" content=\"2025-06-20T16:53:06+00:00\" \/>\n<meta property=\"og:image\" content=\"https:\/\/centralialaw.com\/wp-content\/uploads\/2025\/06\/ARA2025-10-scaled.jpg\" \/>\n\t<meta property=\"og:image:width\" content=\"1707\" \/>\n\t<meta property=\"og:image:height\" content=\"2560\" \/>\n\t<meta property=\"og:image:type\" content=\"image\/jpeg\" \/>\n<meta name=\"author\" content=\"Peter Abbarno\" \/>\n<meta name=\"twitter:card\" content=\"summary_large_image\" \/>\n<meta name=\"twitter:creator\" content=\"@PeterAbbarno\" \/>\n<meta name=\"twitter:site\" content=\"@PeterAbbarno\" \/>\n<meta name=\"twitter:label1\" content=\"Written by\" \/>\n\t<meta name=\"twitter:data1\" content=\"Peter Abbarno\" \/>\n\t<meta name=\"twitter:label2\" content=\"Est. reading time\" \/>\n\t<meta name=\"twitter:data2\" content=\"1 minuto\" \/>\n<script type=\"application\/ld+json\" class=\"yoast-schema-graph\">{\"@context\":\"https:\\\/\\\/schema.org\",\"@graph\":[{\"@type\":\"Article\",\"@id\":\"https:\\\/\\\/centralialaw.com\\\/es\\\/cuanto-vale-mi-caso-de-lesiones\\\/#article\",\"isPartOf\":{\"@id\":\"https:\\\/\\\/centralialaw.com\\\/es\\\/cuanto-vale-mi-caso-de-lesiones\\\/\"},\"author\":{\"name\":\"Peter Abbarno\",\"@id\":\"https:\\\/\\\/centralialaw.com\\\/es\\\/#\\\/schema\\\/person\\\/df75a746547e7cef043297aef1bbba38\"},\"headline\":\"\u201c\u00bfCu\u00e1nto vale mi caso de lesiones?\u201d\",\"datePublished\":\"2025-06-20T16:52:54+00:00\",\"dateModified\":\"2025-06-20T16:53:06+00:00\",\"mainEntityOfPage\":{\"@id\":\"https:\\\/\\\/centralialaw.com\\\/es\\\/cuanto-vale-mi-caso-de-lesiones\\\/\"},\"wordCount\":235,\"publisher\":{\"@id\":\"https:\\\/\\\/centralialaw.com\\\/es\\\/#organization\"},\"image\":{\"@id\":\"https:\\\/\\\/centralialaw.com\\\/es\\\/cuanto-vale-mi-caso-de-lesiones\\\/#primaryimage\"},\"thumbnailUrl\":\"https:\\\/\\\/centralialaw.com\\\/wp-content\\\/uploads\\\/2025\\\/06\\\/ARA2025-10-scaled.jpg\",\"keywords\":[\"Accidente de tr\u00e1fico\",\"Caso Worth\",\"Centralia\",\"Chehalis\",\"Lesiones personales\",\"Olimpia\",\"Valor del caso\"],\"articleSection\":[\"Lesiones personales\"],\"inLanguage\":\"es\"},{\"@type\":\"WebPage\",\"@id\":\"https:\\\/\\\/centralialaw.com\\\/es\\\/cuanto-vale-mi-caso-de-lesiones\\\/\",\"url\":\"https:\\\/\\\/centralialaw.com\\\/es\\\/cuanto-vale-mi-caso-de-lesiones\\\/\",\"name\":\"\u201c\u00bfCu\u00e1nto vale mi caso de lesiones?\u201d - Ley Centralia\",\"isPartOf\":{\"@id\":\"https:\\\/\\\/centralialaw.com\\\/es\\\/#website\"},\"primaryImageOfPage\":{\"@id\":\"https:\\\/\\\/centralialaw.com\\\/es\\\/cuanto-vale-mi-caso-de-lesiones\\\/#primaryimage\"},\"image\":{\"@id\":\"https:\\\/\\\/centralialaw.com\\\/es\\\/cuanto-vale-mi-caso-de-lesiones\\\/#primaryimage\"},\"thumbnailUrl\":\"https:\\\/\\\/centralialaw.com\\\/wp-content\\\/uploads\\\/2025\\\/06\\\/ARA2025-10-scaled.jpg\",\"datePublished\":\"2025-06-20T16:52:54+00:00\",\"dateModified\":\"2025-06-20T16:53:06+00:00\",\"breadcrumb\":{\"@id\":\"https:\\\/\\\/centralialaw.com\\\/es\\\/cuanto-vale-mi-caso-de-lesiones\\\/#breadcrumb\"},\"inLanguage\":\"es\",\"potentialAction\":[{\"@type\":\"ReadAction\",\"target\":[\"https:\\\/\\\/centralialaw.com\\\/es\\\/cuanto-vale-mi-caso-de-lesiones\\\/\"]}]},{\"@type\":\"ImageObject\",\"inLanguage\":\"es\",\"@id\":\"https:\\\/\\\/centralialaw.com\\\/es\\\/cuanto-vale-mi-caso-de-lesiones\\\/#primaryimage\",\"url\":\"https:\\\/\\\/centralialaw.com\\\/wp-content\\\/uploads\\\/2025\\\/06\\\/ARA2025-10-scaled.jpg\",\"contentUrl\":\"https:\\\/\\\/centralialaw.com\\\/wp-content\\\/uploads\\\/2025\\\/06\\\/ARA2025-10-scaled.jpg\",\"width\":1707,\"height\":2560,\"caption\":\"The attorneys you need, when you need them the most.\"},{\"@type\":\"BreadcrumbList\",\"@id\":\"https:\\\/\\\/centralialaw.com\\\/es\\\/cuanto-vale-mi-caso-de-lesiones\\\/#breadcrumb\",\"itemListElement\":[{\"@type\":\"ListItem\",\"position\":1,\"name\":\"Inicio\",\"item\":\"https:\\\/\\\/centralialaw.com\\\/es\\\/\"},{\"@type\":\"ListItem\",\"position\":2,\"name\":\"\u201c\u00bfCu\u00e1nto vale mi caso de lesiones?\u201d\"}]},{\"@type\":\"WebSite\",\"@id\":\"https:\\\/\\\/centralialaw.com\\\/es\\\/#website\",\"url\":\"https:\\\/\\\/centralialaw.com\\\/es\\\/\",\"name\":\"Centralia Law\",\"description\":\"Al servicio del estado de Washington desde hace m\u00e1s de 75 a\u00f1os - Althauser Rayan Abbarno \",\"publisher\":{\"@id\":\"https:\\\/\\\/centralialaw.com\\\/es\\\/#organization\"},\"potentialAction\":[{\"@type\":\"SearchAction\",\"target\":{\"@type\":\"EntryPoint\",\"urlTemplate\":\"https:\\\/\\\/centralialaw.com\\\/es\\\/?s={search_term_string}\"},\"query-input\":{\"@type\":\"PropertyValueSpecification\",\"valueRequired\":true,\"valueName\":\"search_term_string\"}}],\"inLanguage\":\"es\"},{\"@type\":\"Organization\",\"@id\":\"https:\\\/\\\/centralialaw.com\\\/es\\\/#organization\",\"name\":\"Ley Centralia\",\"url\":\"https:\\\/\\\/centralialaw.com\\\/es\\\/\",\"logo\":{\"@type\":\"ImageObject\",\"inLanguage\":\"es\",\"@id\":\"https:\\\/\\\/centralialaw.com\\\/es\\\/#\\\/schema\\\/logo\\\/image\\\/\",\"url\":\"https:\\\/\\\/centralialaw.com\\\/wp-content\\\/uploads\\\/2022\\\/05\\\/ARA-Logo.png\",\"contentUrl\":\"https:\\\/\\\/centralialaw.com\\\/wp-content\\\/uploads\\\/2022\\\/05\\\/ARA-Logo.png\",\"width\":1153,\"height\":364,\"caption\":\"Ley Centralia\"},\"image\":{\"@id\":\"https:\\\/\\\/centralialaw.com\\\/es\\\/#\\\/schema\\\/logo\\\/image\\\/\"},\"sameAs\":[\"https:\\\/\\\/www.facebook.com\\\/AlthauserRayanAbbarno\\\/\",\"https:\\\/\\\/x.com\\\/PeterAbbarno\"]},{\"@type\":\"Person\",\"@id\":\"https:\\\/\\\/centralialaw.com\\\/es\\\/#\\\/schema\\\/person\\\/df75a746547e7cef043297aef1bbba38\",\"name\":\"Peter Abbarno\",\"image\":{\"@type\":\"ImageObject\",\"inLanguage\":\"es\",\"@id\":\"https:\\\/\\\/secure.gravatar.com\\\/avatar\\\/4abfe3b7079121d1f28bfcee302a24a00532f113ebafa311593e0ebac2982d3b?s=96&d=mm&r=g\",\"url\":\"https:\\\/\\\/secure.gravatar.com\\\/avatar\\\/4abfe3b7079121d1f28bfcee302a24a00532f113ebafa311593e0ebac2982d3b?s=96&d=mm&r=g\",\"contentUrl\":\"https:\\\/\\\/secure.gravatar.com\\\/avatar\\\/4abfe3b7079121d1f28bfcee302a24a00532f113ebafa311593e0ebac2982d3b?s=96&d=mm&r=g\",\"caption\":\"Peter Abbarno\"},\"url\":\"https:\\\/\\\/centralialaw.com\\\/es\\\/author\\\/peter-abbarno\\\/\"}]}<\/script>\n<!-- \/ Yoast SEO plugin. -->","yoast_head_json":{"title":"\u201c\u00bfCu\u00e1nto vale mi caso de lesiones?\u201d - Ley Centralia","robots":{"index":"index","follow":"follow","max-snippet":"max-snippet:-1","max-image-preview":"max-image-preview:large","max-video-preview":"max-video-preview:-1"},"canonical":"https:\/\/centralialaw.com\/es\/cuanto-vale-mi-caso-de-lesiones\/","og_locale":"es_ES","og_type":"article","og_title":"\u201c\u00bfCu\u00e1nto vale mi caso de lesiones?\u201d - Ley Centralia","og_description":"\u201c\u00bfCu\u00e1nto vale mi caso de lesiones?\u201d Una de las preguntas m\u00e1s frecuentes que escuchamos en Althauser Rayan Abbarno es: \u201c\u00bfCu\u00e1nto vale mi caso de lesiones personales?\u201d Es una pregunta justa e importante, sobre todo cuando te enfrentas al dolor, la p\u00e9rdida de salario, el aumento de las facturas m\u00e9dicas y la incertidumbre de la recuperaci\u00f3n. [&hellip;]","og_url":"https:\/\/centralialaw.com\/es\/cuanto-vale-mi-caso-de-lesiones\/","og_site_name":"Ley Centralia","article_publisher":"https:\/\/www.facebook.com\/AlthauserRayanAbbarno\/","article_published_time":"2025-06-20T16:52:54+00:00","article_modified_time":"2025-06-20T16:53:06+00:00","og_image":[{"width":1707,"height":2560,"url":"https:\/\/centralialaw.com\/wp-content\/uploads\/2025\/06\/ARA2025-10-scaled.jpg","type":"image\/jpeg"}],"author":"Peter Abbarno","twitter_card":"summary_large_image","twitter_creator":"@PeterAbbarno","twitter_site":"@PeterAbbarno","twitter_misc":{"Written by":"Peter Abbarno","Est. reading time":"1 minuto"},"schema":{"@context":"https:\/\/schema.org","@graph":[{"@type":"Article","@id":"https:\/\/centralialaw.com\/es\/cuanto-vale-mi-caso-de-lesiones\/#article","isPartOf":{"@id":"https:\/\/centralialaw.com\/es\/cuanto-vale-mi-caso-de-lesiones\/"},"author":{"name":"Peter Abbarno","@id":"https:\/\/centralialaw.com\/es\/#\/schema\/person\/df75a746547e7cef043297aef1bbba38"},"headline":"\u201c\u00bfCu\u00e1nto vale mi caso de lesiones?\u201d","datePublished":"2025-06-20T16:52:54+00:00","dateModified":"2025-06-20T16:53:06+00:00","mainEntityOfPage":{"@id":"https:\/\/centralialaw.com\/es\/cuanto-vale-mi-caso-de-lesiones\/"},"wordCount":235,"publisher":{"@id":"https:\/\/centralialaw.com\/es\/#organization"},"image":{"@id":"https:\/\/centralialaw.com\/es\/cuanto-vale-mi-caso-de-lesiones\/#primaryimage"},"thumbnailUrl":"https:\/\/centralialaw.com\/wp-content\/uploads\/2025\/06\/ARA2025-10-scaled.jpg","keywords":["Accidente de tr\u00e1fico","Caso Worth","Centralia","Chehalis","Lesiones personales","Olimpia","Valor del caso"],"articleSection":["Lesiones personales"],"inLanguage":"es"},{"@type":"WebPage","@id":"https:\/\/centralialaw.com\/es\/cuanto-vale-mi-caso-de-lesiones\/","url":"https:\/\/centralialaw.com\/es\/cuanto-vale-mi-caso-de-lesiones\/","name":"\u201c\u00bfCu\u00e1nto vale mi caso de lesiones?\u201d - Ley Centralia","isPartOf":{"@id":"https:\/\/centralialaw.com\/es\/#website"},"primaryImageOfPage":{"@id":"https:\/\/centralialaw.com\/es\/cuanto-vale-mi-caso-de-lesiones\/#primaryimage"},"image":{"@id":"https:\/\/centralialaw.com\/es\/cuanto-vale-mi-caso-de-lesiones\/#primaryimage"},"thumbnailUrl":"https:\/\/centralialaw.com\/wp-content\/uploads\/2025\/06\/ARA2025-10-scaled.jpg","datePublished":"2025-06-20T16:52:54+00:00","dateModified":"2025-06-20T16:53:06+00:00","breadcrumb":{"@id":"https:\/\/centralialaw.com\/es\/cuanto-vale-mi-caso-de-lesiones\/#breadcrumb"},"inLanguage":"es","potentialAction":[{"@type":"ReadAction","target":["https:\/\/centralialaw.com\/es\/cuanto-vale-mi-caso-de-lesiones\/"]}]},{"@type":"ImageObject","inLanguage":"es","@id":"https:\/\/centralialaw.com\/es\/cuanto-vale-mi-caso-de-lesiones\/#primaryimage","url":"https:\/\/centralialaw.com\/wp-content\/uploads\/2025\/06\/ARA2025-10-scaled.jpg","contentUrl":"https:\/\/centralialaw.com\/wp-content\/uploads\/2025\/06\/ARA2025-10-scaled.jpg","width":1707,"height":2560,"caption":"The attorneys you need, when you need them the most."},{"@type":"BreadcrumbList","@id":"https:\/\/centralialaw.com\/es\/cuanto-vale-mi-caso-de-lesiones\/#breadcrumb","itemListElement":[{"@type":"ListItem","position":1,"name":"Inicio","item":"https:\/\/centralialaw.com\/es\/"},{"@type":"ListItem","position":2,"name":"\u201c\u00bfCu\u00e1nto vale mi caso de lesiones?\u201d"}]},{"@type":"WebSite","@id":"https:\/\/centralialaw.com\/es\/#website","url":"https:\/\/centralialaw.com\/es\/","name":"Centralia Law","description":"Al servicio del estado de Washington desde hace m\u00e1s de 75 a\u00f1os - Althauser Rayan Abbarno ","publisher":{"@id":"https:\/\/centralialaw.com\/es\/#organization"},"potentialAction":[{"@type":"SearchAction","target":{"@type":"EntryPoint","urlTemplate":"https:\/\/centralialaw.com\/es\/?s={search_term_string}"},"query-input":{"@type":"PropertyValueSpecification","valueRequired":true,"valueName":"search_term_string"}}],"inLanguage":"es"},{"@type":"Organization","@id":"https:\/\/centralialaw.com\/es\/#organization","name":"Ley Centralia","url":"https:\/\/centralialaw.com\/es\/","logo":{"@type":"ImageObject","inLanguage":"es","@id":"https:\/\/centralialaw.com\/es\/#\/schema\/logo\/image\/","url":"https:\/\/centralialaw.com\/wp-content\/uploads\/2022\/05\/ARA-Logo.png","contentUrl":"https:\/\/centralialaw.com\/wp-content\/uploads\/2022\/05\/ARA-Logo.png","width":1153,"height":364,"caption":"Ley Centralia"},"image":{"@id":"https:\/\/centralialaw.com\/es\/#\/schema\/logo\/image\/"},"sameAs":["https:\/\/www.facebook.com\/AlthauserRayanAbbarno\/","https:\/\/x.com\/PeterAbbarno"]},{"@type":"Person","@id":"https:\/\/centralialaw.com\/es\/#\/schema\/person\/df75a746547e7cef043297aef1bbba38","name":"Peter Abbarno","image":{"@type":"ImageObject","inLanguage":"es","@id":"https:\/\/secure.gravatar.com\/avatar\/4abfe3b7079121d1f28bfcee302a24a00532f113ebafa311593e0ebac2982d3b?s=96&d=mm&r=g","url":"https:\/\/secure.gravatar.com\/avatar\/4abfe3b7079121d1f28bfcee302a24a00532f113ebafa311593e0ebac2982d3b?s=96&d=mm&r=g","contentUrl":"https:\/\/secure.gravatar.com\/avatar\/4abfe3b7079121d1f28bfcee302a24a00532f113ebafa311593e0ebac2982d3b?s=96&d=mm&r=g","caption":"Peter Abbarno"},"url":"https:\/\/centralialaw.com\/es\/author\/peter-abbarno\/"}]}},"_links":{"self":[{"href":"https:\/\/centralialaw.com\/es\/wp-json\/wp\/v2\/posts\/18008","targetHints":{"allow":["GET"]}}],"collection":[{"href":"https:\/\/centralialaw.com\/es\/wp-json\/wp\/v2\/posts"}],"about":[{"href":"https:\/\/centralialaw.com\/es\/wp-json\/wp\/v2\/types\/post"}],"author":[{"embeddable":true,"href":"https:\/\/centralialaw.com\/es\/wp-json\/wp\/v2\/users\/2"}],"replies":[{"embeddable":true,"href":"https:\/\/centralialaw.com\/es\/wp-json\/wp\/v2\/comments?post=18008"}],"version-history":[{"count":0,"href":"https:\/\/centralialaw.com\/es\/wp-json\/wp\/v2\/posts\/18008\/revisions"}],"wp:featuredmedia":[{"embeddable":true,"href":"https:\/\/centralialaw.com\/es\/wp-json\/wp\/v2\/media\/17991"}],"wp:attachment":[{"href":"https:\/\/centralialaw.com\/es\/wp-json\/wp\/v2\/media?parent=18008"}],"wp:term":[{"taxonomy":"category","embeddable":true,"href":"https:\/\/centralialaw.com\/es\/wp-json\/wp\/v2\/categories?post=18008"},{"taxonomy":"post_tag","embeddable":true,"href":"https:\/\/centralialaw.com\/es\/wp-json\/wp\/v2\/tags?post=18008"}],"curies":[{"name":"wp","href":"https:\/\/api.w.org\/{rel}","templated":true}]}}