{"id":18033,"date":"2025-07-10T07:49:38","date_gmt":"2025-07-10T14:49:38","guid":{"rendered":"https:\/\/centralialaw.com\/%f0%9f%93%8acalculo-de-la-pension-alimenticia-en-el-estado-de-washington\/"},"modified":"2025-07-10T07:49:52","modified_gmt":"2025-07-10T14:49:52","slug":"%f0%9f%93%8acalculo-de-la-pension-alimenticia-en-el-estado-de-washington","status":"publish","type":"post","link":"https:\/\/centralialaw.com\/es\/%f0%9f%93%8acalculo-de-la-pension-alimenticia-en-el-estado-de-washington\/","title":{"rendered":"\ud83d\udccaC\u00e1lculo de la pensi\u00f3n alimenticia en el Estado de Washington"},"content":{"rendered":"\n<h3 class=\"wp-block-heading\">Orientaci\u00f3n para <a href=\"https:\/\/centralialaw.com\/es\/derecho-de-familia\/\">abogados de Derecho de Familia<\/a> en Althauser Rayan Abbarno<\/h3>\n\n<p>El c\u00e1lculo de la pensi\u00f3n alimenticia de los hijos en Washington implica un <strong>modelo<\/strong> estructurado <strong>de participaci\u00f3n en los ingresos<\/strong>, establecido por <strong>la RCW 26.19<\/strong>. Aqu\u00ed tienes un resumen completo para los profesionales del Derecho de familia: <\/p>\n\n<h3 class=\"wp-block-heading\">1. Determina los ingresos brutos de cada progenitor<\/h3>\n\n<p>Deben incluirse todas las fuentes de ingresos: salarios, comisiones, primas, trabajo por cuenta propia, desempleo, compensaci\u00f3n de los trabajadores, Seguridad Social, intereses, dividendos, rentas de alquiler, manutenci\u00f3n del c\u00f3nyuge, etc.<\/p>\n\n<h3 class=\"wp-block-heading\">2. Identificar las deducciones permitidas<\/h3>\n\n<p>Deduce los impuestos federales\/estatales, el FICA (Seguridad Social y Medicare), las cuotas de pensiones obligatorias, las cuotas sindicales, las primas de L&amp;I, los gastos empresariales, la manutenci\u00f3n conyugal ordenada por un tribunal y hasta 5.000 $ anuales en cotizaciones voluntarias para la jubilaci\u00f3n.<\/p>\n\n<h3 class=\"wp-block-heading\">3. Calcula los ingresos netos mensuales y los ingresos combinados<\/h3>\n\n<p>Resta las deducciones para hallar los ingresos netos mensuales de cada progenitor. Suma los ingresos netos de ambos progenitores para determinar los <strong>ingresos netos mensuales combinados<\/strong>. <\/p>\n\n<h3 class=\"wp-block-heading\">4. Consulta la Tabla Econ\u00f3mica<\/h3>\n\n<p>Utiliza los ingresos combinados y el n\u00famero de hijos para localizar la <strong>obligaci\u00f3n de manutenci\u00f3n b\u00e1sica<\/strong> en la tabla econ\u00f3mica de <strong>RCW 26.19.020<\/strong>.<\/p>\n\n<ul class=\"wp-block-list\">\n<li>M\u00ednimo: 50 $ por ni\u00f1o\/mes<\/li>\n\n\n\n<li>Se aplica a los ingresos de hasta 12.000 $\/mes; los topes legales limitan la ayuda al 45% de los ingresos netos a partir de esa cantidad, a menos que se justifique una desviaci\u00f3n.<\/li>\n<\/ul>\n\n<h3 class=\"wp-block-heading\">5. Asignar la obligaci\u00f3n proporcionalmente<\/h3>\n\n<p>La parte de cada progenitor es igual a su fracci\u00f3n de ingresos netos combinados multiplicada por la obligaci\u00f3n b\u00e1sica (seg\u00fan <strong>RCW 26.19.080<\/strong>).<\/p>\n\n<h3 class=\"wp-block-heading\">6. A\u00f1ade los gastos necesarios<\/h3>\n\n<p>Asigna los costes adicionales -primas de seguro m\u00e9dico, gastos m\u00e9dicos no cubiertos por el seguro, guarder\u00eda, gastos educativos o extraescolares- de forma proporcional.<\/p>\n\n<h3 class=\"wp-block-heading\">7. Aplicar desviaciones (si est\u00e1n justificadas)<\/h3>\n\n<p>Seg\u00fan <a href=\"https:\/\/app.leg.wa.gov\/rcw\/default.aspx?cite=26.19.075\"><strong>la RCW 26.19.075<\/strong>,<\/a> las desviaciones autorizadas incluyen:<\/p>\n\n<ul class=\"wp-block-list\">\n<li>Ingresos no recurrentes (primas, horas extraordinarias)<\/li>\n\n\n\n<li>Deudas o gastos extraordinarios<\/li>\n\n\n\n<li>Necesidades especiales de los ni\u00f1os<\/li>\n\n\n\n<li>Ajustes del tiempo de custodia (horario residencial)<\/li>\n\n\n\n<li>Obligaciones anteriores con hijos de otras relaciones.<\/li>\n<\/ul>\n\n<p>Las desviaciones deben estar claramente respaldadas por conclusiones escritas y cumplir las normas RCW 26.19.071.<\/p>\n\n<h3 class=\"wp-block-heading\">8. Fichas de documentos y archivos<\/h3>\n\n<p>Seg\u00fan <strong>el RCW 26.19.004<\/strong> y las definiciones del <strong>RCW 26.19.011<\/strong>, toda orden de pensi\u00f3n alimenticia debe incluir una hoja de c\u00e1lculo est\u00e1ndar y conclusiones escritas. Las hojas de c\u00e1lculo deben cumplimentarse bajo pena de perjurio y adjuntarse a la sentencia. <\/p>\n\n<hr class=\"wp-block-separator has-alpha-channel-opacity\"\/>\n\n<h2 class=\"wp-block-heading\">\u2705 Consejos de los abogados de Althauser Rayan Abbarno<\/h2>\n\n<ul class=\"wp-block-list\">\n<li><strong>Comprueba dos veces la verificaci\u00f3n de ingresos<\/strong>: las declaraciones de la renta y los talones de pago actuales son obligatorios seg\u00fan <strong>la RCW 26.19.071(2)<\/strong>.<\/li>\n\n\n\n<li><strong>Cuidado con los ingresos imputados<\/strong>: los padres subempleados voluntariamente pueden tener ingresos imputados.<\/li>\n\n\n\n<li><strong>Ten en cuenta los umbrales de gasto<\/strong>: los gastos sanitarios y de guarder\u00eda suelen inclinar la balanza en las desviaciones.<\/li>\n\n\n\n<li><strong>Garantizar conclusiones s\u00f3lidas<\/strong>: cualquier desviaci\u00f3n o desviaci\u00f3n del apoyo est\u00e1ndar debe estar respaldada por conclusiones expl\u00edcitas seg\u00fan <strong>la RCW 26.19.004(2)<\/strong>.<\/li>\n<\/ul>\n\n<h3 class=\"wp-block-heading\">\ud83e\uddd1\u200d\u2696\ufe0f Deja que Althauser Rayan Abbarno te ayude<\/h3>\n\n<p>Los c\u00e1lculos de la pensi\u00f3n alimenticia de los hijos pueden ser abrumadores, sobre todo cuando se combinan con disputas por la custodia o tensiones econ\u00f3micas. Nuestros abogados especializados en derecho de familia ofrecen asesoramiento jur\u00eddico experimentado, compasivo e informado. <\/p>\n\n<p>\ud83d\udccd <strong>Oficina en Centralia<\/strong><br\/>\ud83d\udcde <strong>Llama para una consulta: (360) 736-1301<\/strong><br\/>\ud83c\udf10 <strong>Visita:<\/strong> <a class=\"\" href=\"https:\/\/www.centrialialaw.com\">CentraliaLaw.com<\/a><br\/>\ud83d\udcac <strong>Disponemos de interpretaci\u00f3n al espa\u00f1ol previa solicitud.<\/strong><\/p>\n\n<figure class=\"wp-block-image size-large\"><img loading=\"lazy\" decoding=\"async\" width=\"1024\" height=\"256\" src=\"https:\/\/centralialaw.com\/wp-content\/uploads\/2024\/10\/ARA-4th-of-July-Ad-page-001-1024x256.jpg\" alt=\"\" class=\"wp-image-17154\" srcset=\"https:\/\/centralialaw.com\/wp-content\/uploads\/2024\/10\/ARA-4th-of-July-Ad-page-001-980x245.jpg 980w, https:\/\/centralialaw.com\/wp-content\/uploads\/2024\/10\/ARA-4th-of-July-Ad-page-001-480x120.jpg 480w\" sizes=\"(min-width: 0px) and (max-width: 480px) 480px, (min-width: 481px) and (max-width: 980px) 980px, (min-width: 981px) 1024px, 100vw\" \/><\/figure>\n","protected":false},"excerpt":{"rendered":"<p>Orientaci\u00f3n para abogados de Derecho de Familia en Althauser Rayan Abbarno El c\u00e1lculo de la pensi\u00f3n alimenticia de los hijos en Washington implica un modelo estructurado de participaci\u00f3n en los ingresos, establecido por la RCW 26.19. Aqu\u00ed tienes un resumen completo para los profesionales del Derecho de familia: 1. Determina los ingresos brutos de cada [&hellip;]<\/p>\n","protected":false},"author":2,"featured_media":18003,"comment_status":"closed","ping_status":"closed","sticky":false,"template":"","format":"standard","meta":{"_et_pb_use_builder":"off","_et_pb_old_content":"","_et_gb_content_width":"","footnotes":""},"categories":[374],"tags":[392,799,369,407,386,800,393,391,372,798,801],"class_list":["post-18033","post","type-post","status-publish","format-standard","has-post-thumbnail","hentry","category-medicina-familiar","tag-abogados-cerca-de-mi","tag-calculo-de-la-pension-alimenticia","tag-centralia-es","tag-chehalis-es","tag-derecho-de-familia","tag-derecho-de-familia-en-washington","tag-disolucion","tag-divorcio","tag-olimpia","tag-pension-alimenticia-del-estado-de-washington","tag-rcw-26-19-es"],"yoast_head":"<!-- This site is optimized with the Yoast SEO plugin v27.4 - https:\/\/yoast.com\/product\/yoast-seo-wordpress\/ -->\n<title>\ud83d\udccaC\u00e1lculo de la pensi\u00f3n alimenticia en el Estado de Washington - Ley Centralia<\/title>\n<meta name=\"robots\" content=\"index, follow, max-snippet:-1, max-image-preview:large, max-video-preview:-1\" \/>\n<link rel=\"canonical\" href=\"https:\/\/centralialaw.com\/es\/%f0%9f%93%8acalculo-de-la-pension-alimenticia-en-el-estado-de-washington\/\" \/>\n<meta property=\"og:locale\" content=\"es_ES\" \/>\n<meta property=\"og:type\" content=\"article\" \/>\n<meta property=\"og:title\" content=\"\ud83d\udccaC\u00e1lculo de la pensi\u00f3n alimenticia en el Estado de Washington - Ley Centralia\" \/>\n<meta property=\"og:description\" content=\"Orientaci\u00f3n para abogados de Derecho de Familia en Althauser Rayan Abbarno El c\u00e1lculo de la pensi\u00f3n alimenticia de los hijos en Washington implica un modelo estructurado de participaci\u00f3n en los ingresos, establecido por la RCW 26.19. Aqu\u00ed tienes un resumen completo para los profesionales del Derecho de familia: 1. Determina los ingresos brutos de cada [&hellip;]\" \/>\n<meta property=\"og:url\" content=\"https:\/\/centralialaw.com\/es\/%f0%9f%93%8acalculo-de-la-pension-alimenticia-en-el-estado-de-washington\/\" \/>\n<meta property=\"og:site_name\" content=\"Ley Centralia\" \/>\n<meta property=\"article:publisher\" content=\"https:\/\/www.facebook.com\/AlthauserRayanAbbarno\/\" \/>\n<meta property=\"article:published_time\" content=\"2025-07-10T14:49:38+00:00\" \/>\n<meta property=\"article:modified_time\" content=\"2025-07-10T14:49:52+00:00\" \/>\n<meta property=\"og:image\" content=\"https:\/\/centralialaw.com\/wp-content\/uploads\/2025\/06\/ARA2025-26-scaled.jpg\" \/>\n\t<meta property=\"og:image:width\" content=\"2560\" \/>\n\t<meta property=\"og:image:height\" content=\"1707\" \/>\n\t<meta property=\"og:image:type\" content=\"image\/jpeg\" \/>\n<meta name=\"author\" content=\"Peter Abbarno\" \/>\n<meta name=\"twitter:card\" content=\"summary_large_image\" \/>\n<meta name=\"twitter:creator\" content=\"@PeterAbbarno\" \/>\n<meta name=\"twitter:site\" content=\"@PeterAbbarno\" \/>\n<meta name=\"twitter:label1\" content=\"Written by\" \/>\n\t<meta name=\"twitter:data1\" content=\"Peter Abbarno\" \/>\n\t<meta name=\"twitter:label2\" content=\"Est. reading time\" \/>\n\t<meta name=\"twitter:data2\" content=\"3 minutos\" \/>\n<script type=\"application\/ld+json\" class=\"yoast-schema-graph\">{\"@context\":\"https:\\\/\\\/schema.org\",\"@graph\":[{\"@type\":\"Article\",\"@id\":\"https:\\\/\\\/centralialaw.com\\\/es\\\/%f0%9f%93%8acalculo-de-la-pension-alimenticia-en-el-estado-de-washington\\\/#article\",\"isPartOf\":{\"@id\":\"https:\\\/\\\/centralialaw.com\\\/es\\\/%f0%9f%93%8acalculo-de-la-pension-alimenticia-en-el-estado-de-washington\\\/\"},\"author\":{\"name\":\"Peter Abbarno\",\"@id\":\"https:\\\/\\\/centralialaw.com\\\/es\\\/#\\\/schema\\\/person\\\/df75a746547e7cef043297aef1bbba38\"},\"headline\":\"\ud83d\udccaC\u00e1lculo de la pensi\u00f3n alimenticia en el Estado de Washington\",\"datePublished\":\"2025-07-10T14:49:38+00:00\",\"dateModified\":\"2025-07-10T14:49:52+00:00\",\"mainEntityOfPage\":{\"@id\":\"https:\\\/\\\/centralialaw.com\\\/es\\\/%f0%9f%93%8acalculo-de-la-pension-alimenticia-en-el-estado-de-washington\\\/\"},\"wordCount\":587,\"publisher\":{\"@id\":\"https:\\\/\\\/centralialaw.com\\\/es\\\/#organization\"},\"image\":{\"@id\":\"https:\\\/\\\/centralialaw.com\\\/es\\\/%f0%9f%93%8acalculo-de-la-pension-alimenticia-en-el-estado-de-washington\\\/#primaryimage\"},\"thumbnailUrl\":\"https:\\\/\\\/centralialaw.com\\\/wp-content\\\/uploads\\\/2025\\\/06\\\/ARA2025-26-scaled.jpg\",\"keywords\":[\"Abogados cerca de m\u00ed\",\"C\u00e1lculo de la pensi\u00f3n alimenticia\",\"Centralia\",\"Chehalis\",\"Derecho de familia\",\"Derecho de familia en Washington\",\"Disoluci\u00f3n\",\"Divorcio\",\"Olimpia\",\"Pensi\u00f3n alimenticia del estado de Washington\",\"RCW 26.19\"],\"articleSection\":[\"Medicina Familiar\"],\"inLanguage\":\"es\"},{\"@type\":\"WebPage\",\"@id\":\"https:\\\/\\\/centralialaw.com\\\/es\\\/%f0%9f%93%8acalculo-de-la-pension-alimenticia-en-el-estado-de-washington\\\/\",\"url\":\"https:\\\/\\\/centralialaw.com\\\/es\\\/%f0%9f%93%8acalculo-de-la-pension-alimenticia-en-el-estado-de-washington\\\/\",\"name\":\"\ud83d\udccaC\u00e1lculo de la pensi\u00f3n alimenticia en el Estado de Washington - Ley Centralia\",\"isPartOf\":{\"@id\":\"https:\\\/\\\/centralialaw.com\\\/es\\\/#website\"},\"primaryImageOfPage\":{\"@id\":\"https:\\\/\\\/centralialaw.com\\\/es\\\/%f0%9f%93%8acalculo-de-la-pension-alimenticia-en-el-estado-de-washington\\\/#primaryimage\"},\"image\":{\"@id\":\"https:\\\/\\\/centralialaw.com\\\/es\\\/%f0%9f%93%8acalculo-de-la-pension-alimenticia-en-el-estado-de-washington\\\/#primaryimage\"},\"thumbnailUrl\":\"https:\\\/\\\/centralialaw.com\\\/wp-content\\\/uploads\\\/2025\\\/06\\\/ARA2025-26-scaled.jpg\",\"datePublished\":\"2025-07-10T14:49:38+00:00\",\"dateModified\":\"2025-07-10T14:49:52+00:00\",\"breadcrumb\":{\"@id\":\"https:\\\/\\\/centralialaw.com\\\/es\\\/%f0%9f%93%8acalculo-de-la-pension-alimenticia-en-el-estado-de-washington\\\/#breadcrumb\"},\"inLanguage\":\"es\",\"potentialAction\":[{\"@type\":\"ReadAction\",\"target\":[\"https:\\\/\\\/centralialaw.com\\\/es\\\/%f0%9f%93%8acalculo-de-la-pension-alimenticia-en-el-estado-de-washington\\\/\"]}]},{\"@type\":\"ImageObject\",\"inLanguage\":\"es\",\"@id\":\"https:\\\/\\\/centralialaw.com\\\/es\\\/%f0%9f%93%8acalculo-de-la-pension-alimenticia-en-el-estado-de-washington\\\/#primaryimage\",\"url\":\"https:\\\/\\\/centralialaw.com\\\/wp-content\\\/uploads\\\/2025\\\/06\\\/ARA2025-26-scaled.jpg\",\"contentUrl\":\"https:\\\/\\\/centralialaw.com\\\/wp-content\\\/uploads\\\/2025\\\/06\\\/ARA2025-26-scaled.jpg\",\"width\":2560,\"height\":1707,\"caption\":\"Serving individuals and businesses in Washington State since 1946.\"},{\"@type\":\"BreadcrumbList\",\"@id\":\"https:\\\/\\\/centralialaw.com\\\/es\\\/%f0%9f%93%8acalculo-de-la-pension-alimenticia-en-el-estado-de-washington\\\/#breadcrumb\",\"itemListElement\":[{\"@type\":\"ListItem\",\"position\":1,\"name\":\"Inicio\",\"item\":\"https:\\\/\\\/centralialaw.com\\\/es\\\/\"},{\"@type\":\"ListItem\",\"position\":2,\"name\":\"\ud83d\udccaC\u00e1lculo de la pensi\u00f3n alimenticia en el Estado de Washington\"}]},{\"@type\":\"WebSite\",\"@id\":\"https:\\\/\\\/centralialaw.com\\\/es\\\/#website\",\"url\":\"https:\\\/\\\/centralialaw.com\\\/es\\\/\",\"name\":\"Centralia Law\",\"description\":\"Al servicio del estado de Washington desde hace m\u00e1s de 75 a\u00f1os - Althauser Rayan Abbarno \",\"publisher\":{\"@id\":\"https:\\\/\\\/centralialaw.com\\\/es\\\/#organization\"},\"potentialAction\":[{\"@type\":\"SearchAction\",\"target\":{\"@type\":\"EntryPoint\",\"urlTemplate\":\"https:\\\/\\\/centralialaw.com\\\/es\\\/?s={search_term_string}\"},\"query-input\":{\"@type\":\"PropertyValueSpecification\",\"valueRequired\":true,\"valueName\":\"search_term_string\"}}],\"inLanguage\":\"es\"},{\"@type\":\"Organization\",\"@id\":\"https:\\\/\\\/centralialaw.com\\\/es\\\/#organization\",\"name\":\"Ley Centralia\",\"url\":\"https:\\\/\\\/centralialaw.com\\\/es\\\/\",\"logo\":{\"@type\":\"ImageObject\",\"inLanguage\":\"es\",\"@id\":\"https:\\\/\\\/centralialaw.com\\\/es\\\/#\\\/schema\\\/logo\\\/image\\\/\",\"url\":\"https:\\\/\\\/centralialaw.com\\\/wp-content\\\/uploads\\\/2022\\\/05\\\/ARA-Logo.png\",\"contentUrl\":\"https:\\\/\\\/centralialaw.com\\\/wp-content\\\/uploads\\\/2022\\\/05\\\/ARA-Logo.png\",\"width\":1153,\"height\":364,\"caption\":\"Ley Centralia\"},\"image\":{\"@id\":\"https:\\\/\\\/centralialaw.com\\\/es\\\/#\\\/schema\\\/logo\\\/image\\\/\"},\"sameAs\":[\"https:\\\/\\\/www.facebook.com\\\/AlthauserRayanAbbarno\\\/\",\"https:\\\/\\\/x.com\\\/PeterAbbarno\"]},{\"@type\":\"Person\",\"@id\":\"https:\\\/\\\/centralialaw.com\\\/es\\\/#\\\/schema\\\/person\\\/df75a746547e7cef043297aef1bbba38\",\"name\":\"Peter Abbarno\",\"image\":{\"@type\":\"ImageObject\",\"inLanguage\":\"es\",\"@id\":\"https:\\\/\\\/secure.gravatar.com\\\/avatar\\\/4abfe3b7079121d1f28bfcee302a24a00532f113ebafa311593e0ebac2982d3b?s=96&d=mm&r=g\",\"url\":\"https:\\\/\\\/secure.gravatar.com\\\/avatar\\\/4abfe3b7079121d1f28bfcee302a24a00532f113ebafa311593e0ebac2982d3b?s=96&d=mm&r=g\",\"contentUrl\":\"https:\\\/\\\/secure.gravatar.com\\\/avatar\\\/4abfe3b7079121d1f28bfcee302a24a00532f113ebafa311593e0ebac2982d3b?s=96&d=mm&r=g\",\"caption\":\"Peter Abbarno\"},\"url\":\"https:\\\/\\\/centralialaw.com\\\/es\\\/author\\\/peter-abbarno\\\/\"}]}<\/script>\n<!-- \/ Yoast SEO plugin. -->","yoast_head_json":{"title":"\ud83d\udccaC\u00e1lculo de la pensi\u00f3n alimenticia en el Estado de Washington - Ley Centralia","robots":{"index":"index","follow":"follow","max-snippet":"max-snippet:-1","max-image-preview":"max-image-preview:large","max-video-preview":"max-video-preview:-1"},"canonical":"https:\/\/centralialaw.com\/es\/%f0%9f%93%8acalculo-de-la-pension-alimenticia-en-el-estado-de-washington\/","og_locale":"es_ES","og_type":"article","og_title":"\ud83d\udccaC\u00e1lculo de la pensi\u00f3n alimenticia en el Estado de Washington - Ley Centralia","og_description":"Orientaci\u00f3n para abogados de Derecho de Familia en Althauser Rayan Abbarno El c\u00e1lculo de la pensi\u00f3n alimenticia de los hijos en Washington implica un modelo estructurado de participaci\u00f3n en los ingresos, establecido por la RCW 26.19. Aqu\u00ed tienes un resumen completo para los profesionales del Derecho de familia: 1. Determina los ingresos brutos de cada [&hellip;]","og_url":"https:\/\/centralialaw.com\/es\/%f0%9f%93%8acalculo-de-la-pension-alimenticia-en-el-estado-de-washington\/","og_site_name":"Ley Centralia","article_publisher":"https:\/\/www.facebook.com\/AlthauserRayanAbbarno\/","article_published_time":"2025-07-10T14:49:38+00:00","article_modified_time":"2025-07-10T14:49:52+00:00","og_image":[{"width":2560,"height":1707,"url":"https:\/\/centralialaw.com\/wp-content\/uploads\/2025\/06\/ARA2025-26-scaled.jpg","type":"image\/jpeg"}],"author":"Peter Abbarno","twitter_card":"summary_large_image","twitter_creator":"@PeterAbbarno","twitter_site":"@PeterAbbarno","twitter_misc":{"Written by":"Peter Abbarno","Est. reading time":"3 minutos"},"schema":{"@context":"https:\/\/schema.org","@graph":[{"@type":"Article","@id":"https:\/\/centralialaw.com\/es\/%f0%9f%93%8acalculo-de-la-pension-alimenticia-en-el-estado-de-washington\/#article","isPartOf":{"@id":"https:\/\/centralialaw.com\/es\/%f0%9f%93%8acalculo-de-la-pension-alimenticia-en-el-estado-de-washington\/"},"author":{"name":"Peter Abbarno","@id":"https:\/\/centralialaw.com\/es\/#\/schema\/person\/df75a746547e7cef043297aef1bbba38"},"headline":"\ud83d\udccaC\u00e1lculo de la pensi\u00f3n alimenticia en el Estado de Washington","datePublished":"2025-07-10T14:49:38+00:00","dateModified":"2025-07-10T14:49:52+00:00","mainEntityOfPage":{"@id":"https:\/\/centralialaw.com\/es\/%f0%9f%93%8acalculo-de-la-pension-alimenticia-en-el-estado-de-washington\/"},"wordCount":587,"publisher":{"@id":"https:\/\/centralialaw.com\/es\/#organization"},"image":{"@id":"https:\/\/centralialaw.com\/es\/%f0%9f%93%8acalculo-de-la-pension-alimenticia-en-el-estado-de-washington\/#primaryimage"},"thumbnailUrl":"https:\/\/centralialaw.com\/wp-content\/uploads\/2025\/06\/ARA2025-26-scaled.jpg","keywords":["Abogados cerca de m\u00ed","C\u00e1lculo de la pensi\u00f3n alimenticia","Centralia","Chehalis","Derecho de familia","Derecho de familia en Washington","Disoluci\u00f3n","Divorcio","Olimpia","Pensi\u00f3n alimenticia del estado de Washington","RCW 26.19"],"articleSection":["Medicina Familiar"],"inLanguage":"es"},{"@type":"WebPage","@id":"https:\/\/centralialaw.com\/es\/%f0%9f%93%8acalculo-de-la-pension-alimenticia-en-el-estado-de-washington\/","url":"https:\/\/centralialaw.com\/es\/%f0%9f%93%8acalculo-de-la-pension-alimenticia-en-el-estado-de-washington\/","name":"\ud83d\udccaC\u00e1lculo de la pensi\u00f3n alimenticia en el Estado de Washington - Ley Centralia","isPartOf":{"@id":"https:\/\/centralialaw.com\/es\/#website"},"primaryImageOfPage":{"@id":"https:\/\/centralialaw.com\/es\/%f0%9f%93%8acalculo-de-la-pension-alimenticia-en-el-estado-de-washington\/#primaryimage"},"image":{"@id":"https:\/\/centralialaw.com\/es\/%f0%9f%93%8acalculo-de-la-pension-alimenticia-en-el-estado-de-washington\/#primaryimage"},"thumbnailUrl":"https:\/\/centralialaw.com\/wp-content\/uploads\/2025\/06\/ARA2025-26-scaled.jpg","datePublished":"2025-07-10T14:49:38+00:00","dateModified":"2025-07-10T14:49:52+00:00","breadcrumb":{"@id":"https:\/\/centralialaw.com\/es\/%f0%9f%93%8acalculo-de-la-pension-alimenticia-en-el-estado-de-washington\/#breadcrumb"},"inLanguage":"es","potentialAction":[{"@type":"ReadAction","target":["https:\/\/centralialaw.com\/es\/%f0%9f%93%8acalculo-de-la-pension-alimenticia-en-el-estado-de-washington\/"]}]},{"@type":"ImageObject","inLanguage":"es","@id":"https:\/\/centralialaw.com\/es\/%f0%9f%93%8acalculo-de-la-pension-alimenticia-en-el-estado-de-washington\/#primaryimage","url":"https:\/\/centralialaw.com\/wp-content\/uploads\/2025\/06\/ARA2025-26-scaled.jpg","contentUrl":"https:\/\/centralialaw.com\/wp-content\/uploads\/2025\/06\/ARA2025-26-scaled.jpg","width":2560,"height":1707,"caption":"Serving individuals and businesses in Washington State since 1946."},{"@type":"BreadcrumbList","@id":"https:\/\/centralialaw.com\/es\/%f0%9f%93%8acalculo-de-la-pension-alimenticia-en-el-estado-de-washington\/#breadcrumb","itemListElement":[{"@type":"ListItem","position":1,"name":"Inicio","item":"https:\/\/centralialaw.com\/es\/"},{"@type":"ListItem","position":2,"name":"\ud83d\udccaC\u00e1lculo de la pensi\u00f3n alimenticia en el Estado de Washington"}]},{"@type":"WebSite","@id":"https:\/\/centralialaw.com\/es\/#website","url":"https:\/\/centralialaw.com\/es\/","name":"Centralia Law","description":"Al servicio del estado de Washington desde hace m\u00e1s de 75 a\u00f1os - Althauser Rayan Abbarno ","publisher":{"@id":"https:\/\/centralialaw.com\/es\/#organization"},"potentialAction":[{"@type":"SearchAction","target":{"@type":"EntryPoint","urlTemplate":"https:\/\/centralialaw.com\/es\/?s={search_term_string}"},"query-input":{"@type":"PropertyValueSpecification","valueRequired":true,"valueName":"search_term_string"}}],"inLanguage":"es"},{"@type":"Organization","@id":"https:\/\/centralialaw.com\/es\/#organization","name":"Ley Centralia","url":"https:\/\/centralialaw.com\/es\/","logo":{"@type":"ImageObject","inLanguage":"es","@id":"https:\/\/centralialaw.com\/es\/#\/schema\/logo\/image\/","url":"https:\/\/centralialaw.com\/wp-content\/uploads\/2022\/05\/ARA-Logo.png","contentUrl":"https:\/\/centralialaw.com\/wp-content\/uploads\/2022\/05\/ARA-Logo.png","width":1153,"height":364,"caption":"Ley Centralia"},"image":{"@id":"https:\/\/centralialaw.com\/es\/#\/schema\/logo\/image\/"},"sameAs":["https:\/\/www.facebook.com\/AlthauserRayanAbbarno\/","https:\/\/x.com\/PeterAbbarno"]},{"@type":"Person","@id":"https:\/\/centralialaw.com\/es\/#\/schema\/person\/df75a746547e7cef043297aef1bbba38","name":"Peter Abbarno","image":{"@type":"ImageObject","inLanguage":"es","@id":"https:\/\/secure.gravatar.com\/avatar\/4abfe3b7079121d1f28bfcee302a24a00532f113ebafa311593e0ebac2982d3b?s=96&d=mm&r=g","url":"https:\/\/secure.gravatar.com\/avatar\/4abfe3b7079121d1f28bfcee302a24a00532f113ebafa311593e0ebac2982d3b?s=96&d=mm&r=g","contentUrl":"https:\/\/secure.gravatar.com\/avatar\/4abfe3b7079121d1f28bfcee302a24a00532f113ebafa311593e0ebac2982d3b?s=96&d=mm&r=g","caption":"Peter Abbarno"},"url":"https:\/\/centralialaw.com\/es\/author\/peter-abbarno\/"}]}},"_links":{"self":[{"href":"https:\/\/centralialaw.com\/es\/wp-json\/wp\/v2\/posts\/18033","targetHints":{"allow":["GET"]}}],"collection":[{"href":"https:\/\/centralialaw.com\/es\/wp-json\/wp\/v2\/posts"}],"about":[{"href":"https:\/\/centralialaw.com\/es\/wp-json\/wp\/v2\/types\/post"}],"author":[{"embeddable":true,"href":"https:\/\/centralialaw.com\/es\/wp-json\/wp\/v2\/users\/2"}],"replies":[{"embeddable":true,"href":"https:\/\/centralialaw.com\/es\/wp-json\/wp\/v2\/comments?post=18033"}],"version-history":[{"count":0,"href":"https:\/\/centralialaw.com\/es\/wp-json\/wp\/v2\/posts\/18033\/revisions"}],"wp:featuredmedia":[{"embeddable":true,"href":"https:\/\/centralialaw.com\/es\/wp-json\/wp\/v2\/media\/18003"}],"wp:attachment":[{"href":"https:\/\/centralialaw.com\/es\/wp-json\/wp\/v2\/media?parent=18033"}],"wp:term":[{"taxonomy":"category","embeddable":true,"href":"https:\/\/centralialaw.com\/es\/wp-json\/wp\/v2\/categories?post=18033"},{"taxonomy":"post_tag","embeddable":true,"href":"https:\/\/centralialaw.com\/es\/wp-json\/wp\/v2\/tags?post=18033"}],"curies":[{"name":"wp","href":"https:\/\/api.w.org\/{rel}","templated":true}]}}