{"id":18126,"date":"2025-08-08T09:04:48","date_gmt":"2025-08-08T16:04:48","guid":{"rendered":"https:\/\/centralialaw.com\/esta-visible-tu-matricula\/"},"modified":"2025-08-08T09:05:05","modified_gmt":"2025-08-08T16:05:05","slug":"esta-visible-tu-matricula","status":"publish","type":"post","link":"https:\/\/centralialaw.com\/es\/esta-visible-tu-matricula\/","title":{"rendered":"\u00bfEst\u00e1 visible tu matr\u00edcula?"},"content":{"rendered":"\n<h3 class=\"wp-block-heading\"><strong>\ud83d\udea8La visibilidad de la matr\u00edcula ahora conlleva una multa de 145 $ \ud83d\ude97\ud83d\udcb8<\/strong><\/h3>\n\n<p><strong>\u00a1Tomen nota los conductores del Estado de Washington!<\/strong> <\/p>\n\n<p>Este a\u00f1o hay una <a href=\"https:\/\/app.leg.wa.gov\/RCW\/default.aspx?cite=46.16A.200\">nueva ley<\/a> que crea una <strong>infracci\u00f3n de<\/strong> tr\u00e1fico por conducir con una <strong><em>matr\u00edcula alterada, oscurecida o ilegible<\/em><\/strong>-y ahora conlleva una <strong> multa de 145 $<\/strong>. Antes de este cambio, los agentes de la ley sol\u00edan emitir <strong>advertencias por escrito<\/strong>, pero la <a href=\"https:\/\/app.leg.wa.gov\/RCW\/default.aspx?cite=46.16A.200\">nueva<\/a> ley sustituye esas advertencias por sanciones pecuniarias inmediatas. <\/p>\n\n<p>Tanto si se trata de una tapa de matr\u00edcula, un marco, suciedad o da\u00f1os que hagan ilegible tu matr\u00edcula, podr\u00edas ser multado en virtud de esta nueva ley.<\/p>\n\n<p><strong>\ud83d\udca1 Evita la multa<\/strong>: Aseg\u00farate de que tu matr\u00edcula est\u00e1 limpia, sin obst\u00e1culos y totalmente visible en todo momento.<\/p>\n\n<hr class=\"wp-block-separator has-alpha-channel-opacity\"\/>\n\n<h3 class=\"wp-block-heading\"><strong>\u00bfAcusado de un delito o de una infracci\u00f3n de tr\u00e1fico? Podemos ayudarte. <\/strong><\/h3>\n\n<p>En <strong>Althauser Rayan Abbarno<\/strong> creemos que todo el mundo merece una defensa justa. Si te han citado por una infracci\u00f3n de tr\u00e1fico o te han acusado de un delito, <strong>ponte en contacto hoy mismo con nuestro experimentado equipo jur\u00eddico<\/strong>. <\/p>\n\n<p>\u2705 <strong>Consultas gratuitas disponibles<\/strong><br\/>\u2705 <strong>Oficina en Centralia<\/strong><br\/>\u2705 <strong>Traducci\u00f3n al espa\u00f1ol disponible<\/strong><\/p>\n\n<p>\ud83d\udcde Llama al <strong>(360) 736-1301<\/strong> o visita <a>CentraliaLaw.com<\/a> para programar tu consulta.<\/p>\n\n<hr class=\"wp-block-separator has-alpha-channel-opacity\"\/>\n\n<p><strong>#ConoceLaLey #LeyWashington #Infracci\u00f3nDeTr\u00e1fico #LeyDePlacas #AyudaLegal #AbogadoCentralia #AbogadoOlympia #AlthauserRayanAbbarno<\/strong><\/p>\n","protected":false},"excerpt":{"rendered":"<p>\ud83d\udea8La visibilidad de la matr\u00edcula ahora conlleva una multa de 145 $ \ud83d\ude97\ud83d\udcb8 \u00a1Tomen nota los conductores del Estado de Washington! Este a\u00f1o hay una nueva ley que crea una infracci\u00f3n de tr\u00e1fico por conducir con una matr\u00edcula alterada, oscurecida o ilegible-y ahora conlleva una multa de 145 $. Antes de este cambio, los agentes [&hellip;]<\/p>\n","protected":false},"author":2,"featured_media":17224,"comment_status":"closed","ping_status":"closed","sticky":false,"template":"","format":"standard","meta":{"_et_pb_use_builder":"off","_et_pb_old_content":"","_et_gb_content_width":"","footnotes":""},"categories":[375],"tags":[831,369,407,467,830,372,829],"class_list":["post-18126","post","type-post","status-publish","format-standard","has-post-thumbnail","hentry","category-defensa-penal","tag-abogado-penalista-es-2","tag-centralia-es","tag-chehalis-es","tag-defensa-penal","tag-licencia-de-washington","tag-olimpia","tag-placa-de-matricula"],"yoast_head":"<!-- This site is optimized with the Yoast SEO plugin v27.4 - https:\/\/yoast.com\/product\/yoast-seo-wordpress\/ -->\n<title>\u00bfEst\u00e1 visible tu matr\u00edcula? - Ley Centralia<\/title>\n<meta name=\"robots\" content=\"index, follow, max-snippet:-1, max-image-preview:large, max-video-preview:-1\" \/>\n<link rel=\"canonical\" href=\"https:\/\/centralialaw.com\/es\/esta-visible-tu-matricula\/\" \/>\n<meta property=\"og:locale\" content=\"es_ES\" \/>\n<meta property=\"og:type\" content=\"article\" \/>\n<meta property=\"og:title\" content=\"\u00bfEst\u00e1 visible tu matr\u00edcula? - Ley Centralia\" \/>\n<meta property=\"og:description\" content=\"\ud83d\udea8La visibilidad de la matr\u00edcula ahora conlleva una multa de 145 $ \ud83d\ude97\ud83d\udcb8 \u00a1Tomen nota los conductores del Estado de Washington! Este a\u00f1o hay una nueva ley que crea una infracci\u00f3n de tr\u00e1fico por conducir con una matr\u00edcula alterada, oscurecida o ilegible-y ahora conlleva una multa de 145 $. Antes de este cambio, los agentes [&hellip;]\" \/>\n<meta property=\"og:url\" content=\"https:\/\/centralialaw.com\/es\/esta-visible-tu-matricula\/\" \/>\n<meta property=\"og:site_name\" content=\"Ley Centralia\" \/>\n<meta property=\"article:publisher\" content=\"https:\/\/www.facebook.com\/AlthauserRayanAbbarno\/\" \/>\n<meta property=\"article:published_time\" content=\"2025-08-08T16:04:48+00:00\" \/>\n<meta property=\"article:modified_time\" content=\"2025-08-08T16:05:05+00:00\" \/>\n<meta property=\"og:image\" content=\"https:\/\/centralialaw.com\/wp-content\/uploads\/2021\/12\/26296173_l-300x200-1.jpg\" \/>\n\t<meta property=\"og:image:width\" content=\"300\" \/>\n\t<meta property=\"og:image:height\" content=\"200\" \/>\n\t<meta property=\"og:image:type\" content=\"image\/jpeg\" \/>\n<meta name=\"author\" content=\"Peter Abbarno\" \/>\n<meta name=\"twitter:card\" content=\"summary_large_image\" \/>\n<meta name=\"twitter:creator\" content=\"@PeterAbbarno\" \/>\n<meta name=\"twitter:site\" content=\"@PeterAbbarno\" \/>\n<meta name=\"twitter:label1\" content=\"Written by\" \/>\n\t<meta name=\"twitter:data1\" content=\"Peter Abbarno\" \/>\n\t<meta name=\"twitter:label2\" content=\"Est. reading time\" \/>\n\t<meta name=\"twitter:data2\" content=\"1 minuto\" \/>\n<script type=\"application\/ld+json\" class=\"yoast-schema-graph\">{\"@context\":\"https:\\\/\\\/schema.org\",\"@graph\":[{\"@type\":\"Article\",\"@id\":\"https:\\\/\\\/centralialaw.com\\\/es\\\/esta-visible-tu-matricula\\\/#article\",\"isPartOf\":{\"@id\":\"https:\\\/\\\/centralialaw.com\\\/es\\\/esta-visible-tu-matricula\\\/\"},\"author\":{\"name\":\"Peter Abbarno\",\"@id\":\"https:\\\/\\\/centralialaw.com\\\/es\\\/#\\\/schema\\\/person\\\/df75a746547e7cef043297aef1bbba38\"},\"headline\":\"\u00bfEst\u00e1 visible tu matr\u00edcula?\",\"datePublished\":\"2025-08-08T16:04:48+00:00\",\"dateModified\":\"2025-08-08T16:05:05+00:00\",\"mainEntityOfPage\":{\"@id\":\"https:\\\/\\\/centralialaw.com\\\/es\\\/esta-visible-tu-matricula\\\/\"},\"wordCount\":223,\"publisher\":{\"@id\":\"https:\\\/\\\/centralialaw.com\\\/es\\\/#organization\"},\"image\":{\"@id\":\"https:\\\/\\\/centralialaw.com\\\/es\\\/esta-visible-tu-matricula\\\/#primaryimage\"},\"thumbnailUrl\":\"https:\\\/\\\/centralialaw.com\\\/wp-content\\\/uploads\\\/2021\\\/12\\\/26296173_l-300x200-1.jpg\",\"keywords\":[\"Abogado penalista\",\"Centralia\",\"Chehalis\",\"Defensa Penal\",\"Licencia de Washington\",\"Olimpia\",\"Placa de matr\u00edcula\"],\"articleSection\":[\"Defensa Penal\"],\"inLanguage\":\"es\"},{\"@type\":\"WebPage\",\"@id\":\"https:\\\/\\\/centralialaw.com\\\/es\\\/esta-visible-tu-matricula\\\/\",\"url\":\"https:\\\/\\\/centralialaw.com\\\/es\\\/esta-visible-tu-matricula\\\/\",\"name\":\"\u00bfEst\u00e1 visible tu matr\u00edcula? - Ley Centralia\",\"isPartOf\":{\"@id\":\"https:\\\/\\\/centralialaw.com\\\/es\\\/#website\"},\"primaryImageOfPage\":{\"@id\":\"https:\\\/\\\/centralialaw.com\\\/es\\\/esta-visible-tu-matricula\\\/#primaryimage\"},\"image\":{\"@id\":\"https:\\\/\\\/centralialaw.com\\\/es\\\/esta-visible-tu-matricula\\\/#primaryimage\"},\"thumbnailUrl\":\"https:\\\/\\\/centralialaw.com\\\/wp-content\\\/uploads\\\/2021\\\/12\\\/26296173_l-300x200-1.jpg\",\"datePublished\":\"2025-08-08T16:04:48+00:00\",\"dateModified\":\"2025-08-08T16:05:05+00:00\",\"breadcrumb\":{\"@id\":\"https:\\\/\\\/centralialaw.com\\\/es\\\/esta-visible-tu-matricula\\\/#breadcrumb\"},\"inLanguage\":\"es\",\"potentialAction\":[{\"@type\":\"ReadAction\",\"target\":[\"https:\\\/\\\/centralialaw.com\\\/es\\\/esta-visible-tu-matricula\\\/\"]}]},{\"@type\":\"ImageObject\",\"inLanguage\":\"es\",\"@id\":\"https:\\\/\\\/centralialaw.com\\\/es\\\/esta-visible-tu-matricula\\\/#primaryimage\",\"url\":\"https:\\\/\\\/centralialaw.com\\\/wp-content\\\/uploads\\\/2021\\\/12\\\/26296173_l-300x200-1.jpg\",\"contentUrl\":\"https:\\\/\\\/centralialaw.com\\\/wp-content\\\/uploads\\\/2021\\\/12\\\/26296173_l-300x200-1.jpg\",\"width\":300,\"height\":200},{\"@type\":\"BreadcrumbList\",\"@id\":\"https:\\\/\\\/centralialaw.com\\\/es\\\/esta-visible-tu-matricula\\\/#breadcrumb\",\"itemListElement\":[{\"@type\":\"ListItem\",\"position\":1,\"name\":\"Inicio\",\"item\":\"https:\\\/\\\/centralialaw.com\\\/es\\\/\"},{\"@type\":\"ListItem\",\"position\":2,\"name\":\"\u00bfEst\u00e1 visible tu matr\u00edcula?\"}]},{\"@type\":\"WebSite\",\"@id\":\"https:\\\/\\\/centralialaw.com\\\/es\\\/#website\",\"url\":\"https:\\\/\\\/centralialaw.com\\\/es\\\/\",\"name\":\"Centralia Law\",\"description\":\"Al servicio del estado de Washington desde hace m\u00e1s de 75 a\u00f1os - Althauser Rayan Abbarno \",\"publisher\":{\"@id\":\"https:\\\/\\\/centralialaw.com\\\/es\\\/#organization\"},\"potentialAction\":[{\"@type\":\"SearchAction\",\"target\":{\"@type\":\"EntryPoint\",\"urlTemplate\":\"https:\\\/\\\/centralialaw.com\\\/es\\\/?s={search_term_string}\"},\"query-input\":{\"@type\":\"PropertyValueSpecification\",\"valueRequired\":true,\"valueName\":\"search_term_string\"}}],\"inLanguage\":\"es\"},{\"@type\":\"Organization\",\"@id\":\"https:\\\/\\\/centralialaw.com\\\/es\\\/#organization\",\"name\":\"Ley Centralia\",\"url\":\"https:\\\/\\\/centralialaw.com\\\/es\\\/\",\"logo\":{\"@type\":\"ImageObject\",\"inLanguage\":\"es\",\"@id\":\"https:\\\/\\\/centralialaw.com\\\/es\\\/#\\\/schema\\\/logo\\\/image\\\/\",\"url\":\"https:\\\/\\\/centralialaw.com\\\/wp-content\\\/uploads\\\/2022\\\/05\\\/ARA-Logo.png\",\"contentUrl\":\"https:\\\/\\\/centralialaw.com\\\/wp-content\\\/uploads\\\/2022\\\/05\\\/ARA-Logo.png\",\"width\":1153,\"height\":364,\"caption\":\"Ley Centralia\"},\"image\":{\"@id\":\"https:\\\/\\\/centralialaw.com\\\/es\\\/#\\\/schema\\\/logo\\\/image\\\/\"},\"sameAs\":[\"https:\\\/\\\/www.facebook.com\\\/AlthauserRayanAbbarno\\\/\",\"https:\\\/\\\/x.com\\\/PeterAbbarno\"]},{\"@type\":\"Person\",\"@id\":\"https:\\\/\\\/centralialaw.com\\\/es\\\/#\\\/schema\\\/person\\\/df75a746547e7cef043297aef1bbba38\",\"name\":\"Peter Abbarno\",\"image\":{\"@type\":\"ImageObject\",\"inLanguage\":\"es\",\"@id\":\"https:\\\/\\\/secure.gravatar.com\\\/avatar\\\/4abfe3b7079121d1f28bfcee302a24a00532f113ebafa311593e0ebac2982d3b?s=96&d=mm&r=g\",\"url\":\"https:\\\/\\\/secure.gravatar.com\\\/avatar\\\/4abfe3b7079121d1f28bfcee302a24a00532f113ebafa311593e0ebac2982d3b?s=96&d=mm&r=g\",\"contentUrl\":\"https:\\\/\\\/secure.gravatar.com\\\/avatar\\\/4abfe3b7079121d1f28bfcee302a24a00532f113ebafa311593e0ebac2982d3b?s=96&d=mm&r=g\",\"caption\":\"Peter Abbarno\"},\"url\":\"https:\\\/\\\/centralialaw.com\\\/es\\\/author\\\/peter-abbarno\\\/\"}]}<\/script>\n<!-- \/ Yoast SEO plugin. -->","yoast_head_json":{"title":"\u00bfEst\u00e1 visible tu matr\u00edcula? - Ley Centralia","robots":{"index":"index","follow":"follow","max-snippet":"max-snippet:-1","max-image-preview":"max-image-preview:large","max-video-preview":"max-video-preview:-1"},"canonical":"https:\/\/centralialaw.com\/es\/esta-visible-tu-matricula\/","og_locale":"es_ES","og_type":"article","og_title":"\u00bfEst\u00e1 visible tu matr\u00edcula? - Ley Centralia","og_description":"\ud83d\udea8La visibilidad de la matr\u00edcula ahora conlleva una multa de 145 $ \ud83d\ude97\ud83d\udcb8 \u00a1Tomen nota los conductores del Estado de Washington! Este a\u00f1o hay una nueva ley que crea una infracci\u00f3n de tr\u00e1fico por conducir con una matr\u00edcula alterada, oscurecida o ilegible-y ahora conlleva una multa de 145 $. Antes de este cambio, los agentes [&hellip;]","og_url":"https:\/\/centralialaw.com\/es\/esta-visible-tu-matricula\/","og_site_name":"Ley Centralia","article_publisher":"https:\/\/www.facebook.com\/AlthauserRayanAbbarno\/","article_published_time":"2025-08-08T16:04:48+00:00","article_modified_time":"2025-08-08T16:05:05+00:00","og_image":[{"width":300,"height":200,"url":"https:\/\/centralialaw.com\/wp-content\/uploads\/2021\/12\/26296173_l-300x200-1.jpg","type":"image\/jpeg"}],"author":"Peter Abbarno","twitter_card":"summary_large_image","twitter_creator":"@PeterAbbarno","twitter_site":"@PeterAbbarno","twitter_misc":{"Written by":"Peter Abbarno","Est. reading time":"1 minuto"},"schema":{"@context":"https:\/\/schema.org","@graph":[{"@type":"Article","@id":"https:\/\/centralialaw.com\/es\/esta-visible-tu-matricula\/#article","isPartOf":{"@id":"https:\/\/centralialaw.com\/es\/esta-visible-tu-matricula\/"},"author":{"name":"Peter Abbarno","@id":"https:\/\/centralialaw.com\/es\/#\/schema\/person\/df75a746547e7cef043297aef1bbba38"},"headline":"\u00bfEst\u00e1 visible tu matr\u00edcula?","datePublished":"2025-08-08T16:04:48+00:00","dateModified":"2025-08-08T16:05:05+00:00","mainEntityOfPage":{"@id":"https:\/\/centralialaw.com\/es\/esta-visible-tu-matricula\/"},"wordCount":223,"publisher":{"@id":"https:\/\/centralialaw.com\/es\/#organization"},"image":{"@id":"https:\/\/centralialaw.com\/es\/esta-visible-tu-matricula\/#primaryimage"},"thumbnailUrl":"https:\/\/centralialaw.com\/wp-content\/uploads\/2021\/12\/26296173_l-300x200-1.jpg","keywords":["Abogado penalista","Centralia","Chehalis","Defensa Penal","Licencia de Washington","Olimpia","Placa de matr\u00edcula"],"articleSection":["Defensa Penal"],"inLanguage":"es"},{"@type":"WebPage","@id":"https:\/\/centralialaw.com\/es\/esta-visible-tu-matricula\/","url":"https:\/\/centralialaw.com\/es\/esta-visible-tu-matricula\/","name":"\u00bfEst\u00e1 visible tu matr\u00edcula? - Ley Centralia","isPartOf":{"@id":"https:\/\/centralialaw.com\/es\/#website"},"primaryImageOfPage":{"@id":"https:\/\/centralialaw.com\/es\/esta-visible-tu-matricula\/#primaryimage"},"image":{"@id":"https:\/\/centralialaw.com\/es\/esta-visible-tu-matricula\/#primaryimage"},"thumbnailUrl":"https:\/\/centralialaw.com\/wp-content\/uploads\/2021\/12\/26296173_l-300x200-1.jpg","datePublished":"2025-08-08T16:04:48+00:00","dateModified":"2025-08-08T16:05:05+00:00","breadcrumb":{"@id":"https:\/\/centralialaw.com\/es\/esta-visible-tu-matricula\/#breadcrumb"},"inLanguage":"es","potentialAction":[{"@type":"ReadAction","target":["https:\/\/centralialaw.com\/es\/esta-visible-tu-matricula\/"]}]},{"@type":"ImageObject","inLanguage":"es","@id":"https:\/\/centralialaw.com\/es\/esta-visible-tu-matricula\/#primaryimage","url":"https:\/\/centralialaw.com\/wp-content\/uploads\/2021\/12\/26296173_l-300x200-1.jpg","contentUrl":"https:\/\/centralialaw.com\/wp-content\/uploads\/2021\/12\/26296173_l-300x200-1.jpg","width":300,"height":200},{"@type":"BreadcrumbList","@id":"https:\/\/centralialaw.com\/es\/esta-visible-tu-matricula\/#breadcrumb","itemListElement":[{"@type":"ListItem","position":1,"name":"Inicio","item":"https:\/\/centralialaw.com\/es\/"},{"@type":"ListItem","position":2,"name":"\u00bfEst\u00e1 visible tu matr\u00edcula?"}]},{"@type":"WebSite","@id":"https:\/\/centralialaw.com\/es\/#website","url":"https:\/\/centralialaw.com\/es\/","name":"Centralia Law","description":"Al servicio del estado de Washington desde hace m\u00e1s de 75 a\u00f1os - Althauser Rayan Abbarno ","publisher":{"@id":"https:\/\/centralialaw.com\/es\/#organization"},"potentialAction":[{"@type":"SearchAction","target":{"@type":"EntryPoint","urlTemplate":"https:\/\/centralialaw.com\/es\/?s={search_term_string}"},"query-input":{"@type":"PropertyValueSpecification","valueRequired":true,"valueName":"search_term_string"}}],"inLanguage":"es"},{"@type":"Organization","@id":"https:\/\/centralialaw.com\/es\/#organization","name":"Ley Centralia","url":"https:\/\/centralialaw.com\/es\/","logo":{"@type":"ImageObject","inLanguage":"es","@id":"https:\/\/centralialaw.com\/es\/#\/schema\/logo\/image\/","url":"https:\/\/centralialaw.com\/wp-content\/uploads\/2022\/05\/ARA-Logo.png","contentUrl":"https:\/\/centralialaw.com\/wp-content\/uploads\/2022\/05\/ARA-Logo.png","width":1153,"height":364,"caption":"Ley Centralia"},"image":{"@id":"https:\/\/centralialaw.com\/es\/#\/schema\/logo\/image\/"},"sameAs":["https:\/\/www.facebook.com\/AlthauserRayanAbbarno\/","https:\/\/x.com\/PeterAbbarno"]},{"@type":"Person","@id":"https:\/\/centralialaw.com\/es\/#\/schema\/person\/df75a746547e7cef043297aef1bbba38","name":"Peter Abbarno","image":{"@type":"ImageObject","inLanguage":"es","@id":"https:\/\/secure.gravatar.com\/avatar\/4abfe3b7079121d1f28bfcee302a24a00532f113ebafa311593e0ebac2982d3b?s=96&d=mm&r=g","url":"https:\/\/secure.gravatar.com\/avatar\/4abfe3b7079121d1f28bfcee302a24a00532f113ebafa311593e0ebac2982d3b?s=96&d=mm&r=g","contentUrl":"https:\/\/secure.gravatar.com\/avatar\/4abfe3b7079121d1f28bfcee302a24a00532f113ebafa311593e0ebac2982d3b?s=96&d=mm&r=g","caption":"Peter Abbarno"},"url":"https:\/\/centralialaw.com\/es\/author\/peter-abbarno\/"}]}},"_links":{"self":[{"href":"https:\/\/centralialaw.com\/es\/wp-json\/wp\/v2\/posts\/18126","targetHints":{"allow":["GET"]}}],"collection":[{"href":"https:\/\/centralialaw.com\/es\/wp-json\/wp\/v2\/posts"}],"about":[{"href":"https:\/\/centralialaw.com\/es\/wp-json\/wp\/v2\/types\/post"}],"author":[{"embeddable":true,"href":"https:\/\/centralialaw.com\/es\/wp-json\/wp\/v2\/users\/2"}],"replies":[{"embeddable":true,"href":"https:\/\/centralialaw.com\/es\/wp-json\/wp\/v2\/comments?post=18126"}],"version-history":[{"count":0,"href":"https:\/\/centralialaw.com\/es\/wp-json\/wp\/v2\/posts\/18126\/revisions"}],"wp:featuredmedia":[{"embeddable":true,"href":"https:\/\/centralialaw.com\/es\/wp-json\/wp\/v2\/media\/17224"}],"wp:attachment":[{"href":"https:\/\/centralialaw.com\/es\/wp-json\/wp\/v2\/media?parent=18126"}],"wp:term":[{"taxonomy":"category","embeddable":true,"href":"https:\/\/centralialaw.com\/es\/wp-json\/wp\/v2\/categories?post=18126"},{"taxonomy":"post_tag","embeddable":true,"href":"https:\/\/centralialaw.com\/es\/wp-json\/wp\/v2\/tags?post=18126"}],"curies":[{"name":"wp","href":"https:\/\/api.w.org\/{rel}","templated":true}]}}