{"id":18142,"date":"2025-08-20T15:44:13","date_gmt":"2025-08-20T22:44:13","guid":{"rendered":"https:\/\/centralialaw.com\/viajes-en-washington-el-fin-de-semana-del-dia-del-trabajo\/"},"modified":"2025-08-20T15:44:25","modified_gmt":"2025-08-20T22:44:25","slug":"viajes-en-washington-el-fin-de-semana-del-dia-del-trabajo","status":"publish","type":"post","link":"https:\/\/centralialaw.com\/es\/viajes-en-washington-el-fin-de-semana-del-dia-del-trabajo\/","title":{"rendered":"Viajes en Washington el fin de semana del D\u00eda del Trabajo"},"content":{"rendered":"\n<h3 class=\"wp-block-heading\"><strong>\ud83d\udea6 Planificar viajes seguros el fin de semana del D\u00eda del Trabajo en Washington<\/strong><\/h3>\n\n<p><strong>\ud83d\udee3\ufe0f Viajar con inteligencia empieza por planificar<\/strong><br\/>El fin de semana del D\u00eda del Trabajo es uno de los m\u00e1s concurridos en Washington. Si vas a conducir por <strong>el suroeste de Washington<\/strong>, especialmente por <strong>la I-5<\/strong>, planif\u00edcalo con antelaci\u00f3n. <\/p>\n\n<p>El <strong>Departamento de Transportes del Estado de Washington (WSDOT<\/strong> ) ofrece herramientas para ayudarte a evitar los atascos:<\/p>\n\n<ul class=\"wp-block-list\">\n<li>\ud83d\udcca <strong>Tablas<\/strong> de <strong>viajes en vacaciones<\/strong>: Consulta la congesti\u00f3n prevista por horas.<br\/>\ud83d\udc49 <a href=\"https:\/\/wsdot.wa.gov\/travel\/holiday-weekend-travel\/labor-day-weekend-travel-times\/i-5-travel-charts\">Tablas de viajes por la I-5 (Lacey-Tacoma)<\/a><\/li>\n\n\n\n<li>\ud83d\udef0\ufe0f <strong>Tr\u00e1fico en Tiempo Real y C\u00e1maras<\/strong>: Mantente al d\u00eda de las condiciones, el tiempo y los incidentes.<br\/>\ud83d\udc49 <a href=\"https:\/\/wsdot.com\/travel\/real-time\/\">WSDOT Herramientas para el Viajero en Tiempo Real<\/a><\/li>\n<\/ul>\n\n<p>\ud83d\udea7 Buenas noticias: la mayor\u00eda de los grandes proyectos de construcci\u00f3n se detienen durante las vacaciones, pero a\u00fan as\u00ed se esperan atascos.<\/p>\n\n<hr class=\"wp-block-separator has-alpha-channel-opacity\"\/>\n\n<h3 class=\"wp-block-heading\"><strong>\u23f0 Cu\u00e1ndo salir a la carretera (y cu\u00e1ndo evitarlo)<\/strong><\/h3>\n\n<p>Los conductores deben esperar:<\/p>\n\n<ul class=\"wp-block-list\">\n<li>\ud83d\ude97 <strong>I-5 direcci\u00f3n sur cerca de Woodland<\/strong> \u2192 Retrasos de hasta <strong>90 minutos<\/strong> durante todo el fin de semana.<\/li>\n\n\n\n<li>\ud83c\udf05 <strong>Mejores horas para viajar<\/strong> \u2192 Temprano por la ma\u00f1ana o tarde por la noche.<\/li>\n\n\n\n<li>\ud83d\uded1 <strong>Peores horas para viajar<\/strong> \u2192 De jueves por la tarde a s\u00e1bado a mediod\u00eda (en direcci\u00f3n oeste), de domingo a lunes (en direcci\u00f3n este).<\/li>\n<\/ul>\n\n<hr class=\"wp-block-separator has-alpha-channel-opacity\"\/>\n\n<h3 class=\"wp-block-heading\"><strong>\ud83d\udee1\ufe0f Consejos de conducci\u00f3n segura para el fin de semana festivo<\/strong><\/h3>\n\n<p>\u2714\ufe0f Sal temprano o tarde para evitar los atascos.<br\/>\u2714\ufe0f <strong>Cuelga el tel\u00e9fono: no<\/strong>conduzcas distra\u00eddo.<br\/>\u2714\ufe0f Comprueba <strong>los neum\u00e1ticos, los frenos y los l\u00edquidos<\/strong> antes de salir.<br\/>\u2714\ufe0f Lleva un <strong>botiqu\u00edn de emergencia<\/strong>: agua, tentempi\u00e9s, linterna, cables de arranque, primeros auxilios.<br\/>\u2714\ufe0f S\u00e9 <strong>paciente y cort\u00e9s: llegar<\/strong>sano y salvo es lo que importa.<\/p>\n\n<p>\ud83d\udc49 <a href=\"https:\/\/wsdot.wa.gov\/travel\/holiday-weekend-travel\">Consejos de viaje del WSDOT<\/a><\/p>\n\n<hr class=\"wp-block-separator has-alpha-channel-opacity\"\/>\n\n<h3 class=\"wp-block-heading\"><strong>\u2696\ufe0f En caso de colisi\u00f3n &#8211; Estamos a tu disposici\u00f3n<\/strong><\/h3>\n\n<p>Incluso con planificaci\u00f3n, pueden producirse colisiones. Si t\u00fa o un ser querido result\u00e1is heridos <\/p>\n\n<p>\u2705 <strong>Llama a Althauser Rayan Abbarno &#8211; Abogados de lesiones personales<\/strong><br\/>\u2705 <strong>Consultas gratuitas<\/strong> sobre <strong>lesiones<\/strong> &#8211; sin coste para hablar de tu caso<br\/>\u2705 <strong>Servicios de traducci\u00f3n al espa\u00f1ol disponibles<\/strong> &#8211; <em>Se habla espa\u00f1ol<\/em><\/p>\n\n<p>\ud83d\udcde <strong>Centralia: (360) 736-1301<\/strong><\/p>\n\n<p><strong>\ud83d\udcbc Local. De confianza. Con experiencia.  <\/strong>  Estamos aqu\u00ed cuando m\u00e1s nos necesitas.<\/p>\n\n<figure class=\"wp-block-image size-full\"><img loading=\"lazy\" decoding=\"async\" width=\"2560\" height=\"640\" src=\"https:\/\/centralialaw.com\/wp-content\/uploads\/2024\/10\/ARA-4th-of-July-Ad-page-001-scaled.jpg\" alt=\"\" class=\"wp-image-17154\" srcset=\"https:\/\/centralialaw.com\/wp-content\/uploads\/2024\/10\/ARA-4th-of-July-Ad-page-001-scaled.jpg 2560w, https:\/\/centralialaw.com\/wp-content\/uploads\/2024\/10\/ARA-4th-of-July-Ad-page-001-1280x320.jpg 1280w, https:\/\/centralialaw.com\/wp-content\/uploads\/2024\/10\/ARA-4th-of-July-Ad-page-001-980x245.jpg 980w, https:\/\/centralialaw.com\/wp-content\/uploads\/2024\/10\/ARA-4th-of-July-Ad-page-001-480x120.jpg 480w\" sizes=\"(min-width: 0px) and (max-width: 480px) 480px, (min-width: 481px) and (max-width: 980px) 980px, (min-width: 981px) and (max-width: 1280px) 1280px, (min-width: 1281px) 2560px, 100vw\" \/><figcaption class=\"wp-element-caption\">\u00bfColisi\u00f3n automovil\u00edstica? Llama a Althauser Rayan Abbarno al (360) 736-1301 o visita CentraliaLaw.com<\/figcaption><\/figure>\n","protected":false},"excerpt":{"rendered":"<p>\ud83d\udea6 Planificar viajes seguros el fin de semana del D\u00eda del Trabajo en Washington \ud83d\udee3\ufe0f Viajar con inteligencia empieza por planificarEl fin de semana del D\u00eda del Trabajo es uno de los m\u00e1s concurridos en Washington. Si vas a conducir por el suroeste de Washington, especialmente por la I-5, planif\u00edcalo con antelaci\u00f3n. El Departamento de [&hellip;]<\/p>\n","protected":false},"author":2,"featured_media":18141,"comment_status":"closed","ping_status":"closed","sticky":false,"template":"","format":"standard","meta":{"_et_pb_use_builder":"off","_et_pb_old_content":"","_et_gb_content_width":"","footnotes":""},"categories":[406],"tags":[446,482,846,373,844,845,498,507],"class_list":["post-18142","post","type-post","status-publish","format-standard","has-post-thumbnail","hentry","category-articulos-2","tag-accidente","tag-colision","tag-congestion-del-trafico","tag-lesiones-personales","tag-sudoeste-de-washington","tag-suroeste-de-washington","tag-viajar-el-dia-del-trabajo","tag-wsdot-es"],"yoast_head":"<!-- This site is optimized with the Yoast SEO plugin v27.5 - https:\/\/yoast.com\/product\/yoast-seo-wordpress\/ -->\n<title>Viajes en Washington el fin de semana del D\u00eda del Trabajo - Ley Centralia<\/title>\n<meta name=\"robots\" content=\"index, follow, max-snippet:-1, max-image-preview:large, max-video-preview:-1\" \/>\n<link rel=\"canonical\" href=\"https:\/\/centralialaw.com\/es\/viajes-en-washington-el-fin-de-semana-del-dia-del-trabajo\/\" \/>\n<meta property=\"og:locale\" content=\"es_ES\" \/>\n<meta property=\"og:type\" content=\"article\" \/>\n<meta property=\"og:title\" content=\"Viajes en Washington el fin de semana del D\u00eda del Trabajo - Ley Centralia\" \/>\n<meta property=\"og:description\" content=\"\ud83d\udea6 Planificar viajes seguros el fin de semana del D\u00eda del Trabajo en Washington \ud83d\udee3\ufe0f Viajar con inteligencia empieza por planificarEl fin de semana del D\u00eda del Trabajo es uno de los m\u00e1s concurridos en Washington. Si vas a conducir por el suroeste de Washington, especialmente por la I-5, planif\u00edcalo con antelaci\u00f3n. El Departamento de [&hellip;]\" \/>\n<meta property=\"og:url\" content=\"https:\/\/centralialaw.com\/es\/viajes-en-washington-el-fin-de-semana-del-dia-del-trabajo\/\" \/>\n<meta property=\"og:site_name\" content=\"Ley Centralia\" \/>\n<meta property=\"article:publisher\" content=\"https:\/\/www.facebook.com\/AlthauserRayanAbbarno\/\" \/>\n<meta property=\"article:published_time\" content=\"2025-08-20T22:44:13+00:00\" \/>\n<meta property=\"article:modified_time\" content=\"2025-08-20T22:44:25+00:00\" \/>\n<meta property=\"og:image\" content=\"https:\/\/centralialaw.com\/wp-content\/uploads\/2025\/08\/Clark-County-Traffic.jpg\" \/>\n\t<meta property=\"og:image:width\" content=\"750\" \/>\n\t<meta property=\"og:image:height\" content=\"400\" \/>\n\t<meta property=\"og:image:type\" content=\"image\/jpeg\" \/>\n<meta name=\"author\" content=\"Peter Abbarno\" \/>\n<meta name=\"twitter:card\" content=\"summary_large_image\" \/>\n<meta name=\"twitter:creator\" content=\"@PeterAbbarno\" \/>\n<meta name=\"twitter:site\" content=\"@PeterAbbarno\" \/>\n<meta name=\"twitter:label1\" content=\"Written by\" \/>\n\t<meta name=\"twitter:data1\" content=\"Peter Abbarno\" \/>\n\t<meta name=\"twitter:label2\" content=\"Est. reading time\" \/>\n\t<meta name=\"twitter:data2\" content=\"2 minutos\" \/>\n<script type=\"application\/ld+json\" class=\"yoast-schema-graph\">{\"@context\":\"https:\\\/\\\/schema.org\",\"@graph\":[{\"@type\":\"Article\",\"@id\":\"https:\\\/\\\/centralialaw.com\\\/es\\\/viajes-en-washington-el-fin-de-semana-del-dia-del-trabajo\\\/#article\",\"isPartOf\":{\"@id\":\"https:\\\/\\\/centralialaw.com\\\/es\\\/viajes-en-washington-el-fin-de-semana-del-dia-del-trabajo\\\/\"},\"author\":{\"name\":\"Peter Abbarno\",\"@id\":\"https:\\\/\\\/centralialaw.com\\\/es\\\/#\\\/schema\\\/person\\\/df75a746547e7cef043297aef1bbba38\"},\"headline\":\"Viajes en Washington el fin de semana del D\u00eda del Trabajo\",\"datePublished\":\"2025-08-20T22:44:13+00:00\",\"dateModified\":\"2025-08-20T22:44:25+00:00\",\"mainEntityOfPage\":{\"@id\":\"https:\\\/\\\/centralialaw.com\\\/es\\\/viajes-en-washington-el-fin-de-semana-del-dia-del-trabajo\\\/\"},\"wordCount\":390,\"publisher\":{\"@id\":\"https:\\\/\\\/centralialaw.com\\\/es\\\/#organization\"},\"image\":{\"@id\":\"https:\\\/\\\/centralialaw.com\\\/es\\\/viajes-en-washington-el-fin-de-semana-del-dia-del-trabajo\\\/#primaryimage\"},\"thumbnailUrl\":\"https:\\\/\\\/centralialaw.com\\\/wp-content\\\/uploads\\\/2025\\\/08\\\/Clark-County-Traffic.jpg\",\"keywords\":[\"Accidente\",\"Colisi\u00f3n\",\"Congesti\u00f3n del tr\u00e1fico\",\"Lesiones personales\",\"Sudoeste de Washington\",\"Suroeste de Washington\",\"Viajar el D\u00eda del Trabajo\",\"WSDOT\"],\"articleSection\":[\"Art\u00edculos\"],\"inLanguage\":\"es\"},{\"@type\":\"WebPage\",\"@id\":\"https:\\\/\\\/centralialaw.com\\\/es\\\/viajes-en-washington-el-fin-de-semana-del-dia-del-trabajo\\\/\",\"url\":\"https:\\\/\\\/centralialaw.com\\\/es\\\/viajes-en-washington-el-fin-de-semana-del-dia-del-trabajo\\\/\",\"name\":\"Viajes en Washington el fin de semana del D\u00eda del Trabajo - Ley Centralia\",\"isPartOf\":{\"@id\":\"https:\\\/\\\/centralialaw.com\\\/es\\\/#website\"},\"primaryImageOfPage\":{\"@id\":\"https:\\\/\\\/centralialaw.com\\\/es\\\/viajes-en-washington-el-fin-de-semana-del-dia-del-trabajo\\\/#primaryimage\"},\"image\":{\"@id\":\"https:\\\/\\\/centralialaw.com\\\/es\\\/viajes-en-washington-el-fin-de-semana-del-dia-del-trabajo\\\/#primaryimage\"},\"thumbnailUrl\":\"https:\\\/\\\/centralialaw.com\\\/wp-content\\\/uploads\\\/2025\\\/08\\\/Clark-County-Traffic.jpg\",\"datePublished\":\"2025-08-20T22:44:13+00:00\",\"dateModified\":\"2025-08-20T22:44:25+00:00\",\"breadcrumb\":{\"@id\":\"https:\\\/\\\/centralialaw.com\\\/es\\\/viajes-en-washington-el-fin-de-semana-del-dia-del-trabajo\\\/#breadcrumb\"},\"inLanguage\":\"es\",\"potentialAction\":[{\"@type\":\"ReadAction\",\"target\":[\"https:\\\/\\\/centralialaw.com\\\/es\\\/viajes-en-washington-el-fin-de-semana-del-dia-del-trabajo\\\/\"]}]},{\"@type\":\"ImageObject\",\"inLanguage\":\"es\",\"@id\":\"https:\\\/\\\/centralialaw.com\\\/es\\\/viajes-en-washington-el-fin-de-semana-del-dia-del-trabajo\\\/#primaryimage\",\"url\":\"https:\\\/\\\/centralialaw.com\\\/wp-content\\\/uploads\\\/2025\\\/08\\\/Clark-County-Traffic.jpg\",\"contentUrl\":\"https:\\\/\\\/centralialaw.com\\\/wp-content\\\/uploads\\\/2025\\\/08\\\/Clark-County-Traffic.jpg\",\"width\":750,\"height\":400,\"caption\":\"Automobile Collision? Call Althauser Rayan Abbarno at (360) 736-1301 or visit CentraliaLaw.com\"},{\"@type\":\"BreadcrumbList\",\"@id\":\"https:\\\/\\\/centralialaw.com\\\/es\\\/viajes-en-washington-el-fin-de-semana-del-dia-del-trabajo\\\/#breadcrumb\",\"itemListElement\":[{\"@type\":\"ListItem\",\"position\":1,\"name\":\"Inicio\",\"item\":\"https:\\\/\\\/centralialaw.com\\\/es\\\/\"},{\"@type\":\"ListItem\",\"position\":2,\"name\":\"Viajes en Washington el fin de semana del D\u00eda del Trabajo\"}]},{\"@type\":\"WebSite\",\"@id\":\"https:\\\/\\\/centralialaw.com\\\/es\\\/#website\",\"url\":\"https:\\\/\\\/centralialaw.com\\\/es\\\/\",\"name\":\"Centralia Law\",\"description\":\"Al servicio del estado de Washington desde hace m\u00e1s de 75 a\u00f1os - Althauser Rayan Abbarno \",\"publisher\":{\"@id\":\"https:\\\/\\\/centralialaw.com\\\/es\\\/#organization\"},\"potentialAction\":[{\"@type\":\"SearchAction\",\"target\":{\"@type\":\"EntryPoint\",\"urlTemplate\":\"https:\\\/\\\/centralialaw.com\\\/es\\\/?s={search_term_string}\"},\"query-input\":{\"@type\":\"PropertyValueSpecification\",\"valueRequired\":true,\"valueName\":\"search_term_string\"}}],\"inLanguage\":\"es\"},{\"@type\":\"Organization\",\"@id\":\"https:\\\/\\\/centralialaw.com\\\/es\\\/#organization\",\"name\":\"Ley Centralia\",\"url\":\"https:\\\/\\\/centralialaw.com\\\/es\\\/\",\"logo\":{\"@type\":\"ImageObject\",\"inLanguage\":\"es\",\"@id\":\"https:\\\/\\\/centralialaw.com\\\/es\\\/#\\\/schema\\\/logo\\\/image\\\/\",\"url\":\"https:\\\/\\\/centralialaw.com\\\/wp-content\\\/uploads\\\/2022\\\/05\\\/ARA-Logo.png\",\"contentUrl\":\"https:\\\/\\\/centralialaw.com\\\/wp-content\\\/uploads\\\/2022\\\/05\\\/ARA-Logo.png\",\"width\":1153,\"height\":364,\"caption\":\"Ley Centralia\"},\"image\":{\"@id\":\"https:\\\/\\\/centralialaw.com\\\/es\\\/#\\\/schema\\\/logo\\\/image\\\/\"},\"sameAs\":[\"https:\\\/\\\/www.facebook.com\\\/AlthauserRayanAbbarno\\\/\",\"https:\\\/\\\/x.com\\\/PeterAbbarno\"]},{\"@type\":\"Person\",\"@id\":\"https:\\\/\\\/centralialaw.com\\\/es\\\/#\\\/schema\\\/person\\\/df75a746547e7cef043297aef1bbba38\",\"name\":\"Peter Abbarno\",\"image\":{\"@type\":\"ImageObject\",\"inLanguage\":\"es\",\"@id\":\"https:\\\/\\\/secure.gravatar.com\\\/avatar\\\/4abfe3b7079121d1f28bfcee302a24a00532f113ebafa311593e0ebac2982d3b?s=96&d=mm&r=g\",\"url\":\"https:\\\/\\\/secure.gravatar.com\\\/avatar\\\/4abfe3b7079121d1f28bfcee302a24a00532f113ebafa311593e0ebac2982d3b?s=96&d=mm&r=g\",\"contentUrl\":\"https:\\\/\\\/secure.gravatar.com\\\/avatar\\\/4abfe3b7079121d1f28bfcee302a24a00532f113ebafa311593e0ebac2982d3b?s=96&d=mm&r=g\",\"caption\":\"Peter Abbarno\"},\"url\":\"https:\\\/\\\/centralialaw.com\\\/es\\\/author\\\/peter-abbarno\\\/\"}]}<\/script>\n<!-- \/ Yoast SEO plugin. -->","yoast_head_json":{"title":"Viajes en Washington el fin de semana del D\u00eda del Trabajo - Ley Centralia","robots":{"index":"index","follow":"follow","max-snippet":"max-snippet:-1","max-image-preview":"max-image-preview:large","max-video-preview":"max-video-preview:-1"},"canonical":"https:\/\/centralialaw.com\/es\/viajes-en-washington-el-fin-de-semana-del-dia-del-trabajo\/","og_locale":"es_ES","og_type":"article","og_title":"Viajes en Washington el fin de semana del D\u00eda del Trabajo - Ley Centralia","og_description":"\ud83d\udea6 Planificar viajes seguros el fin de semana del D\u00eda del Trabajo en Washington \ud83d\udee3\ufe0f Viajar con inteligencia empieza por planificarEl fin de semana del D\u00eda del Trabajo es uno de los m\u00e1s concurridos en Washington. Si vas a conducir por el suroeste de Washington, especialmente por la I-5, planif\u00edcalo con antelaci\u00f3n. El Departamento de [&hellip;]","og_url":"https:\/\/centralialaw.com\/es\/viajes-en-washington-el-fin-de-semana-del-dia-del-trabajo\/","og_site_name":"Ley Centralia","article_publisher":"https:\/\/www.facebook.com\/AlthauserRayanAbbarno\/","article_published_time":"2025-08-20T22:44:13+00:00","article_modified_time":"2025-08-20T22:44:25+00:00","og_image":[{"width":750,"height":400,"url":"https:\/\/centralialaw.com\/wp-content\/uploads\/2025\/08\/Clark-County-Traffic.jpg","type":"image\/jpeg"}],"author":"Peter Abbarno","twitter_card":"summary_large_image","twitter_creator":"@PeterAbbarno","twitter_site":"@PeterAbbarno","twitter_misc":{"Written by":"Peter Abbarno","Est. reading time":"2 minutos"},"schema":{"@context":"https:\/\/schema.org","@graph":[{"@type":"Article","@id":"https:\/\/centralialaw.com\/es\/viajes-en-washington-el-fin-de-semana-del-dia-del-trabajo\/#article","isPartOf":{"@id":"https:\/\/centralialaw.com\/es\/viajes-en-washington-el-fin-de-semana-del-dia-del-trabajo\/"},"author":{"name":"Peter Abbarno","@id":"https:\/\/centralialaw.com\/es\/#\/schema\/person\/df75a746547e7cef043297aef1bbba38"},"headline":"Viajes en Washington el fin de semana del D\u00eda del Trabajo","datePublished":"2025-08-20T22:44:13+00:00","dateModified":"2025-08-20T22:44:25+00:00","mainEntityOfPage":{"@id":"https:\/\/centralialaw.com\/es\/viajes-en-washington-el-fin-de-semana-del-dia-del-trabajo\/"},"wordCount":390,"publisher":{"@id":"https:\/\/centralialaw.com\/es\/#organization"},"image":{"@id":"https:\/\/centralialaw.com\/es\/viajes-en-washington-el-fin-de-semana-del-dia-del-trabajo\/#primaryimage"},"thumbnailUrl":"https:\/\/centralialaw.com\/wp-content\/uploads\/2025\/08\/Clark-County-Traffic.jpg","keywords":["Accidente","Colisi\u00f3n","Congesti\u00f3n del tr\u00e1fico","Lesiones personales","Sudoeste de Washington","Suroeste de Washington","Viajar el D\u00eda del Trabajo","WSDOT"],"articleSection":["Art\u00edculos"],"inLanguage":"es"},{"@type":"WebPage","@id":"https:\/\/centralialaw.com\/es\/viajes-en-washington-el-fin-de-semana-del-dia-del-trabajo\/","url":"https:\/\/centralialaw.com\/es\/viajes-en-washington-el-fin-de-semana-del-dia-del-trabajo\/","name":"Viajes en Washington el fin de semana del D\u00eda del Trabajo - Ley Centralia","isPartOf":{"@id":"https:\/\/centralialaw.com\/es\/#website"},"primaryImageOfPage":{"@id":"https:\/\/centralialaw.com\/es\/viajes-en-washington-el-fin-de-semana-del-dia-del-trabajo\/#primaryimage"},"image":{"@id":"https:\/\/centralialaw.com\/es\/viajes-en-washington-el-fin-de-semana-del-dia-del-trabajo\/#primaryimage"},"thumbnailUrl":"https:\/\/centralialaw.com\/wp-content\/uploads\/2025\/08\/Clark-County-Traffic.jpg","datePublished":"2025-08-20T22:44:13+00:00","dateModified":"2025-08-20T22:44:25+00:00","breadcrumb":{"@id":"https:\/\/centralialaw.com\/es\/viajes-en-washington-el-fin-de-semana-del-dia-del-trabajo\/#breadcrumb"},"inLanguage":"es","potentialAction":[{"@type":"ReadAction","target":["https:\/\/centralialaw.com\/es\/viajes-en-washington-el-fin-de-semana-del-dia-del-trabajo\/"]}]},{"@type":"ImageObject","inLanguage":"es","@id":"https:\/\/centralialaw.com\/es\/viajes-en-washington-el-fin-de-semana-del-dia-del-trabajo\/#primaryimage","url":"https:\/\/centralialaw.com\/wp-content\/uploads\/2025\/08\/Clark-County-Traffic.jpg","contentUrl":"https:\/\/centralialaw.com\/wp-content\/uploads\/2025\/08\/Clark-County-Traffic.jpg","width":750,"height":400,"caption":"Automobile Collision? Call Althauser Rayan Abbarno at (360) 736-1301 or visit CentraliaLaw.com"},{"@type":"BreadcrumbList","@id":"https:\/\/centralialaw.com\/es\/viajes-en-washington-el-fin-de-semana-del-dia-del-trabajo\/#breadcrumb","itemListElement":[{"@type":"ListItem","position":1,"name":"Inicio","item":"https:\/\/centralialaw.com\/es\/"},{"@type":"ListItem","position":2,"name":"Viajes en Washington el fin de semana del D\u00eda del Trabajo"}]},{"@type":"WebSite","@id":"https:\/\/centralialaw.com\/es\/#website","url":"https:\/\/centralialaw.com\/es\/","name":"Centralia Law","description":"Al servicio del estado de Washington desde hace m\u00e1s de 75 a\u00f1os - Althauser Rayan Abbarno ","publisher":{"@id":"https:\/\/centralialaw.com\/es\/#organization"},"potentialAction":[{"@type":"SearchAction","target":{"@type":"EntryPoint","urlTemplate":"https:\/\/centralialaw.com\/es\/?s={search_term_string}"},"query-input":{"@type":"PropertyValueSpecification","valueRequired":true,"valueName":"search_term_string"}}],"inLanguage":"es"},{"@type":"Organization","@id":"https:\/\/centralialaw.com\/es\/#organization","name":"Ley Centralia","url":"https:\/\/centralialaw.com\/es\/","logo":{"@type":"ImageObject","inLanguage":"es","@id":"https:\/\/centralialaw.com\/es\/#\/schema\/logo\/image\/","url":"https:\/\/centralialaw.com\/wp-content\/uploads\/2022\/05\/ARA-Logo.png","contentUrl":"https:\/\/centralialaw.com\/wp-content\/uploads\/2022\/05\/ARA-Logo.png","width":1153,"height":364,"caption":"Ley Centralia"},"image":{"@id":"https:\/\/centralialaw.com\/es\/#\/schema\/logo\/image\/"},"sameAs":["https:\/\/www.facebook.com\/AlthauserRayanAbbarno\/","https:\/\/x.com\/PeterAbbarno"]},{"@type":"Person","@id":"https:\/\/centralialaw.com\/es\/#\/schema\/person\/df75a746547e7cef043297aef1bbba38","name":"Peter Abbarno","image":{"@type":"ImageObject","inLanguage":"es","@id":"https:\/\/secure.gravatar.com\/avatar\/4abfe3b7079121d1f28bfcee302a24a00532f113ebafa311593e0ebac2982d3b?s=96&d=mm&r=g","url":"https:\/\/secure.gravatar.com\/avatar\/4abfe3b7079121d1f28bfcee302a24a00532f113ebafa311593e0ebac2982d3b?s=96&d=mm&r=g","contentUrl":"https:\/\/secure.gravatar.com\/avatar\/4abfe3b7079121d1f28bfcee302a24a00532f113ebafa311593e0ebac2982d3b?s=96&d=mm&r=g","caption":"Peter Abbarno"},"url":"https:\/\/centralialaw.com\/es\/author\/peter-abbarno\/"}]}},"_links":{"self":[{"href":"https:\/\/centralialaw.com\/es\/wp-json\/wp\/v2\/posts\/18142","targetHints":{"allow":["GET"]}}],"collection":[{"href":"https:\/\/centralialaw.com\/es\/wp-json\/wp\/v2\/posts"}],"about":[{"href":"https:\/\/centralialaw.com\/es\/wp-json\/wp\/v2\/types\/post"}],"author":[{"embeddable":true,"href":"https:\/\/centralialaw.com\/es\/wp-json\/wp\/v2\/users\/2"}],"replies":[{"embeddable":true,"href":"https:\/\/centralialaw.com\/es\/wp-json\/wp\/v2\/comments?post=18142"}],"version-history":[{"count":0,"href":"https:\/\/centralialaw.com\/es\/wp-json\/wp\/v2\/posts\/18142\/revisions"}],"wp:featuredmedia":[{"embeddable":true,"href":"https:\/\/centralialaw.com\/es\/wp-json\/wp\/v2\/media\/18141"}],"wp:attachment":[{"href":"https:\/\/centralialaw.com\/es\/wp-json\/wp\/v2\/media?parent=18142"}],"wp:term":[{"taxonomy":"category","embeddable":true,"href":"https:\/\/centralialaw.com\/es\/wp-json\/wp\/v2\/categories?post=18142"},{"taxonomy":"post_tag","embeddable":true,"href":"https:\/\/centralialaw.com\/es\/wp-json\/wp\/v2\/tags?post=18142"}],"curies":[{"name":"wp","href":"https:\/\/api.w.org\/{rel}","templated":true}]}}