{"id":18144,"date":"2025-08-22T12:41:24","date_gmt":"2025-08-22T19:41:24","guid":{"rendered":"https:\/\/centralialaw.com\/cambios-en-la-indemnizacion-laboral-de-washington\/"},"modified":"2025-08-22T12:44:28","modified_gmt":"2025-08-22T19:44:28","slug":"cambios-en-la-indemnizacion-laboral-de-washington","status":"publish","type":"post","link":"https:\/\/centralialaw.com\/es\/cambios-en-la-indemnizacion-laboral-de-washington\/","title":{"rendered":"Cambios en la indemnizaci\u00f3n laboral de Washington"},"content":{"rendered":"\n<h1 class=\"wp-block-heading\">\u2696\ufe0f Cambios recientes en el sistema de indemnizaci\u00f3n laboral de Washington<\/h1>\n\n<h3 class=\"wp-block-heading\">Lo que deben saber los trabajadores lesionados<\/h3>\n\n<p><strong>Los legisladores del estado de Washington aprobaron varias leyes nuevas en 2025 que afectan directamente a las reclamaciones de indemnizaci\u00f3n de los trabajadores.<\/strong>  Desde el derecho a registrar los reconocimientos m\u00e9dicos hasta una mayor protecci\u00f3n contra la tramitaci\u00f3n injusta de las reclamaciones, estas reformas est\u00e1n reconfigurando el sistema.<\/p>\n\n<p>En <strong><a>Althauser Rayan Abbarno<\/a><\/strong> ayudamos a los trabajadores lesionados a navegar por estos cambios. Ofrecemos <strong>consultas gratuitas<\/strong> e <strong>interpretaci\u00f3n al espa\u00f1ol (servicios en espa\u00f1ol)<\/strong> para asegurarnos de que todos los trabajadores entienden sus derechos. <\/p>\n\n<hr class=\"wp-block-separator has-alpha-channel-opacity\"\/>\n\n<h2 class=\"wp-block-heading\">\ud83d\udccc Cambios recientes en la Ley de Indemnizaci\u00f3n por Accidentes de Trabajo<\/h2>\n\n<h3 class=\"wp-block-heading\">\ud83c\udfa5 <strong>HB 1068 &#8211; Grabaci\u00f3n de ex\u00e1menes m\u00e9dicos obligatorios<\/strong><\/h3>\n\n<ul class=\"wp-block-list\">\n<li>Los trabajadores tienen ahora <strong>derecho a grabar en audio o v\u00eddeo los reconocimientos m\u00e9dicos independientes (IME<\/strong>), incluidas las evaluaciones psiqui\u00e1tricas.<\/li>\n\n\n\n<li>Los trabajadores no deben interferir en el examen y deben facilitar una copia de la grabaci\u00f3n a L&amp;I.<br\/>\ud83d\udd17 <a href=\"https:\/\/app.leg.wa.gov\/BillSummary\/?BillNumber=1068&amp;Year=2023&amp;Initiative=false\">Texto del proyecto de ley &#8211; HB 1068<\/a> (2023)<\/li>\n<\/ul>\n\n<p><strong>Por qu\u00e9 es importante:<\/strong> Una grabaci\u00f3n crea un registro fiable que puede proteger a los trabajadores si surgen disputas sobre lo ocurrido durante el examen.<\/p>\n\n<hr class=\"wp-block-separator has-alpha-channel-opacity\"\/>\n\n<h3 class=\"wp-block-heading\">\ud83d\udcbc <strong>Incentivos ampliados para las empresas: programas de permanencia en el trabajo y de trabajadores preferentes<\/strong><\/h3>\n\n<ul class=\"wp-block-list\">\n<li>Los <strong>reembolsos salariales m\u00e1ximos para los empresarios aumentaron de 10.000 a 25.000 d\u00f3lares por siniestro<\/strong> (a partir de 2025).<\/li>\n\n\n\n<li>Los empresarios est\u00e1n ahora m\u00e1s motivados para que los trabajadores lesionados vuelvan a desempe\u00f1ar funciones seguras y modificadas.<br\/>\ud83d\udd17 <a href=\"https:\/\/app.leg.wa.gov\/billsummary?Year=2023&amp;BillNumber=2127\">Texto del proyecto de ley &#8211; HB 2127<\/a> (2025)<\/li>\n<\/ul>\n\n<p><strong>Por qu\u00e9 es importante:<\/strong> Los empleados lesionados pueden tener adaptaciones m\u00e1s r\u00e1pidas y transiciones m\u00e1s suaves para volver al trabajo.5463<\/p>\n\n<hr class=\"wp-block-separator has-alpha-channel-opacity\"\/>\n\n<h3 class=\"wp-block-heading\">\u2696\ufe0f <strong>SB 5463 &#8211; Buena fe y trato justo<\/strong><\/h3>\n\n<ul class=\"wp-block-list\">\n<li>Ampl\u00eda el requisito legal de <strong>\u00abbuena fe y trato justo\u00bb<\/strong> a todos los empresarios autoasegurados y administradores de terceros.<\/li>\n\n\n\n<li>Sanciones por infracci\u00f3n: <strong>1-52 veces el salario semanal medio<\/strong>.<\/li>\n\n\n\n<li>La regla de los \u00abtres golpes\u00bb puede llevar a la descertificaci\u00f3n del empresario.<br\/>\ud83d\udd17<a href=\"https:\/\/app.leg.wa.gov\/BillSummary\/?BillNumber=5463&amp;Year=2025&amp;Initiative=false\"> Texto del proyecto de ley &#8211; SB 5463<\/a> (2025)<\/li>\n<\/ul>\n\n<p><strong>Por qu\u00e9 es importante:<\/strong> A partir de 2026, los trabajadores lesionados tendr\u00e1n mayores protecciones contra los retrasos, denegaciones o acosos injustos en las reclamaciones.<\/p>\n\n<hr class=\"wp-block-separator has-alpha-channel-opacity\"\/>\n\n<h3 class=\"wp-block-heading\">\ud83d\udccaPagos por tiempo perdido m\u00e1s justos  <\/h3>\n\n<p><strong>El proyecto de ley 1788 de la C\u00e1mara de Representantes<\/strong>, promulgado en abril de 2025, aborda las desigualdades que afectan a los trabajadores solteros en comparaci\u00f3n con sus hom\u00f3logos casados sin hijos.<\/p>\n\n<p><strong>Cambios clave efectivos el 1 de julio de 2026<\/strong>:<\/p>\n\n<ul class=\"wp-block-list\">\n<li>Remuneraci\u00f3n normalizada independientemente del estado civil; ahora se basa \u00fanicamente en el n\u00famero de personas a cargo.<\/li>\n\n\n\n<li>Porcentajes de sustituci\u00f3n salarial (por incapacidad total temporal o permanente): N\u00ba de hijos% del salario (nueva ley)060 %165 %267 %369 %471 %573 %6 o m\u00e1s75 % <\/li>\n\n\n\n<li>Pagos al tutor legal de un hijo a cargo: <strong>2 % del salario<\/strong>, deducido de la parte correspondiente al trabajador perjudicado <a href=\"https:\/\/lawfilesext.leg.wa.gov\/biennium\/2025-26\/Pdf\/Bill%20Reports\/House\/1788%20HBR%20LAWS%2025.pdf?utm_source=chatgpt.com\" target=\"_blank\" rel=\"noreferrer noopener\">.<\/a><\/li>\n\n\n\n<li>El elemento de contribuci\u00f3n a la asistencia sanitaria se elimin\u00f3 durante las negociaciones debido al coste; s\u00f3lo se aprob\u00f3 la parte de paridad  <\/li>\n<\/ul>\n\n<p>  \ud83d\udd17<a href=\"https:\/\/app.leg.wa.gov\/billsummary?BillNumber=1788&amp;Year=2025&amp;Initiative=false\"> Texto del proyecto de ley &#8211; HB 1788<\/a> (2025)<\/p>\n\n<hr class=\"wp-block-separator has-alpha-channel-opacity\"\/>\n\n<h2 class=\"wp-block-heading\">\ud83e\udded Qu\u00e9 debes hacer si te lesionas en el trabajo<\/h2>\n\n<p>\u2705 <strong>Docum\u00e9ntalo todo<\/strong>, incluido el registro de tu IME, si procede.<br\/>\u2705 <strong>Pregunta a tu empresario sobre el trabajo modificado<\/strong> en el marco del programa de Permanencia en el Trabajo.<br\/>\u2705 <strong>Mantente informado<\/strong> sobre las nuevas protecciones que se iniciar\u00e1n en 2026.<br\/>\u2705 <strong>Busca asesoramiento jur\u00eddico pronto<\/strong>: navegar solo por la compensaci\u00f3n de los trabajadores puede ser abrumador.<\/p>\n\n<hr class=\"wp-block-separator has-alpha-channel-opacity\"\/>\n\n<h2 class=\"wp-block-heading\">\ud83e\udd1d C\u00f3mo puede ayudar Althauser Rayan Abbarno<\/h2>\n\n<ul class=\"wp-block-list\">\n<li><strong>Consultas gratuitas<\/strong>: Revisaremos tu reclamaci\u00f3n de indemnizaci\u00f3n laboral sin coste alguno.<\/li>\n\n\n\n<li><strong>Interpretaci\u00f3n en espa\u00f1ol<\/strong>: Servicios en espa\u00f1ol disponibles para todos los trabajadores.<\/li>\n\n\n\n<li><strong>Defensa experimentada<\/strong>: Nuestros abogados luchan por un trato justo y las m\u00e1ximas prestaciones.<\/li>\n<\/ul>\n\n<p>\ud83d\udcde Ll\u00e1manos hoy o visita <a>centralialaw.com<\/a> para programar tu <strong>consulta gratuita<\/strong>.<\/p>\n\n<hr class=\"wp-block-separator has-alpha-channel-opacity\"\/>\n\n<h3 class=\"wp-block-heading\">\ud83d\udce2 Conclusi\u00f3n final<\/h3>\n\n<p>No te enfrentes solo al Departamento de Trabajo e Industrias: Athauser<strong>Rayan Abbarno est\u00e1 aqu\u00ed para guiarte en cada paso del proceso de indemnizaci\u00f3n laboral. <\/strong> <\/p>\n","protected":false},"excerpt":{"rendered":"<p>\u2696\ufe0f Cambios recientes en el sistema de indemnizaci\u00f3n laboral de Washington Lo que deben saber los trabajadores lesionados Los legisladores del estado de Washington aprobaron varias leyes nuevas en 2025 que afectan directamente a las reclamaciones de indemnizaci\u00f3n de los trabajadores. Desde el derecho a registrar los reconocimientos m\u00e9dicos hasta una mayor protecci\u00f3n contra la [&hellip;]<\/p>\n","protected":false},"author":2,"featured_media":17957,"comment_status":"closed","ping_status":"closed","sticky":false,"template":"","format":"standard","meta":{"_et_pb_use_builder":"off","_et_pb_old_content":"","_et_gb_content_width":"","footnotes":""},"categories":[368],"tags":[371,389,369,407,370,372],"class_list":["post-18144","post","type-post","status-publish","format-standard","has-post-thumbnail","hentry","category-indemnizacion-por-accidente-laboral","tag-abogado-es","tag-abogado-es-2","tag-centralia-es","tag-chehalis-es","tag-indemnizacion-por-accidente-laboral","tag-olimpia"],"yoast_head":"<!-- This site is optimized with the Yoast SEO plugin v27.5 - https:\/\/yoast.com\/product\/yoast-seo-wordpress\/ -->\n<title>Cambios en la indemnizaci\u00f3n laboral de Washington - Ley Centralia<\/title>\n<meta name=\"description\" content=\"No te enfrentes solo al Departamento de Trabajo e Industrias: Athauser Rayan Abbarno est\u00e1 aqu\u00ed para guiarte en cada paso del proceso de Indemnizaci\u00f3n Laboral.\" \/>\n<meta name=\"robots\" content=\"index, follow, max-snippet:-1, max-image-preview:large, max-video-preview:-1\" \/>\n<link rel=\"canonical\" href=\"https:\/\/centralialaw.com\/es\/cambios-en-la-indemnizacion-laboral-de-washington\/\" \/>\n<meta property=\"og:locale\" content=\"es_ES\" \/>\n<meta property=\"og:type\" content=\"article\" \/>\n<meta property=\"og:title\" content=\"Cambios en la indemnizaci\u00f3n laboral de Washington - Ley Centralia\" \/>\n<meta property=\"og:description\" content=\"No te enfrentes solo al Departamento de Trabajo e Industrias: Athauser Rayan Abbarno est\u00e1 aqu\u00ed para guiarte en cada paso del proceso de Indemnizaci\u00f3n Laboral.\" \/>\n<meta property=\"og:url\" content=\"https:\/\/centralialaw.com\/es\/cambios-en-la-indemnizacion-laboral-de-washington\/\" \/>\n<meta property=\"og:site_name\" content=\"Ley Centralia\" \/>\n<meta property=\"article:publisher\" content=\"https:\/\/www.facebook.com\/AlthauserRayanAbbarno\/\" \/>\n<meta property=\"article:published_time\" content=\"2025-08-22T19:41:24+00:00\" \/>\n<meta property=\"article:modified_time\" content=\"2025-08-22T19:44:28+00:00\" \/>\n<meta property=\"og:image\" content=\"https:\/\/centralialaw.com\/wp-content\/uploads\/2025\/06\/ARA2025-50-scaled.jpg\" \/>\n\t<meta property=\"og:image:width\" content=\"1707\" \/>\n\t<meta property=\"og:image:height\" content=\"2560\" \/>\n\t<meta property=\"og:image:type\" content=\"image\/jpeg\" \/>\n<meta name=\"author\" content=\"Peter Abbarno\" \/>\n<meta name=\"twitter:card\" content=\"summary_large_image\" \/>\n<meta name=\"twitter:creator\" content=\"@PeterAbbarno\" \/>\n<meta name=\"twitter:site\" content=\"@PeterAbbarno\" \/>\n<meta name=\"twitter:label1\" content=\"Written by\" \/>\n\t<meta name=\"twitter:data1\" content=\"Peter Abbarno\" \/>\n\t<meta name=\"twitter:label2\" content=\"Est. reading time\" \/>\n\t<meta name=\"twitter:data2\" content=\"3 minutos\" \/>\n<script type=\"application\/ld+json\" class=\"yoast-schema-graph\">{\"@context\":\"https:\\\/\\\/schema.org\",\"@graph\":[{\"@type\":\"Article\",\"@id\":\"https:\\\/\\\/centralialaw.com\\\/es\\\/cambios-en-la-indemnizacion-laboral-de-washington\\\/#article\",\"isPartOf\":{\"@id\":\"https:\\\/\\\/centralialaw.com\\\/es\\\/cambios-en-la-indemnizacion-laboral-de-washington\\\/\"},\"author\":{\"name\":\"Peter Abbarno\",\"@id\":\"https:\\\/\\\/centralialaw.com\\\/es\\\/#\\\/schema\\\/person\\\/df75a746547e7cef043297aef1bbba38\"},\"headline\":\"Cambios en la indemnizaci\u00f3n laboral de Washington\",\"datePublished\":\"2025-08-22T19:41:24+00:00\",\"dateModified\":\"2025-08-22T19:44:28+00:00\",\"mainEntityOfPage\":{\"@id\":\"https:\\\/\\\/centralialaw.com\\\/es\\\/cambios-en-la-indemnizacion-laboral-de-washington\\\/\"},\"wordCount\":672,\"publisher\":{\"@id\":\"https:\\\/\\\/centralialaw.com\\\/es\\\/#organization\"},\"image\":{\"@id\":\"https:\\\/\\\/centralialaw.com\\\/es\\\/cambios-en-la-indemnizacion-laboral-de-washington\\\/#primaryimage\"},\"thumbnailUrl\":\"https:\\\/\\\/centralialaw.com\\\/wp-content\\\/uploads\\\/2025\\\/06\\\/ARA2025-50-scaled.jpg\",\"keywords\":[\"Abogado\",\"Abogado\",\"Centralia\",\"Chehalis\",\"Indemnizaci\u00f3n por accidente laboral\",\"Olimpia\"],\"articleSection\":[\"Indemnizaci\u00f3n por accidente laboral\"],\"inLanguage\":\"es\"},{\"@type\":\"WebPage\",\"@id\":\"https:\\\/\\\/centralialaw.com\\\/es\\\/cambios-en-la-indemnizacion-laboral-de-washington\\\/\",\"url\":\"https:\\\/\\\/centralialaw.com\\\/es\\\/cambios-en-la-indemnizacion-laboral-de-washington\\\/\",\"name\":\"Cambios en la indemnizaci\u00f3n laboral de Washington - Ley Centralia\",\"isPartOf\":{\"@id\":\"https:\\\/\\\/centralialaw.com\\\/es\\\/#website\"},\"primaryImageOfPage\":{\"@id\":\"https:\\\/\\\/centralialaw.com\\\/es\\\/cambios-en-la-indemnizacion-laboral-de-washington\\\/#primaryimage\"},\"image\":{\"@id\":\"https:\\\/\\\/centralialaw.com\\\/es\\\/cambios-en-la-indemnizacion-laboral-de-washington\\\/#primaryimage\"},\"thumbnailUrl\":\"https:\\\/\\\/centralialaw.com\\\/wp-content\\\/uploads\\\/2025\\\/06\\\/ARA2025-50-scaled.jpg\",\"datePublished\":\"2025-08-22T19:41:24+00:00\",\"dateModified\":\"2025-08-22T19:44:28+00:00\",\"description\":\"No te enfrentes solo al Departamento de Trabajo e Industrias: Athauser Rayan Abbarno est\u00e1 aqu\u00ed para guiarte en cada paso del proceso de Indemnizaci\u00f3n Laboral.\",\"breadcrumb\":{\"@id\":\"https:\\\/\\\/centralialaw.com\\\/es\\\/cambios-en-la-indemnizacion-laboral-de-washington\\\/#breadcrumb\"},\"inLanguage\":\"es\",\"potentialAction\":[{\"@type\":\"ReadAction\",\"target\":[\"https:\\\/\\\/centralialaw.com\\\/es\\\/cambios-en-la-indemnizacion-laboral-de-washington\\\/\"]}]},{\"@type\":\"ImageObject\",\"inLanguage\":\"es\",\"@id\":\"https:\\\/\\\/centralialaw.com\\\/es\\\/cambios-en-la-indemnizacion-laboral-de-washington\\\/#primaryimage\",\"url\":\"https:\\\/\\\/centralialaw.com\\\/wp-content\\\/uploads\\\/2025\\\/06\\\/ARA2025-50-scaled.jpg\",\"contentUrl\":\"https:\\\/\\\/centralialaw.com\\\/wp-content\\\/uploads\\\/2025\\\/06\\\/ARA2025-50-scaled.jpg\",\"width\":1707,\"height\":2560},{\"@type\":\"BreadcrumbList\",\"@id\":\"https:\\\/\\\/centralialaw.com\\\/es\\\/cambios-en-la-indemnizacion-laboral-de-washington\\\/#breadcrumb\",\"itemListElement\":[{\"@type\":\"ListItem\",\"position\":1,\"name\":\"Inicio\",\"item\":\"https:\\\/\\\/centralialaw.com\\\/es\\\/\"},{\"@type\":\"ListItem\",\"position\":2,\"name\":\"Cambios en la indemnizaci\u00f3n laboral de Washington\"}]},{\"@type\":\"WebSite\",\"@id\":\"https:\\\/\\\/centralialaw.com\\\/es\\\/#website\",\"url\":\"https:\\\/\\\/centralialaw.com\\\/es\\\/\",\"name\":\"Centralia Law\",\"description\":\"Al servicio del estado de Washington desde hace m\u00e1s de 75 a\u00f1os - Althauser Rayan Abbarno \",\"publisher\":{\"@id\":\"https:\\\/\\\/centralialaw.com\\\/es\\\/#organization\"},\"potentialAction\":[{\"@type\":\"SearchAction\",\"target\":{\"@type\":\"EntryPoint\",\"urlTemplate\":\"https:\\\/\\\/centralialaw.com\\\/es\\\/?s={search_term_string}\"},\"query-input\":{\"@type\":\"PropertyValueSpecification\",\"valueRequired\":true,\"valueName\":\"search_term_string\"}}],\"inLanguage\":\"es\"},{\"@type\":\"Organization\",\"@id\":\"https:\\\/\\\/centralialaw.com\\\/es\\\/#organization\",\"name\":\"Ley Centralia\",\"url\":\"https:\\\/\\\/centralialaw.com\\\/es\\\/\",\"logo\":{\"@type\":\"ImageObject\",\"inLanguage\":\"es\",\"@id\":\"https:\\\/\\\/centralialaw.com\\\/es\\\/#\\\/schema\\\/logo\\\/image\\\/\",\"url\":\"https:\\\/\\\/centralialaw.com\\\/wp-content\\\/uploads\\\/2022\\\/05\\\/ARA-Logo.png\",\"contentUrl\":\"https:\\\/\\\/centralialaw.com\\\/wp-content\\\/uploads\\\/2022\\\/05\\\/ARA-Logo.png\",\"width\":1153,\"height\":364,\"caption\":\"Ley Centralia\"},\"image\":{\"@id\":\"https:\\\/\\\/centralialaw.com\\\/es\\\/#\\\/schema\\\/logo\\\/image\\\/\"},\"sameAs\":[\"https:\\\/\\\/www.facebook.com\\\/AlthauserRayanAbbarno\\\/\",\"https:\\\/\\\/x.com\\\/PeterAbbarno\"]},{\"@type\":\"Person\",\"@id\":\"https:\\\/\\\/centralialaw.com\\\/es\\\/#\\\/schema\\\/person\\\/df75a746547e7cef043297aef1bbba38\",\"name\":\"Peter Abbarno\",\"image\":{\"@type\":\"ImageObject\",\"inLanguage\":\"es\",\"@id\":\"https:\\\/\\\/secure.gravatar.com\\\/avatar\\\/4abfe3b7079121d1f28bfcee302a24a00532f113ebafa311593e0ebac2982d3b?s=96&d=mm&r=g\",\"url\":\"https:\\\/\\\/secure.gravatar.com\\\/avatar\\\/4abfe3b7079121d1f28bfcee302a24a00532f113ebafa311593e0ebac2982d3b?s=96&d=mm&r=g\",\"contentUrl\":\"https:\\\/\\\/secure.gravatar.com\\\/avatar\\\/4abfe3b7079121d1f28bfcee302a24a00532f113ebafa311593e0ebac2982d3b?s=96&d=mm&r=g\",\"caption\":\"Peter Abbarno\"},\"url\":\"https:\\\/\\\/centralialaw.com\\\/es\\\/author\\\/peter-abbarno\\\/\"}]}<\/script>\n<!-- \/ Yoast SEO plugin. -->","yoast_head_json":{"title":"Cambios en la indemnizaci\u00f3n laboral de Washington - Ley Centralia","description":"No te enfrentes solo al Departamento de Trabajo e Industrias: Athauser Rayan Abbarno est\u00e1 aqu\u00ed para guiarte en cada paso del proceso de Indemnizaci\u00f3n Laboral.","robots":{"index":"index","follow":"follow","max-snippet":"max-snippet:-1","max-image-preview":"max-image-preview:large","max-video-preview":"max-video-preview:-1"},"canonical":"https:\/\/centralialaw.com\/es\/cambios-en-la-indemnizacion-laboral-de-washington\/","og_locale":"es_ES","og_type":"article","og_title":"Cambios en la indemnizaci\u00f3n laboral de Washington - Ley Centralia","og_description":"No te enfrentes solo al Departamento de Trabajo e Industrias: Athauser Rayan Abbarno est\u00e1 aqu\u00ed para guiarte en cada paso del proceso de Indemnizaci\u00f3n Laboral.","og_url":"https:\/\/centralialaw.com\/es\/cambios-en-la-indemnizacion-laboral-de-washington\/","og_site_name":"Ley Centralia","article_publisher":"https:\/\/www.facebook.com\/AlthauserRayanAbbarno\/","article_published_time":"2025-08-22T19:41:24+00:00","article_modified_time":"2025-08-22T19:44:28+00:00","og_image":[{"width":1707,"height":2560,"url":"https:\/\/centralialaw.com\/wp-content\/uploads\/2025\/06\/ARA2025-50-scaled.jpg","type":"image\/jpeg"}],"author":"Peter Abbarno","twitter_card":"summary_large_image","twitter_creator":"@PeterAbbarno","twitter_site":"@PeterAbbarno","twitter_misc":{"Written by":"Peter Abbarno","Est. reading time":"3 minutos"},"schema":{"@context":"https:\/\/schema.org","@graph":[{"@type":"Article","@id":"https:\/\/centralialaw.com\/es\/cambios-en-la-indemnizacion-laboral-de-washington\/#article","isPartOf":{"@id":"https:\/\/centralialaw.com\/es\/cambios-en-la-indemnizacion-laboral-de-washington\/"},"author":{"name":"Peter Abbarno","@id":"https:\/\/centralialaw.com\/es\/#\/schema\/person\/df75a746547e7cef043297aef1bbba38"},"headline":"Cambios en la indemnizaci\u00f3n laboral de Washington","datePublished":"2025-08-22T19:41:24+00:00","dateModified":"2025-08-22T19:44:28+00:00","mainEntityOfPage":{"@id":"https:\/\/centralialaw.com\/es\/cambios-en-la-indemnizacion-laboral-de-washington\/"},"wordCount":672,"publisher":{"@id":"https:\/\/centralialaw.com\/es\/#organization"},"image":{"@id":"https:\/\/centralialaw.com\/es\/cambios-en-la-indemnizacion-laboral-de-washington\/#primaryimage"},"thumbnailUrl":"https:\/\/centralialaw.com\/wp-content\/uploads\/2025\/06\/ARA2025-50-scaled.jpg","keywords":["Abogado","Abogado","Centralia","Chehalis","Indemnizaci\u00f3n por accidente laboral","Olimpia"],"articleSection":["Indemnizaci\u00f3n por accidente laboral"],"inLanguage":"es"},{"@type":"WebPage","@id":"https:\/\/centralialaw.com\/es\/cambios-en-la-indemnizacion-laboral-de-washington\/","url":"https:\/\/centralialaw.com\/es\/cambios-en-la-indemnizacion-laboral-de-washington\/","name":"Cambios en la indemnizaci\u00f3n laboral de Washington - Ley Centralia","isPartOf":{"@id":"https:\/\/centralialaw.com\/es\/#website"},"primaryImageOfPage":{"@id":"https:\/\/centralialaw.com\/es\/cambios-en-la-indemnizacion-laboral-de-washington\/#primaryimage"},"image":{"@id":"https:\/\/centralialaw.com\/es\/cambios-en-la-indemnizacion-laboral-de-washington\/#primaryimage"},"thumbnailUrl":"https:\/\/centralialaw.com\/wp-content\/uploads\/2025\/06\/ARA2025-50-scaled.jpg","datePublished":"2025-08-22T19:41:24+00:00","dateModified":"2025-08-22T19:44:28+00:00","description":"No te enfrentes solo al Departamento de Trabajo e Industrias: Athauser Rayan Abbarno est\u00e1 aqu\u00ed para guiarte en cada paso del proceso de Indemnizaci\u00f3n Laboral.","breadcrumb":{"@id":"https:\/\/centralialaw.com\/es\/cambios-en-la-indemnizacion-laboral-de-washington\/#breadcrumb"},"inLanguage":"es","potentialAction":[{"@type":"ReadAction","target":["https:\/\/centralialaw.com\/es\/cambios-en-la-indemnizacion-laboral-de-washington\/"]}]},{"@type":"ImageObject","inLanguage":"es","@id":"https:\/\/centralialaw.com\/es\/cambios-en-la-indemnizacion-laboral-de-washington\/#primaryimage","url":"https:\/\/centralialaw.com\/wp-content\/uploads\/2025\/06\/ARA2025-50-scaled.jpg","contentUrl":"https:\/\/centralialaw.com\/wp-content\/uploads\/2025\/06\/ARA2025-50-scaled.jpg","width":1707,"height":2560},{"@type":"BreadcrumbList","@id":"https:\/\/centralialaw.com\/es\/cambios-en-la-indemnizacion-laboral-de-washington\/#breadcrumb","itemListElement":[{"@type":"ListItem","position":1,"name":"Inicio","item":"https:\/\/centralialaw.com\/es\/"},{"@type":"ListItem","position":2,"name":"Cambios en la indemnizaci\u00f3n laboral de Washington"}]},{"@type":"WebSite","@id":"https:\/\/centralialaw.com\/es\/#website","url":"https:\/\/centralialaw.com\/es\/","name":"Centralia Law","description":"Al servicio del estado de Washington desde hace m\u00e1s de 75 a\u00f1os - Althauser Rayan Abbarno ","publisher":{"@id":"https:\/\/centralialaw.com\/es\/#organization"},"potentialAction":[{"@type":"SearchAction","target":{"@type":"EntryPoint","urlTemplate":"https:\/\/centralialaw.com\/es\/?s={search_term_string}"},"query-input":{"@type":"PropertyValueSpecification","valueRequired":true,"valueName":"search_term_string"}}],"inLanguage":"es"},{"@type":"Organization","@id":"https:\/\/centralialaw.com\/es\/#organization","name":"Ley Centralia","url":"https:\/\/centralialaw.com\/es\/","logo":{"@type":"ImageObject","inLanguage":"es","@id":"https:\/\/centralialaw.com\/es\/#\/schema\/logo\/image\/","url":"https:\/\/centralialaw.com\/wp-content\/uploads\/2022\/05\/ARA-Logo.png","contentUrl":"https:\/\/centralialaw.com\/wp-content\/uploads\/2022\/05\/ARA-Logo.png","width":1153,"height":364,"caption":"Ley Centralia"},"image":{"@id":"https:\/\/centralialaw.com\/es\/#\/schema\/logo\/image\/"},"sameAs":["https:\/\/www.facebook.com\/AlthauserRayanAbbarno\/","https:\/\/x.com\/PeterAbbarno"]},{"@type":"Person","@id":"https:\/\/centralialaw.com\/es\/#\/schema\/person\/df75a746547e7cef043297aef1bbba38","name":"Peter Abbarno","image":{"@type":"ImageObject","inLanguage":"es","@id":"https:\/\/secure.gravatar.com\/avatar\/4abfe3b7079121d1f28bfcee302a24a00532f113ebafa311593e0ebac2982d3b?s=96&d=mm&r=g","url":"https:\/\/secure.gravatar.com\/avatar\/4abfe3b7079121d1f28bfcee302a24a00532f113ebafa311593e0ebac2982d3b?s=96&d=mm&r=g","contentUrl":"https:\/\/secure.gravatar.com\/avatar\/4abfe3b7079121d1f28bfcee302a24a00532f113ebafa311593e0ebac2982d3b?s=96&d=mm&r=g","caption":"Peter Abbarno"},"url":"https:\/\/centralialaw.com\/es\/author\/peter-abbarno\/"}]}},"_links":{"self":[{"href":"https:\/\/centralialaw.com\/es\/wp-json\/wp\/v2\/posts\/18144","targetHints":{"allow":["GET"]}}],"collection":[{"href":"https:\/\/centralialaw.com\/es\/wp-json\/wp\/v2\/posts"}],"about":[{"href":"https:\/\/centralialaw.com\/es\/wp-json\/wp\/v2\/types\/post"}],"author":[{"embeddable":true,"href":"https:\/\/centralialaw.com\/es\/wp-json\/wp\/v2\/users\/2"}],"replies":[{"embeddable":true,"href":"https:\/\/centralialaw.com\/es\/wp-json\/wp\/v2\/comments?post=18144"}],"version-history":[{"count":0,"href":"https:\/\/centralialaw.com\/es\/wp-json\/wp\/v2\/posts\/18144\/revisions"}],"wp:featuredmedia":[{"embeddable":true,"href":"https:\/\/centralialaw.com\/es\/wp-json\/wp\/v2\/media\/17957"}],"wp:attachment":[{"href":"https:\/\/centralialaw.com\/es\/wp-json\/wp\/v2\/media?parent=18144"}],"wp:term":[{"taxonomy":"category","embeddable":true,"href":"https:\/\/centralialaw.com\/es\/wp-json\/wp\/v2\/categories?post=18144"},{"taxonomy":"post_tag","embeddable":true,"href":"https:\/\/centralialaw.com\/es\/wp-json\/wp\/v2\/tags?post=18144"}],"curies":[{"name":"wp","href":"https:\/\/api.w.org\/{rel}","templated":true}]}}